{"id":28310,"date":"2025-08-01T09:21:11","date_gmt":"2025-08-01T12:21:11","guid":{"rendered":"https:\/\/imais.online\/portal\/?p=28310"},"modified":"2025-08-01T09:21:31","modified_gmt":"2025-08-01T12:21:31","slug":"28310-2","status":"publish","type":"post","link":"https:\/\/imais.online\/portal\/28310-2\/","title":{"rendered":"Com sarampo de volta ao Brasil, pediatra alerta para urg\u00eancia da \u201cdose zero\u201d"},"content":{"rendered":"<div class=\"imais-before-content-placement\" id=\"imais-2222671746\"><script async src=\"\/\/pagead2.googlesyndication.com\/pagead\/js\/adsbygoogle.js?client=ca-pub-8787528412751566\" crossorigin=\"anonymous\"><\/script><ins class=\"adsbygoogle\" style=\"display:block;\" data-ad-client=\"ca-pub-8787528412751566\" \ndata-ad-slot=\"\" \ndata-ad-format=\"auto\"><\/ins>\n<script> \n(adsbygoogle = window.adsbygoogle || []).push({}); \n<\/script>\n<\/div>\n<p class=\"has-text-align-center\"><em>Na RMC, 19 cidades fazem parte da recomenda\u00e7\u00e3o do Minist\u00e9rio da Sa\u00fade para a aplica\u00e7\u00e3o da \u201cdose zero\u201d da vacina contra o sarampo em beb\u00eas. A professora de medicina da UniMAX Indaiatuba orienta sobre os riscos da doen\u00e7a e a import\u00e2ncia da imuniza\u00e7\u00e3o precoce<\/em><\/p>\n\n\n\n<p>Diante do reaparecimento do sarampo no Brasil, com casos confirmados em cinco estados, incluindo dois registrados nesta semana no Tocantins, o Minist\u00e9rio da Sa\u00fade voltou a recomendar a aplica\u00e7\u00e3o da chamada \u201cdose zero\u201d da vacina em beb\u00eas de seis meses a menores de um ano. A preocupa\u00e7\u00e3o ocorre devido \u00e0 intensa circula\u00e7\u00e3o de pessoas e hist\u00f3rico recente de surtos. Campinas e outras 18 cidades da RMC est\u00e3o entre as regi\u00f5es priorit\u00e1rias, devido \u00e0 intensa circula\u00e7\u00e3o de pessoas e hist\u00f3rico recente de surtos.<\/p>\n\n\n\n<p>A m\u00e9dica pediatra e professora do curso de Medicina do Centro Universit\u00e1rio Max Planck (UniMAX Indaiatuba), Dra. L\u00edvia Franco, refor\u00e7a que a medida \u00e9 preventiva e urgente: \u201cO sarampo \u00e9 uma das doen\u00e7as infecciosas mais contagiosas do mundo. E os beb\u00eas nessa faixa et\u00e1ria s\u00e3o justamente os mais vulner\u00e1veis a complica\u00e7\u00f5es graves. A dose zero \u00e9 uma estrat\u00e9gia emergencial capaz de salvar vidas.\u201d<\/p>\n\n\n\n<figure class=\"wp-block-image size-large is-resized\"><img loading=\"lazy\" decoding=\"async\" width=\"682\" height=\"1024\" src=\"https:\/\/imais.online\/portal\/wp-content\/uploads\/2025\/08\/Dra-Livia-Franco-Creditos-Arquivo-Pessoal-682x1024.jpg\" alt=\"\" class=\"wp-image-28311\" style=\"aspect-ratio:0.666015625;width:740px;height:auto\" srcset=\"https:\/\/imais.online\/portal\/wp-content\/uploads\/2025\/08\/Dra-Livia-Franco-Creditos-Arquivo-Pessoal-682x1024.jpg 682w, https:\/\/imais.online\/portal\/wp-content\/uploads\/2025\/08\/Dra-Livia-Franco-Creditos-Arquivo-Pessoal-200x300.jpg 200w, https:\/\/imais.online\/portal\/wp-content\/uploads\/2025\/08\/Dra-Livia-Franco-Creditos-Arquivo-Pessoal-768x1153.jpg 768w, https:\/\/imais.online\/portal\/wp-content\/uploads\/2025\/08\/Dra-Livia-Franco-Creditos-Arquivo-Pessoal-1023x1536.jpg 1023w, https:\/\/imais.online\/portal\/wp-content\/uploads\/2025\/08\/Dra-Livia-Franco-Creditos-Arquivo-Pessoal.jpg 1066w\" sizes=\"auto, (max-width: 682px) 100vw, 682px\" \/><figcaption class=\"wp-element-caption\">Dra. L\u00edvia Franco. Foto: arquivo pessoal<\/figcaption><\/figure>\n\n\n\n<p>De acordo com nota t\u00e9cnica publicada em 26 de maio, o Minist\u00e9rio da Sa\u00fade alerta para o avan\u00e7o do sarampo nas Am\u00e9ricas: at\u00e9 19 de abril, foram confirmados 2.325 casos da doen\u00e7a na regi\u00e3o, incluindo quatro mortes &#8211; um aumento de mais de 1.000% em rela\u00e7\u00e3o ao mesmo per\u00edodo de 2024, quando haviam sido registrados 205 casos. Na regi\u00e3o de Campinas a nota contempla: Americana, Artur Nogueira, <strong>Campinas<\/strong>, Cosm\u00f3polis, Holambra, Hortol\u00e2ndia, <strong>Indaiatuba<\/strong>, Itatiba, <strong>Jaguari\u00fana<\/strong>, Monte Mor, Morungaba, Nova Odessa, Paul\u00ednia, Pedreira, Santa B\u00e1rbara d&#8217;Oeste, Santo Ant\u00f4nio de Posse, Sumar\u00e9, Valinhos e Vinhedo.<\/p>\n\n\n\n<p>No Brasil, at\u00e9 24 de maio, foram notificados 690 casos suspeitos. Desses, cinco j\u00e1 foram confirmados e 94 seguem em investiga\u00e7\u00e3o. Em todo o ano passado, o pa\u00eds somou 2.260 notifica\u00e7\u00f5es, com o mesmo n\u00famero de confirma\u00e7\u00f5es. N\u00e3o h\u00e1 registro de \u00f3bitos no pa\u00eds, segundo o minist\u00e9rio.<\/p>\n\n\n\n<p><br><strong>O que \u00e9 a \u201cdose zero\u201d?<\/strong><\/p>\n\n\n\n<p>A dose zero \u00e9 uma imuniza\u00e7\u00e3o adicional, que n\u00e3o substitui as vacinas de rotina aplicadas aos 12 e 15 meses. Ela est\u00e1 indicada para crian\u00e7as de 6 meses at\u00e9 11 meses e 29 dias como forma de prote\u00e7\u00e3o precoce em regi\u00f5es de risco elevado.<\/p>\n\n\n\n<p>A recomenda\u00e7\u00e3o leva em conta casos confirmados, baixa cobertura vacinal e potencial de entrada do v\u00edrus por aeroportos, fronteiras ou \u00e1reas com grande fluxo populacional. A Regi\u00e3o Metropolitana de Campinas, por reunir todos esses fatores, est\u00e1 entre as regi\u00f5es que devem aplicar a dose zero com prioridade.<\/p>\n\n\n\n<p>\u201cA prote\u00e7\u00e3o da crian\u00e7a come\u00e7a antes do primeiro ano. \u00c9 papel dos profissionais da sa\u00fade, dos pais e da comunidade garantir que a vacina chegue a quem mais precisa\u201d, afirma Dra. L\u00edvia.<\/p>\n\n\n\n<p><br><strong>Risco real e preven\u00e7\u00e3o poss\u00edvel<\/strong><\/p>\n\n\n\n<p>O sarampo \u00e9 uma doen\u00e7a de alta transmissibilidade e pode levar a complica\u00e7\u00f5es s\u00e9rias, como pneumonia, encefalite e at\u00e9 \u00f3bito. A \u00fanica forma de preven\u00e7\u00e3o \u00e9 a vacina\u00e7\u00e3o, que deve ser mantida com altas coberturas em todas as faixas et\u00e1rias.<\/p>\n\n\n\n<p>Dados do Minist\u00e9rio da Sa\u00fade apontam que, apesar de avan\u00e7os, o Brasil ainda n\u00e3o atingiu as metas ideais: em 2024, a cobertura da segunda dose foi de apenas 79,8%, quando o recomendado \u00e9 acima de 95% para a chamada \u201cimunidade de rebanho\u201d.<\/p>\n\n\n\n<p>Al\u00e9m dos beb\u00eas, adultos jovens e profissionais da sa\u00fade tamb\u00e9m devem estar com o esquema vacinal completo. Pessoas de at\u00e9 29 anos precisam de duas doses; de 30 a 59 anos, uma dose \u00e9 suficiente.<\/p>\n\n\n\n<p><br><\/p>\n","protected":false},"excerpt":{"rendered":"<p>Na RMC, 19 cidades fazem parte da recomenda\u00e7\u00e3o do Minist\u00e9rio da Sa\u00fade para a aplica\u00e7\u00e3o da \u201cdose zero\u201d da vacina contra o sarampo em beb\u00eas. A professora de medicina da UniMAX Indaiatuba orienta sobre os riscos da doen\u00e7a e a import\u00e2ncia da imuniza\u00e7\u00e3o precoce Diante do reaparecimento do sarampo no Brasil, com casos confirmados em [&hellip;]<\/p>\n","protected":false},"author":7,"featured_media":28312,"comment_status":"closed","ping_status":"open","sticky":false,"template":"","format":"standard","meta":{"rop_custom_images_group":[],"rop_custom_messages_group":[],"rop_publish_now":"initial","rop_publish_now_accounts":[],"rop_publish_now_history":[],"rop_publish_now_status":"pending","footnotes":""},"categories":[194],"tags":[],"class_list":["post-28310","post","type-post","status-publish","format-standard","has-post-thumbnail","hentry","category-regia"],"amp_enabled":true,"_links":{"self":[{"href":"https:\/\/imais.online\/portal\/wp-json\/wp\/v2\/posts\/28310","targetHints":{"allow":["GET"]}}],"collection":[{"href":"https:\/\/imais.online\/portal\/wp-json\/wp\/v2\/posts"}],"about":[{"href":"https:\/\/imais.online\/portal\/wp-json\/wp\/v2\/types\/post"}],"author":[{"embeddable":true,"href":"https:\/\/imais.online\/portal\/wp-json\/wp\/v2\/users\/7"}],"replies":[{"embeddable":true,"href":"https:\/\/imais.online\/portal\/wp-json\/wp\/v2\/comments?post=28310"}],"version-history":[{"count":2,"href":"https:\/\/imais.online\/portal\/wp-json\/wp\/v2\/posts\/28310\/revisions"}],"predecessor-version":[{"id":28314,"href":"https:\/\/imais.online\/portal\/wp-json\/wp\/v2\/posts\/28310\/revisions\/28314"}],"wp:featuredmedia":[{"embeddable":true,"href":"https:\/\/imais.online\/portal\/wp-json\/wp\/v2\/media\/28312"}],"wp:attachment":[{"href":"https:\/\/imais.online\/portal\/wp-json\/wp\/v2\/media?parent=28310"}],"wp:term":[{"taxonomy":"category","embeddable":true,"href":"https:\/\/imais.online\/portal\/wp-json\/wp\/v2\/categories?post=28310"},{"taxonomy":"post_tag","embeddable":true,"href":"https:\/\/imais.online\/portal\/wp-json\/wp\/v2\/tags?post=28310"}],"curies":[{"name":"wp","href":"https:\/\/api.w.org\/{rel}","templated":true}]}}