{"id":28322,"date":"2025-08-02T16:52:16","date_gmt":"2025-08-02T19:52:16","guid":{"rendered":"https:\/\/imais.online\/portal\/?p=28322"},"modified":"2025-08-02T16:52:17","modified_gmt":"2025-08-02T19:52:17","slug":"europa-vai-trocar-carimbo-no-passaporte-por-sistema-eletronico","status":"publish","type":"post","link":"https:\/\/imais.online\/portal\/europa-vai-trocar-carimbo-no-passaporte-por-sistema-eletronico\/","title":{"rendered":"Europa vai trocar carimbo no passaporte por sistema eletr\u00f4nico"},"content":{"rendered":"<div class=\"imais-before-content-placement\" id=\"imais-4090042384\"><script async src=\"\/\/pagead2.googlesyndication.com\/pagead\/js\/adsbygoogle.js?client=ca-pub-8787528412751566\" crossorigin=\"anonymous\"><\/script><ins class=\"adsbygoogle\" style=\"display:block;\" data-ad-client=\"ca-pub-8787528412751566\" \ndata-ad-slot=\"\" \ndata-ad-format=\"auto\"><\/ins>\n<script> \n(adsbygoogle = window.adsbygoogle || []).push({}); \n<\/script>\n<\/div>\n<h2 class=\"wp-block-heading\">Para entrar no pa\u00eds ser\u00e1 necess\u00e1rio dados biom\u00e9tricos, com reconhecimento facial e impress\u00f5es digitais<\/h2>\n\n\n\n<p>A partir de 12 de outubro,&nbsp;<strong>turistas<\/strong>&nbsp;que entrarem em&nbsp;<a href=\"https:\/\/www.r7.com\/tudo-sobre\/portugal\/\"><strong>Portugal<\/strong><\/a>,&nbsp;<a href=\"https:\/\/www.r7.com\/tudo-sobre\/espanha\/\"><strong>Espanha<\/strong><\/a>,&nbsp;<a href=\"https:\/\/noticias.r7.com\/record-news\/hora-news\/video\/franca-realiza-reuniao-de-emergencia-sobre-oriente-medio-e-afirma-nao-estar-envolvida-nos-ataques-22062025\/\"><strong>Fran\u00e7a<\/strong><\/a>,&nbsp;<a href=\"https:\/\/www.r7.com\/tudo-sobre\/italia\/\"><strong>It\u00e1lia<\/strong><\/a>&nbsp;ou outros 25 pa\u00edses na Europa podem n\u00e3o ter mais seus passaportes carimbados.<\/p>\n\n\n\n<p>Parte do continente vai substituir o tradicional selo por um sistema eletr\u00f4nico. O objetivo, segundo a\u00a0<a href=\"https:\/\/www.r7.com\/tudo-sobre\/uniao-europeia\/\"><strong>Uni\u00e3o Europeia<\/strong><\/a>, \u00e9 agilizar o controle de fronteiras e aumentar a seguran\u00e7a.<\/p>\n\n\n\n<p>O registro de entrada no pa\u00eds ser\u00e1 feito por meio de&nbsp;<strong>dados biom\u00e9tricos, com reconhecimento facial e impress\u00f5es digitais<\/strong>. Sem acarretar custos extras ao viajante, a mudan\u00e7a ser\u00e1 gradual e est\u00e1 prevista para ser conclu\u00edda at\u00e9 abril de 2026.<\/p>\n\n\n\n<h3 class=\"wp-block-heading\">Pa\u00edses europeus que v\u00e3o trocar carimbo por sistema eletr\u00f4nico:<\/h3>\n\n\n\n<ul class=\"wp-block-list\">\n<li>\u00c1ustria<\/li>\n\n\n\n<li>B\u00e9lgica<\/li>\n\n\n\n<li>Bulg\u00e1ria<\/li>\n\n\n\n<li>Cro\u00e1cia<\/li>\n\n\n\n<li>Rep\u00fablica Tcheca<\/li>\n\n\n\n<li>Dinamarca<\/li>\n\n\n\n<li>Est\u00f4nia<\/li>\n\n\n\n<li>Finl\u00e2ndia<\/li>\n\n\n\n<li>Fran\u00e7a<\/li>\n\n\n\n<li>Alemanha<\/li>\n\n\n\n<li>Gr\u00e9cia<\/li>\n\n\n\n<li>Hungria<\/li>\n\n\n\n<li>Isl\u00e2ndia<\/li>\n\n\n\n<li>It\u00e1lia<\/li>\n\n\n\n<li>Let\u00f4nia<\/li>\n\n\n\n<li>Liechtenstein<\/li>\n\n\n\n<li>Litu\u00e2nia<\/li>\n\n\n\n<li>Luxemburgo<\/li>\n\n\n\n<li>Malta<\/li>\n\n\n\n<li>Holanda<\/li>\n\n\n\n<li>Noruega<\/li>\n\n\n\n<li>Pol\u00f4nia<\/li>\n\n\n\n<li>Portugal<\/li>\n\n\n\n<li>Rom\u00eania<\/li>\n\n\n\n<li>Eslov\u00e1quia<\/li>\n\n\n\n<li>Eslov\u00eania<\/li>\n\n\n\n<li>Espanha<\/li>\n\n\n\n<li>Su\u00e9cia<\/li>\n\n\n\n<li>Su\u00ed\u00e7a<\/li>\n<\/ul>\n\n\n\n<p>Fonte R7<\/p>\n","protected":false},"excerpt":{"rendered":"<p>Para entrar no pa\u00eds ser\u00e1 necess\u00e1rio dados biom\u00e9tricos, com reconhecimento facial e impress\u00f5es digitais A partir de 12 de outubro,&nbsp;turistas&nbsp;que entrarem em&nbsp;Portugal,&nbsp;Espanha,&nbsp;Fran\u00e7a,&nbsp;It\u00e1lia&nbsp;ou outros 25 pa\u00edses na Europa podem n\u00e3o ter mais seus passaportes carimbados. Parte do continente vai substituir o tradicional selo por um sistema eletr\u00f4nico. O objetivo, segundo a\u00a0Uni\u00e3o Europeia, \u00e9 agilizar o controle [&hellip;]<\/p>\n","protected":false},"author":8,"featured_media":28323,"comment_status":"closed","ping_status":"open","sticky":false,"template":"","format":"standard","meta":{"rop_custom_images_group":[],"rop_custom_messages_group":[],"rop_publish_now":"initial","rop_publish_now_accounts":[],"rop_publish_now_history":[],"rop_publish_now_status":"pending","footnotes":""},"categories":[212],"tags":[],"class_list":["post-28322","post","type-post","status-publish","format-standard","has-post-thumbnail","hentry","category-internacional"],"amp_enabled":true,"_links":{"self":[{"href":"https:\/\/imais.online\/portal\/wp-json\/wp\/v2\/posts\/28322","targetHints":{"allow":["GET"]}}],"collection":[{"href":"https:\/\/imais.online\/portal\/wp-json\/wp\/v2\/posts"}],"about":[{"href":"https:\/\/imais.online\/portal\/wp-json\/wp\/v2\/types\/post"}],"author":[{"embeddable":true,"href":"https:\/\/imais.online\/portal\/wp-json\/wp\/v2\/users\/8"}],"replies":[{"embeddable":true,"href":"https:\/\/imais.online\/portal\/wp-json\/wp\/v2\/comments?post=28322"}],"version-history":[{"count":1,"href":"https:\/\/imais.online\/portal\/wp-json\/wp\/v2\/posts\/28322\/revisions"}],"predecessor-version":[{"id":28324,"href":"https:\/\/imais.online\/portal\/wp-json\/wp\/v2\/posts\/28322\/revisions\/28324"}],"wp:featuredmedia":[{"embeddable":true,"href":"https:\/\/imais.online\/portal\/wp-json\/wp\/v2\/media\/28323"}],"wp:attachment":[{"href":"https:\/\/imais.online\/portal\/wp-json\/wp\/v2\/media?parent=28322"}],"wp:term":[{"taxonomy":"category","embeddable":true,"href":"https:\/\/imais.online\/portal\/wp-json\/wp\/v2\/categories?post=28322"},{"taxonomy":"post_tag","embeddable":true,"href":"https:\/\/imais.online\/portal\/wp-json\/wp\/v2\/tags?post=28322"}],"curies":[{"name":"wp","href":"https:\/\/api.w.org\/{rel}","templated":true}]}}