{"id":28340,"date":"2025-08-04T15:09:07","date_gmt":"2025-08-04T18:09:07","guid":{"rendered":"https:\/\/imais.online\/portal\/?p=28340"},"modified":"2025-08-04T15:09:07","modified_gmt":"2025-08-04T18:09:07","slug":"indaiatuba-recebe-o-campeonato-paulista-de-luta-de-braco","status":"publish","type":"post","link":"https:\/\/imais.online\/portal\/indaiatuba-recebe-o-campeonato-paulista-de-luta-de-braco\/","title":{"rendered":"Indaiatuba recebe o Campeonato Paulista de Luta de Bra\u00e7o"},"content":{"rendered":"<div class=\"imais-before-content-placement\" id=\"imais-1547087178\"><script async src=\"\/\/pagead2.googlesyndication.com\/pagead\/js\/adsbygoogle.js?client=ca-pub-8787528412751566\" crossorigin=\"anonymous\"><\/script><ins class=\"adsbygoogle\" style=\"display:block;\" data-ad-client=\"ca-pub-8787528412751566\" \ndata-ad-slot=\"\" \ndata-ad-format=\"auto\"><\/ins>\n<script> \n(adsbygoogle = window.adsbygoogle || []).push({}); \n<\/script>\n<\/div>\n<p class=\"has-text-align-center\"><em>Nos dias 09 e 10 de agosto, 350 atletas de todo Estado estar\u00e3o na cidade<\/em><\/p>\n\n\n\n<p>Os apaixonados por esporte de for\u00e7a t\u00eam um compromisso marcado neste fim de semana em Indaiatuba. O Campeonato Paulista de Luta de Bra\u00e7o, reunir\u00e1 350 atletas de todo o estado nos dias 9 e 10 de agosto no Clube 9 de Julho. A competi\u00e7\u00e3o \u00e9 classificat\u00f3ria para o Campeonato Brasileiro Sele\u00e7\u00f5es.<\/p>\n\n\n\n<p>O evento, que tem entrada solid\u00e1ria, contar\u00e1 com a participa\u00e7\u00e3o de 54 atletas locais, prontos para representar a cidade e competir em diversas categorias, bra\u00e7o esquerdo e direito.<\/p>\n\n\n\n<p>A programa\u00e7\u00e3o inicia no s\u00e1bado (09\/8) com a pesagem de todos os competidores, que acontecer\u00e1 das 7h \u00e0s 10h. As disputas, que prometem ser emocionantes, come\u00e7am a partir das 11h. No domingo (10\/8), o campeonato recome\u00e7a a partir das 9h.<\/p>\n\n\n\n<p>A entrada para o p\u00fablico \u00e9 a doa\u00e7\u00e3o de 1kg de alimento n\u00e3o perec\u00edvel, que ser\u00e1 integralmente destinado para o projeto IPa da comunidade R\u00eamulo Zoppi. A iniciativa, al\u00e9m de promover o esporte, refor\u00e7a o compromisso social e a solidariedade.<\/p>\n\n\n\n<p>O campeonato \u00e9 realizado pela Confedera\u00e7\u00e3o Brasileira de Luta de Bra\u00e7o e Halterofilismo, e tem o apoio da Prefeitura Municipal de Indaiatuba. Um dos mais importantes da modalidade, este campeonato demonstra a for\u00e7a da luta de bra\u00e7o em Indaiatuba e a capacidade da cidade em sediar grandes eventos esportivos.<br><br><strong>Servi\u00e7o:<\/strong><br><br>Campeonato Paulista de Luta de Bra\u00e7o 2025<br><br><br>Data: 09\/08<\/p>\n\n\n\n<p>a partir das 7h (pesagem) &#8211; 11h (competei\u00e7\u00e3o)<br><br>10\/08 a partir das 9h (competi\u00e7\u00e3o)<br><br>Local: Clube 9 de julho &#8211;&nbsp;Av. Pres. Vargas, 2000 &#8211; Centro, Indaiatuba &#8211; SP<br><br>Entrada solid\u00e1ria: 1kg de alimento n\u00e3o perec\u00edvel&nbsp;<\/p>\n","protected":false},"excerpt":{"rendered":"<p>Nos dias 09 e 10 de agosto, 350 atletas de todo Estado estar\u00e3o na cidade Os apaixonados por esporte de for\u00e7a t\u00eam um compromisso marcado neste fim de semana em Indaiatuba. O Campeonato Paulista de Luta de Bra\u00e7o, reunir\u00e1 350 atletas de todo o estado nos dias 9 e 10 de agosto no Clube 9 [&hellip;]<\/p>\n","protected":false},"author":7,"featured_media":28341,"comment_status":"closed","ping_status":"open","sticky":false,"template":"","format":"standard","meta":{"rop_custom_images_group":[],"rop_custom_messages_group":[],"rop_publish_now":"initial","rop_publish_now_accounts":[],"rop_publish_now_history":[],"rop_publish_now_status":"pending","footnotes":""},"categories":[188],"tags":[73],"class_list":["post-28340","post","type-post","status-publish","format-standard","has-post-thumbnail","hentry","category-indaiatuba","tag-featured"],"amp_enabled":true,"_links":{"self":[{"href":"https:\/\/imais.online\/portal\/wp-json\/wp\/v2\/posts\/28340","targetHints":{"allow":["GET"]}}],"collection":[{"href":"https:\/\/imais.online\/portal\/wp-json\/wp\/v2\/posts"}],"about":[{"href":"https:\/\/imais.online\/portal\/wp-json\/wp\/v2\/types\/post"}],"author":[{"embeddable":true,"href":"https:\/\/imais.online\/portal\/wp-json\/wp\/v2\/users\/7"}],"replies":[{"embeddable":true,"href":"https:\/\/imais.online\/portal\/wp-json\/wp\/v2\/comments?post=28340"}],"version-history":[{"count":1,"href":"https:\/\/imais.online\/portal\/wp-json\/wp\/v2\/posts\/28340\/revisions"}],"predecessor-version":[{"id":28342,"href":"https:\/\/imais.online\/portal\/wp-json\/wp\/v2\/posts\/28340\/revisions\/28342"}],"wp:featuredmedia":[{"embeddable":true,"href":"https:\/\/imais.online\/portal\/wp-json\/wp\/v2\/media\/28341"}],"wp:attachment":[{"href":"https:\/\/imais.online\/portal\/wp-json\/wp\/v2\/media?parent=28340"}],"wp:term":[{"taxonomy":"category","embeddable":true,"href":"https:\/\/imais.online\/portal\/wp-json\/wp\/v2\/categories?post=28340"},{"taxonomy":"post_tag","embeddable":true,"href":"https:\/\/imais.online\/portal\/wp-json\/wp\/v2\/tags?post=28340"}],"curies":[{"name":"wp","href":"https:\/\/api.w.org\/{rel}","templated":true}]}}