{"id":28354,"date":"2025-08-05T15:18:50","date_gmt":"2025-08-05T18:18:50","guid":{"rendered":"https:\/\/imais.online\/portal\/?p=28354"},"modified":"2025-08-05T15:18:51","modified_gmt":"2025-08-05T18:18:51","slug":"dia-dos-pais-vendas-do-segmento-de-vestuario-e-calcadosdevem-crescer-58-na-regiao-de-campinas","status":"publish","type":"post","link":"https:\/\/imais.online\/portal\/dia-dos-pais-vendas-do-segmento-de-vestuario-e-calcadosdevem-crescer-58-na-regiao-de-campinas\/","title":{"rendered":"Dia dos Pais: vendas do segmento de vestu\u00e1rio e cal\u00e7adosdevem crescer 5,8% na regi\u00e3o de Campinas"},"content":{"rendered":"<div class=\"imais-before-content-placement\" id=\"imais-3198517316\"><script async src=\"\/\/pagead2.googlesyndication.com\/pagead\/js\/adsbygoogle.js?client=ca-pub-8787528412751566\" crossorigin=\"anonymous\"><\/script><ins class=\"adsbygoogle\" style=\"display:block;\" data-ad-client=\"ca-pub-8787528412751566\" \ndata-ad-slot=\"\" \ndata-ad-format=\"auto\"><\/ins>\n<script> \n(adsbygoogle = window.adsbygoogle || []).push({}); \n<\/script>\n<\/div>\n<p class=\"has-text-align-center\"><em>Entretanto, faturamento das tr\u00eas atividades mais impactadas pela data pode ficar bem pr\u00f3ximo da estabilidade em compara\u00e7\u00e3o com o ano passado, segundo proje\u00e7\u00f5es da FecomercioSP<\/em><\/p>\n\n\n\n<p>Os segmentos varejistas mais sens\u00edveis ao Dia dos Pais <strong>devem faturar R$ 2,36 bilh\u00f5es em agosto<\/strong> na regi\u00e3o de Campinas, praticamente est\u00e1vel (0,1%) em rela\u00e7\u00e3o ao mesmo per\u00edodo do ano passado, de acordo com as proje\u00e7\u00f5es da <strong>Federa\u00e7\u00e3o do Com\u00e9rcio de Bens, Servi\u00e7os e Turismo do Estado de S\u00e3o Paulo (FecomercioSP)<\/strong>. Se as estimativas forem confirmadas, ser\u00e3o apenas R$ 2,8 milh\u00f5es a mais em receitas em compara\u00e7\u00e3o com agosto de 2024.<\/p>\n\n\n\n<p>Usualmente, tr\u00eas atividades s\u00e3o mais impactadas pela data. A proje\u00e7\u00e3o \u00e9 que as lojas de vestu\u00e1rio, tecidos e cal\u00e7ados liderem a expans\u00e3o nas vendas, com alta real de 5,8%, seguidas pelas farm\u00e1cias e perfumarias, com um avan\u00e7o de 2,1% no faturamento em rela\u00e7\u00e3o a agosto do ano passado. Em compensa\u00e7\u00e3o, o segmento de eletrodom\u00e9sticos, eletr\u00f4nicos e lojas de departamentos deve sofrer queda superior a 10%. Por comercializar bens dur\u00e1veis, em que a compra normalmente \u00e9 dependente de cr\u00e9dito e do comprometimento da renda por v\u00e1rios meses, a atividade acaba sofrendo os efeitos dos juros elevados. No acumulado dos \u00faltimos 12 meses at\u00e9 maio, o faturamento caiu 11,4%.<\/p>\n\n\n\n<p>Na vis\u00e3o da FecomercioSP, por abrir o calend\u00e1rio de datas comemorativas do segundo semestre, o Dia dos Pais \u00e9 uma \u00f3tima oportunidade para que o <strong>com\u00e9rcio varejista possa avaliar e ajustar estrat\u00e9gias.<\/strong> De um lado, o varejo come\u00e7a a sentir os efeitos do ciclo de alta da taxa b\u00e1sica de juros desincentivando o consumo. De outro, segue sendo estimulado pelo mercado de trabalho aquecido. Nesse contexto, a data pode ser considerada um \u201cterm\u00f4metro\u201d de como ser\u00e3o as vendas no resto do ano. S\u00e3o informa\u00e7\u00f5es importantes para que o empres\u00e1rio possa planejar melhor as compras, os estoques e o quadro de colaboradores, entre outros pontos relevantes para a opera\u00e7\u00e3o.<\/p>\n\n\n\n<p><strong>Sobre a FecomercioSP<\/strong><\/p>\n\n\n\n<p>Re\u00fane l\u00edderes empresariais, especialistas e consultores para fomentar o desenvolvimento do empreendedorismo. Em conjunto com o governo, mobiliza-se pela desburocratiza\u00e7\u00e3o e pela moderniza\u00e7\u00e3o, desenvolve solu\u00e7\u00f5es, elabora pesquisas e disponibiliza conte\u00fado pr\u00e1tico sobre as quest\u00f5es que impactam a vida do empreendedor. Representa 1,8 milh\u00e3o de empres\u00e1rios, que respondem por quase 10% do Produto Interno Bruto (PIB) brasileiro e geram em torno de 10 milh\u00f5es de empregos.<\/p>\n","protected":false},"excerpt":{"rendered":"<p>Entretanto, faturamento das tr\u00eas atividades mais impactadas pela data pode ficar bem pr\u00f3ximo da estabilidade em compara\u00e7\u00e3o com o ano passado, segundo proje\u00e7\u00f5es da FecomercioSP Os segmentos varejistas mais sens\u00edveis ao Dia dos Pais devem faturar R$ 2,36 bilh\u00f5es em agosto na regi\u00e3o de Campinas, praticamente est\u00e1vel (0,1%) em rela\u00e7\u00e3o ao mesmo per\u00edodo do ano [&hellip;]<\/p>\n","protected":false},"author":7,"featured_media":28355,"comment_status":"closed","ping_status":"open","sticky":false,"template":"","format":"standard","meta":{"rop_custom_images_group":[],"rop_custom_messages_group":[],"rop_publish_now":"initial","rop_publish_now_accounts":[],"rop_publish_now_history":[],"rop_publish_now_status":"pending","footnotes":""},"categories":[194],"tags":[],"class_list":["post-28354","post","type-post","status-publish","format-standard","has-post-thumbnail","hentry","category-regia"],"amp_enabled":true,"_links":{"self":[{"href":"https:\/\/imais.online\/portal\/wp-json\/wp\/v2\/posts\/28354","targetHints":{"allow":["GET"]}}],"collection":[{"href":"https:\/\/imais.online\/portal\/wp-json\/wp\/v2\/posts"}],"about":[{"href":"https:\/\/imais.online\/portal\/wp-json\/wp\/v2\/types\/post"}],"author":[{"embeddable":true,"href":"https:\/\/imais.online\/portal\/wp-json\/wp\/v2\/users\/7"}],"replies":[{"embeddable":true,"href":"https:\/\/imais.online\/portal\/wp-json\/wp\/v2\/comments?post=28354"}],"version-history":[{"count":1,"href":"https:\/\/imais.online\/portal\/wp-json\/wp\/v2\/posts\/28354\/revisions"}],"predecessor-version":[{"id":28356,"href":"https:\/\/imais.online\/portal\/wp-json\/wp\/v2\/posts\/28354\/revisions\/28356"}],"wp:featuredmedia":[{"embeddable":true,"href":"https:\/\/imais.online\/portal\/wp-json\/wp\/v2\/media\/28355"}],"wp:attachment":[{"href":"https:\/\/imais.online\/portal\/wp-json\/wp\/v2\/media?parent=28354"}],"wp:term":[{"taxonomy":"category","embeddable":true,"href":"https:\/\/imais.online\/portal\/wp-json\/wp\/v2\/categories?post=28354"},{"taxonomy":"post_tag","embeddable":true,"href":"https:\/\/imais.online\/portal\/wp-json\/wp\/v2\/tags?post=28354"}],"curies":[{"name":"wp","href":"https:\/\/api.w.org\/{rel}","templated":true}]}}