{"id":28364,"date":"2025-08-05T15:43:44","date_gmt":"2025-08-05T18:43:44","guid":{"rendered":"https:\/\/imais.online\/portal\/?p=28364"},"modified":"2025-08-05T15:43:45","modified_gmt":"2025-08-05T18:43:45","slug":"cultura-apresenta-em-praca-do-jd-morada-do-sol-teatro-de-bonecos-e-oficina-gratuita-neste-sabado","status":"publish","type":"post","link":"https:\/\/imais.online\/portal\/cultura-apresenta-em-praca-do-jd-morada-do-sol-teatro-de-bonecos-e-oficina-gratuita-neste-sabado\/","title":{"rendered":"Cultura apresenta em Pra\u00e7a do Jd. Morada do Sol teatro de bonecos e oficina gratuita neste s\u00e1bado"},"content":{"rendered":"<div class=\"imais-before-content-placement\" id=\"imais-2465426469\"><script async src=\"\/\/pagead2.googlesyndication.com\/pagead\/js\/adsbygoogle.js?client=ca-pub-8787528412751566\" crossorigin=\"anonymous\"><\/script><ins class=\"adsbygoogle\" style=\"display:block;\" data-ad-client=\"ca-pub-8787528412751566\" \ndata-ad-slot=\"\" \ndata-ad-format=\"auto\"><\/ins>\n<script> \n(adsbygoogle = window.adsbygoogle || []).push({}); \n<\/script>\n<\/div>\n<p class=\"has-text-align-center\"><em>Dia 09 de agosto a partir das 15h tem teatro e oficina com muita divers\u00e3o<\/em><\/p>\n\n\n\n<p>A Prefeitura de Indaiatuba, por meio da Secretaria Municipal de Cultura, convida a popula\u00e7\u00e3o a participar de um evento cultural especial neste s\u00e1bado, 9 de agosto, a partir das 15h, na Pra\u00e7a Vagner Pszybylsk, no Jardim Morada do Sol. A Cia Vagamundo de Teatro de Bonecos apresentar\u00e1 o espet\u00e1culo &#8220;As Bravatas do Professor Tirid\u00e1 na Fazenda do Coronel de Javunda&#8221;, seguido de uma oficina gratuita de constru\u00e7\u00e3o de marac\u00e1. A entrada \u00e9 livre e a apresenta\u00e7\u00e3o contar\u00e1 com int\u00e9rprete de Libras.<\/p>\n\n\n\n<p>O espet\u00e1culo, livremente inspirado na obra de Mestre Ginu, traz a magia do Teatro de Bonecos Popular do Nordeste, o Mamulengo, que \u00e9 reconhecido como Patrim\u00f4nio Cultural do Brasil. A montagem, protagonizada pelos multiartistas Ant\u00f4nio Leit\u00e3o e Lu\u00edza Salla, promete uma &#8220;grande e divertida brincadeira entre n\u00f3s, os bonecos e o p\u00fablico&#8221;, como destaca Leit\u00e3o. O p\u00fablico poder\u00e1 interagir com dez bonecos tradicionais e apreciar a trilha sonora executada ao vivo pela Banda Vagamundo, que mistura ritmos brasileiros como bai\u00e3o, xote e forr\u00f3.<\/p>\n\n\n\n<p>Ap\u00f3s o espet\u00e1culo, a plateia \u00e9 convidada a participar de uma Oficina de Constru\u00e7\u00e3o de Marac\u00e1, um instrumento musical de percuss\u00e3o ind\u00edgena, utilizando materiais recicl\u00e1veis. A oficina \u00e9 uma oportunidade de imers\u00e3o no universo da cultura popular e n\u00e3o requer inscri\u00e7\u00e3o pr\u00e9via.<\/p>\n\n\n\n<p>O projeto &#8220;Entre madeiras e brincadeiras: um giro de folia e poesia&#8221; \u00e9 realizado por meio do Edital 16\/2024 do ProAC (Programa de A\u00e7\u00e3o Cultural) da Secretaria da Cultura, Economia e Ind\u00fastrias Criativas do Governo do Estado de S\u00e3o Paulo e conta com o apoio da Prefeitura Municipal de Indaiatuba.<\/p>\n\n\n\n<p>\u201cO projeto n\u00e3o se limita a divulgar a brincadeira com bonecos, mas prop\u00f5e uma forma potente e m\u00e1gica de intera\u00e7\u00e3o com esse universo. Levaremos ao p\u00fablico infantil e adulto a oportunidade de vivenciar a brincadeira com bonecos de forma ainda mais encantadora e imersiva\u201d, destaca Rafaele Paiva, produtora executiva do projeto.<\/p>\n\n\n\n<p><strong>SERVI\u00c7O:<\/strong><\/p>\n\n\n\n<p>Espet\u00e1culo &#8220;As Bravatas do Professor Tirid\u00e1&#8221; e Oficina de Constru\u00e7\u00e3o de Marac\u00e1<\/p>\n\n\n\n<p><strong>Data:<\/strong> S\u00e1bado, 9 de agosto, a partir das 15h<\/p>\n\n\n\n<p><strong>Local: <\/strong>Pra\u00e7a Vagner Pszybylsk &#8211; R. Martinho Lutero &#8211; Jardim Morada do Sol<\/p>\n\n\n\n<p><strong>Informa\u00e7\u00f5es:<\/strong> @vagamundoteatrodebonecos<\/p>\n\n\n\n<p><strong>Entrada gratuita e acess\u00edvel em Libras<\/strong><\/p>\n","protected":false},"excerpt":{"rendered":"<p>Dia 09 de agosto a partir das 15h tem teatro e oficina com muita divers\u00e3o A Prefeitura de Indaiatuba, por meio da Secretaria Municipal de Cultura, convida a popula\u00e7\u00e3o a participar de um evento cultural especial neste s\u00e1bado, 9 de agosto, a partir das 15h, na Pra\u00e7a Vagner Pszybylsk, no Jardim Morada do Sol. A [&hellip;]<\/p>\n","protected":false},"author":7,"featured_media":28365,"comment_status":"closed","ping_status":"open","sticky":false,"template":"","format":"standard","meta":{"rop_custom_images_group":[],"rop_custom_messages_group":[],"rop_publish_now":"initial","rop_publish_now_accounts":[],"rop_publish_now_history":[],"rop_publish_now_status":"pending","footnotes":""},"categories":[188],"tags":[],"class_list":["post-28364","post","type-post","status-publish","format-standard","has-post-thumbnail","hentry","category-indaiatuba"],"amp_enabled":true,"_links":{"self":[{"href":"https:\/\/imais.online\/portal\/wp-json\/wp\/v2\/posts\/28364","targetHints":{"allow":["GET"]}}],"collection":[{"href":"https:\/\/imais.online\/portal\/wp-json\/wp\/v2\/posts"}],"about":[{"href":"https:\/\/imais.online\/portal\/wp-json\/wp\/v2\/types\/post"}],"author":[{"embeddable":true,"href":"https:\/\/imais.online\/portal\/wp-json\/wp\/v2\/users\/7"}],"replies":[{"embeddable":true,"href":"https:\/\/imais.online\/portal\/wp-json\/wp\/v2\/comments?post=28364"}],"version-history":[{"count":1,"href":"https:\/\/imais.online\/portal\/wp-json\/wp\/v2\/posts\/28364\/revisions"}],"predecessor-version":[{"id":28366,"href":"https:\/\/imais.online\/portal\/wp-json\/wp\/v2\/posts\/28364\/revisions\/28366"}],"wp:featuredmedia":[{"embeddable":true,"href":"https:\/\/imais.online\/portal\/wp-json\/wp\/v2\/media\/28365"}],"wp:attachment":[{"href":"https:\/\/imais.online\/portal\/wp-json\/wp\/v2\/media?parent=28364"}],"wp:term":[{"taxonomy":"category","embeddable":true,"href":"https:\/\/imais.online\/portal\/wp-json\/wp\/v2\/categories?post=28364"},{"taxonomy":"post_tag","embeddable":true,"href":"https:\/\/imais.online\/portal\/wp-json\/wp\/v2\/tags?post=28364"}],"curies":[{"name":"wp","href":"https:\/\/api.w.org\/{rel}","templated":true}]}}