{"id":28404,"date":"2025-08-09T19:32:53","date_gmt":"2025-08-09T22:32:53","guid":{"rendered":"https:\/\/imais.online\/portal\/?p=28404"},"modified":"2025-08-09T19:32:54","modified_gmt":"2025-08-09T22:32:54","slug":"o-preco-sujo-da-moda-barata-como-roupas-descartadas-estao-envenenando-o-quenia","status":"publish","type":"post","link":"https:\/\/imais.online\/portal\/o-preco-sujo-da-moda-barata-como-roupas-descartadas-estao-envenenando-o-quenia\/","title":{"rendered":"O pre\u00e7o sujo da moda barata: como roupas descartadas est\u00e3o envenenando o Qu\u00eania"},"content":{"rendered":"<div class=\"imais-before-content-placement\" id=\"imais-3753158464\"><script async src=\"\/\/pagead2.googlesyndication.com\/pagead\/js\/adsbygoogle.js?client=ca-pub-8787528412751566\" crossorigin=\"anonymous\"><\/script><ins class=\"adsbygoogle\" style=\"display:block;\" data-ad-client=\"ca-pub-8787528412751566\" \ndata-ad-slot=\"\" \ndata-ad-format=\"auto\"><\/ins>\n<script> \n(adsbygoogle = window.adsbygoogle || []).push({}); \n<\/script>\n<\/div>\n<h2 class=\"wp-block-heading\">Mais de 900 milh\u00f5es de pe\u00e7as usadas s\u00e3o exportadas anualmente para o Qu\u00eania, gerando polui\u00e7\u00e3o, micropl\u00e1sticos e impacto social no maior lix\u00e3o a c\u00e9u aberto da \u00c1frica<\/h2>\n\n\n\n<p>Ao chegar ao lix\u00e3o de Dandora, em Nairobi, capital do Qu\u00eania, \u00e9 imposs\u00edvel n\u00e3o ser impactado pela&nbsp;<strong>imensa montanha de res\u00edduos t\u00eaxteis e pl\u00e1sticos<\/strong>, muitos deles provenientes de&nbsp;<strong>roupas descartadas&nbsp;<\/strong>que vieram da Europa, EUA, Reino Unido, Canad\u00e1 e China. Todos os dias, milhares de pessoas \u2014 sem equipamentos de prote\u00e7\u00e3o \u2014 vasculham o local em busca de pl\u00e1stico e roupas que possam vender, sobrevivendo em condi\u00e7\u00f5es prec\u00e1rias. Estudos apontam que&nbsp;<strong>mais da metade das roupas importadas s\u00e3o inserv\u00edveis e liberam microfibras pl\u00e1sticas que contaminam o meio ambiente e a sa\u00fade humana.<\/strong><\/p>\n\n\n\n<p>A r\u00e1pida\u00a0<strong>expans\u00e3o do mercado da moda<\/strong>, impulsionada pela<em>\u00a0fast fashion<\/em>\u00a0e especialmente pela\u00a0<em>ultra-fast fashion<\/em>, resulta em um fluxo crescente de roupas descartadas que n\u00e3o s\u00e3o feitas para durar. Essas pe\u00e7as muitas vezes cont\u00eam fibras sint\u00e9ticas t\u00f3xicas e \u201cqu\u00edmicos eternos\u201d usados na produ\u00e7\u00e3o, que ao degradarem-se liberam micropl\u00e1sticos e subst\u00e2ncias nocivas ao solo, \u00e0 \u00e1gua e ao ar, amea\u00e7ando toda a\u00a0<strong>cadeia alimentar<\/strong>. O lix\u00e3o de Dandora e o Rio Nairobi, que passa pelo local, j\u00e1 est\u00e3o contaminados por esse tipo de res\u00edduo, afetando comunidades pr\u00f3ximas.<\/p>\n\n\n\n<p>Fran\u00e7a foi um dos primeiros pa\u00edses a agir contra essa crise ambiental ao aprovar, em junho de 2025,&nbsp;<strong>uma lei que pro\u00edbe publicidade de ultra-fast fashion<\/strong>&nbsp;e imp\u00f5e uma classifica\u00e7\u00e3o ambiental aos produtos t\u00eaxteis. A legisla\u00e7\u00e3o prev\u00ea penalidades financeiras para fabricantes de roupas com maior&nbsp;<strong>impacto ambiental<\/strong>, buscando conscientizar consumidores e induzir a compra de produtos mais sustent\u00e1veis. A proposta deve ser apresentada \u00e0 Comiss\u00e3o Europeia, podendo virar padr\u00e3o para toda a Uni\u00e3o Europeia.<\/p>\n\n\n\n<p>Entretanto, especialistas alertam que o problema vai al\u00e9m do ultra-fast fashion e que a superprodu\u00e7\u00e3o global deve ser combatida. Organiza\u00e7\u00f5es como&nbsp;<strong>\u00c9thique sur l\u2019\u00e9tiquette&nbsp;<\/strong>defendem ampliar a regula\u00e7\u00e3o para incluir toda a ind\u00fastria da moda r\u00e1pida, que contribui para o ac\u00famulo de res\u00edduos t\u00eaxteis e para a explora\u00e7\u00e3o laboral em pa\u00edses produtores. A press\u00e3o por uma economia mais \u00e9tica e sustent\u00e1vel cresce, acompanhando a urg\u00eancia da crise ambiental evidenciada em lix\u00f5es como o de Dandora.<\/p>\n\n\n\n<p>Enquanto isso, comunidades vulner\u00e1veis continuam expostas aos riscos da polui\u00e7\u00e3o e da explora\u00e7\u00e3o no lix\u00e3o de Nairobi, refor\u00e7ando a necessidade urgente de solu\u00e7\u00f5es globais para o\u00a0<a class=\"\" href=\"https:\/\/umsoplaneta.globo.com\/sociedade\/consumo-consciente\/\"><strong>consumo consciente<\/strong><\/a>\u00a0e a gest\u00e3o dos res\u00edduos t\u00eaxteis. A crise da moda descart\u00e1vel revela conex\u00f5es profundas entre produ\u00e7\u00e3o, consumo, meio ambiente e justi\u00e7a social que desafiam governos, empresas e consumidores no mundo todo.<\/p>\n\n\n\n<p>Fonte G1 <\/p>\n","protected":false},"excerpt":{"rendered":"<p>Mais de 900 milh\u00f5es de pe\u00e7as usadas s\u00e3o exportadas anualmente para o Qu\u00eania, gerando polui\u00e7\u00e3o, micropl\u00e1sticos e impacto social no maior lix\u00e3o a c\u00e9u aberto da \u00c1frica Ao chegar ao lix\u00e3o de Dandora, em Nairobi, capital do Qu\u00eania, \u00e9 imposs\u00edvel n\u00e3o ser impactado pela&nbsp;imensa montanha de res\u00edduos t\u00eaxteis e pl\u00e1sticos, muitos deles provenientes de&nbsp;roupas descartadas&nbsp;que [&hellip;]<\/p>\n","protected":false},"author":8,"featured_media":28405,"comment_status":"closed","ping_status":"open","sticky":false,"template":"","format":"standard","meta":{"rop_custom_images_group":[],"rop_custom_messages_group":[],"rop_publish_now":"initial","rop_publish_now_accounts":[],"rop_publish_now_history":[],"rop_publish_now_status":"pending","footnotes":""},"categories":[212],"tags":[73],"class_list":["post-28404","post","type-post","status-publish","format-standard","has-post-thumbnail","hentry","category-internacional","tag-featured"],"amp_enabled":true,"_links":{"self":[{"href":"https:\/\/imais.online\/portal\/wp-json\/wp\/v2\/posts\/28404","targetHints":{"allow":["GET"]}}],"collection":[{"href":"https:\/\/imais.online\/portal\/wp-json\/wp\/v2\/posts"}],"about":[{"href":"https:\/\/imais.online\/portal\/wp-json\/wp\/v2\/types\/post"}],"author":[{"embeddable":true,"href":"https:\/\/imais.online\/portal\/wp-json\/wp\/v2\/users\/8"}],"replies":[{"embeddable":true,"href":"https:\/\/imais.online\/portal\/wp-json\/wp\/v2\/comments?post=28404"}],"version-history":[{"count":1,"href":"https:\/\/imais.online\/portal\/wp-json\/wp\/v2\/posts\/28404\/revisions"}],"predecessor-version":[{"id":28406,"href":"https:\/\/imais.online\/portal\/wp-json\/wp\/v2\/posts\/28404\/revisions\/28406"}],"wp:featuredmedia":[{"embeddable":true,"href":"https:\/\/imais.online\/portal\/wp-json\/wp\/v2\/media\/28405"}],"wp:attachment":[{"href":"https:\/\/imais.online\/portal\/wp-json\/wp\/v2\/media?parent=28404"}],"wp:term":[{"taxonomy":"category","embeddable":true,"href":"https:\/\/imais.online\/portal\/wp-json\/wp\/v2\/categories?post=28404"},{"taxonomy":"post_tag","embeddable":true,"href":"https:\/\/imais.online\/portal\/wp-json\/wp\/v2\/tags?post=28404"}],"curies":[{"name":"wp","href":"https:\/\/api.w.org\/{rel}","templated":true}]}}