{"id":28518,"date":"2025-08-17T19:22:58","date_gmt":"2025-08-17T22:22:58","guid":{"rendered":"https:\/\/imais.online\/portal\/?p=28518"},"modified":"2025-08-17T19:22:59","modified_gmt":"2025-08-17T22:22:59","slug":"atiradores-entram-em-restaurante-de-nova-york-e-matam-tres-pessoas","status":"publish","type":"post","link":"https:\/\/imais.online\/portal\/atiradores-entram-em-restaurante-de-nova-york-e-matam-tres-pessoas\/","title":{"rendered":"Atiradores entram em restaurante de Nova York e matam tr\u00eas pessoas"},"content":{"rendered":"<div class=\"imais-before-content-placement\" id=\"imais-1330212480\"><script async src=\"\/\/pagead2.googlesyndication.com\/pagead\/js\/adsbygoogle.js?client=ca-pub-8787528412751566\" crossorigin=\"anonymous\"><\/script><ins class=\"adsbygoogle\" style=\"display:block;\" data-ad-client=\"ca-pub-8787528412751566\" \ndata-ad-slot=\"\" \ndata-ad-format=\"auto\"><\/ins>\n<script> \n(adsbygoogle = window.adsbygoogle || []).push({}); \n<\/script>\n<\/div>\n<h2 class=\"wp-block-heading\">Pol\u00edcia considera que disparos foram feitos por um grupo armado; a\u00e7\u00e3o aconteceu durante a madrugada e tamb\u00e9m deixou oito feridos<\/h2>\n\n\n\n<p>Atiradores entraram em um restaurante na cidade de Nova York, nos&nbsp;<a href=\"https:\/\/noticias.r7.com\/internacional\/estados-unidos\/\" target=\"_blank\" rel=\"noreferrer noopener\">Estados Unidos<\/a>, e dispararam contra pessoas que estavam dentro do local. A a\u00e7\u00e3o ocorreu na madrugada deste domingo (17) e deixou tr\u00eas mortos e oito feridos, segundo o Departamento de Pol\u00edcia do estado.<\/p>\n\n\n\n<p>A pol\u00edcia ainda investiga o que motivou a a\u00e7\u00e3o dos atiradores. Ningu\u00e9m foi preso at\u00e9 o momento. As tr\u00eas pessoas que morreram s\u00e3o homens, um de 27 anos, um de 35 e a idade do terceiro ainda n\u00e3o foi confirmada.<\/p>\n\n\n\n<p>Representantes do departamento de pol\u00edcia do estado contaram que houve uma s\u00e9rie de liga\u00e7\u00f5es de emerg\u00eancia sobre um tiroteio por volta das 3h30 e, ao chegar no local, os policiais encontraram as v\u00edtimas.<\/p>\n\n\n\n<p>\u201cOficiais chegaram minutos ap\u00f3s as liga\u00e7\u00f5es e encontraram v\u00edtimas de um tiroteio\u201d, relatou a comiss\u00e1ria de pol\u00edcia Jessica Tisch. Ela tamb\u00e9m afirmou que a situa\u00e7\u00e3o foi uma anomalia: \u201c\u00c9 uma coisa terr\u00edvel que aconteceu\u201d.<\/p>\n\n\n\n<p>Segundo a pol\u00edcia, as pessoas que estavam no local t\u00eam idade entre 27 e 61 anos. Uma arma foi encontrada pr\u00f3xima a \u00e1rea, no Brooklyn.<\/p>\n\n\n\n<p>Os investigadores consideram que a a\u00e7\u00e3o foi coletiva e que mais de uma arma foi utilizada no crime.<\/p>\n\n\n\n<p>Fonte R7 <\/p>\n","protected":false},"excerpt":{"rendered":"<p>Pol\u00edcia considera que disparos foram feitos por um grupo armado; a\u00e7\u00e3o aconteceu durante a madrugada e tamb\u00e9m deixou oito feridos Atiradores entraram em um restaurante na cidade de Nova York, nos&nbsp;Estados Unidos, e dispararam contra pessoas que estavam dentro do local. A a\u00e7\u00e3o ocorreu na madrugada deste domingo (17) e deixou tr\u00eas mortos e oito [&hellip;]<\/p>\n","protected":false},"author":8,"featured_media":28519,"comment_status":"closed","ping_status":"open","sticky":false,"template":"","format":"standard","meta":{"rop_custom_images_group":[],"rop_custom_messages_group":[],"rop_publish_now":"initial","rop_publish_now_accounts":[],"rop_publish_now_history":[],"rop_publish_now_status":"pending","footnotes":""},"categories":[212],"tags":[73],"class_list":["post-28518","post","type-post","status-publish","format-standard","has-post-thumbnail","hentry","category-internacional","tag-featured"],"amp_enabled":true,"_links":{"self":[{"href":"https:\/\/imais.online\/portal\/wp-json\/wp\/v2\/posts\/28518","targetHints":{"allow":["GET"]}}],"collection":[{"href":"https:\/\/imais.online\/portal\/wp-json\/wp\/v2\/posts"}],"about":[{"href":"https:\/\/imais.online\/portal\/wp-json\/wp\/v2\/types\/post"}],"author":[{"embeddable":true,"href":"https:\/\/imais.online\/portal\/wp-json\/wp\/v2\/users\/8"}],"replies":[{"embeddable":true,"href":"https:\/\/imais.online\/portal\/wp-json\/wp\/v2\/comments?post=28518"}],"version-history":[{"count":1,"href":"https:\/\/imais.online\/portal\/wp-json\/wp\/v2\/posts\/28518\/revisions"}],"predecessor-version":[{"id":28520,"href":"https:\/\/imais.online\/portal\/wp-json\/wp\/v2\/posts\/28518\/revisions\/28520"}],"wp:featuredmedia":[{"embeddable":true,"href":"https:\/\/imais.online\/portal\/wp-json\/wp\/v2\/media\/28519"}],"wp:attachment":[{"href":"https:\/\/imais.online\/portal\/wp-json\/wp\/v2\/media?parent=28518"}],"wp:term":[{"taxonomy":"category","embeddable":true,"href":"https:\/\/imais.online\/portal\/wp-json\/wp\/v2\/categories?post=28518"},{"taxonomy":"post_tag","embeddable":true,"href":"https:\/\/imais.online\/portal\/wp-json\/wp\/v2\/tags?post=28518"}],"curies":[{"name":"wp","href":"https:\/\/api.w.org\/{rel}","templated":true}]}}