{"id":28557,"date":"2025-08-20T14:21:02","date_gmt":"2025-08-20T17:21:02","guid":{"rendered":"https:\/\/imais.online\/portal\/?p=28557"},"modified":"2025-08-20T14:21:02","modified_gmt":"2025-08-20T17:21:02","slug":"rodeio-itu-festival-recebe-jorge-mateus-em-uma-das-ultimas-apresentacoes-antes-da-pausa-na-carreira","status":"publish","type":"post","link":"https:\/\/imais.online\/portal\/rodeio-itu-festival-recebe-jorge-mateus-em-uma-das-ultimas-apresentacoes-antes-da-pausa-na-carreira\/","title":{"rendered":"Rodeio Itu Festival recebe Jorge &#038; Mateus em uma das \u00faltimas apresenta\u00e7\u00f5es antes da pausa na carreira"},"content":{"rendered":"<div class=\"imais-before-content-placement\" id=\"imais-2193913862\"><script async src=\"\/\/pagead2.googlesyndication.com\/pagead\/js\/adsbygoogle.js?client=ca-pub-8787528412751566\" crossorigin=\"anonymous\"><\/script><ins class=\"adsbygoogle\" style=\"display:block;\" data-ad-client=\"ca-pub-8787528412751566\" \ndata-ad-slot=\"\" \ndata-ad-format=\"auto\"><\/ins>\n<script> \n(adsbygoogle = window.adsbygoogle || []).push({}); \n<\/script>\n<\/div>\n<p class=\"has-text-align-center\"><em>A dupla dever\u00e1 se afastar dos palcos a partir de 2026<\/em><\/p>\n\n\n\n<p>Itu ser\u00e1 palco de um dos \u00faltimos shows de Jorge &amp; Mateus antes da pausa na carreira. A dupla, que anunciou o afastamento dos holofotes a partir de 2026, est\u00e1 rodando o Brasil com uma turn\u00ea especial que celebra duas d\u00e9cadas de trajet\u00f3ria e, no dia 13 de setembro, voltar\u00e1 \u00e0 cidade para se apresentar na 19\u00aa edi\u00e7\u00e3o do Rodeio Itu Festival.<\/p>\n\n\n\n<p>Com hits como \u201cSosseguei\u201d, \u201cCantada Boba\u201d e \u201cXonei\u201d, Jorge &amp; Mateus retornar\u00e3o ao festival para a sua 11\u00aa apresenta\u00e7\u00e3o. A dupla \u00e9 a que mais subiu ao palco na hist\u00f3ria do Rodeio Itu e, em todas as edi\u00e7\u00f5es, garantiu recordes de p\u00fablico, consolidando a trajet\u00f3ria de sucesso que construiu junto aos f\u00e3s de toda a regi\u00e3o.<\/p>\n\n\n\n<p>A apresenta\u00e7\u00e3o, repleta de can\u00e7\u00f5es inesquec\u00edveis, promete ser uma experi\u00eancia emocionante. \u201cTrata-se de uma oportunidade \u00edmpar de o p\u00fablico presenciar mais um grande show de uma das duplas que \u00e9 sucesso de Norte a Sul do pa\u00eds. Eles j\u00e1 s\u00e3o da casa, uma parte viva da hist\u00f3ria do Rodeio Itu Festival. Receb\u00ea-los, novamente, \u00e9 uma honra para Itu e para n\u00f3s\u201d, comenta Herculano Neto, CEO da NLN Eventos e idealizador do festival.<\/p>\n\n\n\n<p>A festa, que est\u00e1 entre os cinco maiores festivais sertanejos do pa\u00eds e faz parte do calend\u00e1rio de eventos do Estado de S\u00e3o Paulo, ser\u00e1 realizada nos dias 05, 06, 12 e 13 de setembro, na Arena Itu, localizada no munic\u00edpio de Itu, a cerca de 80 km de S\u00e3o Paulo.<\/p>\n\n\n\n<p>O CEO da NLN Eventos explica que a curadoria musical desta edi\u00e7\u00e3o teve como objetivo atender ao ecl\u00e9tico p\u00fablico que, tradicionalmente, viaja de diversas regi\u00f5es do Estado &#8211; e at\u00e9 do pa\u00eds &#8211; para participar do festival. \u201cTrata-se de um dos eventos mais emblem\u00e1ticos do calend\u00e1rio cultural de S\u00e3o Paulo, que, todo ano, conta com novidades em estrutura. O festival est\u00e1 cada vez maior e melhor, com m\u00fasica e estrutura de qualidade\u201d, diz Herculano.<\/p>\n\n\n\n<p><br><strong>Line-up de tirar o f\u00f4lego<\/strong><\/p>\n\n\n\n<p>Al\u00e9m de Jorge &amp; Mateus, o Rodeio Itu Festival receber\u00e1 outros \u00edcones da m\u00fasica brasileira, como Ana Castela, Alok, Luan Santana, Z\u00e9 Neto &amp; Cristiano, Bruno &amp; Marrone, Thiaguinho e Guilherme &amp; Benuto.<\/p>\n\n\n\n<p>O evento contar\u00e1, ainda, com provas dos tr\u00eas tambores, brinquedos e a tradicional pra\u00e7a de alimenta\u00e7\u00e3o, com variedades para todos os gostos.<\/p>\n\n\n\n<p>A Arena Itu fica no quil\u00f4metro 18 da rodovia Deputado Archimedes Lammoglia (SP-75), na cidade de Itu. Os ingressos j\u00e1 est\u00e3o \u00e0 venda.<\/p>\n\n\n\n<p><strong><u>Programa\u00e7\u00e3o<\/u><\/strong><\/p>\n\n\n\n<p><br>05.09 (sexta-feira): Ana Castela e Alok<\/p>\n\n\n\n<p>06.09 (s\u00e1bado, v\u00e9spera de feriado nacional): Luan Santana e Z\u00e9 Neto &amp; Cristiano<\/p>\n\n\n\n<p>12.09 (sexta-feira): Bruno &amp; Marrone e Thiaguinho<\/p>\n\n\n\n<p>13.09 (s\u00e1bado): Jorge &amp; Mateus e Guilherme &amp; Benuto<\/p>\n\n\n\n<p><br><strong><u>Servi\u00e7o<\/u><\/strong><\/p>\n\n\n\n<p><br><strong>Site:<\/strong> <a href=\"http:\/\/www.rodeioitu.com.br\">www.rodeioitu.com.br<\/a><\/p>\n\n\n\n<p><strong>Redes sociais:<\/strong> @rodeioitu (TikTok, Instagram, Facebook e YouTube)<\/p>\n\n\n\n<p><strong>Contato:<\/strong> (11) 2429-1414 ou (11) 98163-4820 (WhatsApp)<\/p>\n","protected":false},"excerpt":{"rendered":"<p>A dupla dever\u00e1 se afastar dos palcos a partir de 2026 Itu ser\u00e1 palco de um dos \u00faltimos shows de Jorge &amp; Mateus antes da pausa na carreira. A dupla, que anunciou o afastamento dos holofotes a partir de 2026, est\u00e1 rodando o Brasil com uma turn\u00ea especial que celebra duas d\u00e9cadas de trajet\u00f3ria e, [&hellip;]<\/p>\n","protected":false},"author":7,"featured_media":28558,"comment_status":"closed","ping_status":"open","sticky":false,"template":"","format":"standard","meta":{"rop_custom_images_group":[],"rop_custom_messages_group":[],"rop_publish_now":"initial","rop_publish_now_accounts":[],"rop_publish_now_history":[],"rop_publish_now_status":"pending","footnotes":""},"categories":[271,194],"tags":[],"class_list":["post-28557","post","type-post","status-publish","format-standard","has-post-thumbnail","hentry","category-itu","category-regia"],"amp_enabled":true,"_links":{"self":[{"href":"https:\/\/imais.online\/portal\/wp-json\/wp\/v2\/posts\/28557","targetHints":{"allow":["GET"]}}],"collection":[{"href":"https:\/\/imais.online\/portal\/wp-json\/wp\/v2\/posts"}],"about":[{"href":"https:\/\/imais.online\/portal\/wp-json\/wp\/v2\/types\/post"}],"author":[{"embeddable":true,"href":"https:\/\/imais.online\/portal\/wp-json\/wp\/v2\/users\/7"}],"replies":[{"embeddable":true,"href":"https:\/\/imais.online\/portal\/wp-json\/wp\/v2\/comments?post=28557"}],"version-history":[{"count":1,"href":"https:\/\/imais.online\/portal\/wp-json\/wp\/v2\/posts\/28557\/revisions"}],"predecessor-version":[{"id":28559,"href":"https:\/\/imais.online\/portal\/wp-json\/wp\/v2\/posts\/28557\/revisions\/28559"}],"wp:featuredmedia":[{"embeddable":true,"href":"https:\/\/imais.online\/portal\/wp-json\/wp\/v2\/media\/28558"}],"wp:attachment":[{"href":"https:\/\/imais.online\/portal\/wp-json\/wp\/v2\/media?parent=28557"}],"wp:term":[{"taxonomy":"category","embeddable":true,"href":"https:\/\/imais.online\/portal\/wp-json\/wp\/v2\/categories?post=28557"},{"taxonomy":"post_tag","embeddable":true,"href":"https:\/\/imais.online\/portal\/wp-json\/wp\/v2\/tags?post=28557"}],"curies":[{"name":"wp","href":"https:\/\/api.w.org\/{rel}","templated":true}]}}