{"id":28610,"date":"2025-08-23T18:25:42","date_gmt":"2025-08-23T21:25:42","guid":{"rendered":"https:\/\/imais.online\/portal\/?p=28610"},"modified":"2025-08-23T18:25:42","modified_gmt":"2025-08-23T21:25:42","slug":"cranio-de-300-mil-anos-encontrado-na-grecia-nao-era-humano-ou-neandertal","status":"publish","type":"post","link":"https:\/\/imais.online\/portal\/cranio-de-300-mil-anos-encontrado-na-grecia-nao-era-humano-ou-neandertal\/","title":{"rendered":"Cr\u00e2nio de 300 mil anos encontrado na Gr\u00e9cia n\u00e3o era humano ou neandertal"},"content":{"rendered":"<div class=\"imais-before-content-placement\" id=\"imais-595831430\"><script async src=\"\/\/pagead2.googlesyndication.com\/pagead\/js\/adsbygoogle.js?client=ca-pub-8787528412751566\" crossorigin=\"anonymous\"><\/script><ins class=\"adsbygoogle\" style=\"display:block;\" data-ad-client=\"ca-pub-8787528412751566\" \ndata-ad-slot=\"\" \ndata-ad-format=\"auto\"><\/ins>\n<script> \n(adsbygoogle = window.adsbygoogle || []).push({}); \n<\/script>\n<\/div>\n<h2 class=\"wp-block-heading\">Pesquisa traz revela\u00e7\u00f5es sobre o cr\u00e2nio de Petralona, importante f\u00f3ssil para o estudo da evolu\u00e7\u00e3o humana<\/h2>\n\n\n\n<p>Em 1960, um cr\u00e2nio foi descoberto na caverna de Petralona, na Gr\u00e9cia. Chamado de cr\u00e2nio de Petralona desde ent\u00e3o, o artefato \u00e9 importante para o estudo da evolu\u00e7\u00e3o humana. Um estudo publicado na edi\u00e7\u00e3o de setembro do peri\u00f3dico\u00a0<a class=\"\" rel=\"noreferrer noopener\" href=\"https:\/\/www.sciencedirect.com\/science\/article\/pii\/S0047248425000855?via%3Dihub\" target=\"_blank\"><em>Journal of Human Evolution<\/em><\/a>\u00a0d\u00e1 uma estimativa mais pr\u00f3xima da idade do f\u00f3ssil e sugere que este n\u00e3o era de um humano, nem de um neandertal.<\/p>\n\n\n\n<p>A pesquisa sugere que o cr\u00e2nio pertence a um grupo diferente: os&nbsp;<em>Homo heidelbergensis<\/em>. Trata-se de uma esp\u00e9cie de homin\u00eddeo que viveu entre 700 mil e 200 mil anos atr\u00e1s. Este antepassado tinha uma estatura parecida com a dos humanos modernos.<\/p>\n\n\n\n<p>Segundo Chris Stringer, paleoantrop\u00f3logo do Museu de Hist\u00f3ria Natural em Londres, na Inglaterra, o f\u00f3ssil de Petralona \u00e9 diferente tanto dos&nbsp;<em>Homo sapiens<\/em>&nbsp;quanto dos neandertais. Em entrevista ao site&nbsp;<a class=\"\" href=\"https:\/\/www.livescience.com\/archaeology\/human-evolution\/mysterious-300-000-year-old-greek-cave-skull-was-neither-human-nor-neanderthal-study-finds\" target=\"_blank\" rel=\"noreferrer noopener\"><em>Live Science<\/em><\/a>, ele afirmou que o cr\u00e2nio de Petralona, por conta de seu tamanho, provavelmente pertenceu a um homem adulto.<\/p>\n\n\n\n<p>O novo estudo indica ainda que esse indiv\u00edduo estava preso \u00e0 parede. Isso porque h\u00e1 resqu\u00edcios de calcita saindo do cr\u00e2nio.<\/p>\n\n\n\n<h2 class=\"wp-block-heading\">Data\u00e7\u00e3o<\/h2>\n\n\n\n<p>Os pesquisadores usaram o m\u00e9todo de data\u00e7\u00e3o por s\u00e9ries de ur\u00e2nio para determinar a idade da calcita. Esta cont\u00e9m uma pequena quantidade de ur\u00e2nio, que se decomp\u00f5e em outro elemento radioativo chamado t\u00f3rio durante um per\u00edodo fixo. A partir da taxa de decaimento, \u00e9 poss\u00edvel calcular as idades com base na propor\u00e7\u00e3o de ur\u00e2nio para t\u00f3rio encontrada na calcita.<\/p>\n\n\n\n<figure class=\"wp-block-image\"><img decoding=\"async\" src=\"https:\/\/s2-galileu.glbimg.com\/q2RuDjFilkrcF42t2NrQCGIrZTw=\/0x0:800x1060\/984x0\/smart\/filters:strip_icc()\/i.s3.glbimg.com\/v1\/AUTH_fde5cd494fb04473a83fa5fd57ad4542\/internal_photos\/bs\/2025\/N\/D\/nfVjIyS0ek34W5H0zxLg\/1-s2.0-s0047248425000855-figs4.jpg\" alt=\"Calcita encontrada no cr\u00e2nio ajudou cientistas a dat\u00e1-lo \u2014 Foto: Chris Stringer\/Journal of Human Evolution\"\/><figcaption class=\"wp-element-caption\">Calcita encontrada no cr\u00e2nio ajudou cientistas a dat\u00e1-lo \u2014 Foto: Chris Stringer\/Journal of Human Evolution<\/figcaption><\/figure>\n\n\n\n<p>A an\u00e1lise mostrou que a taxa da calcita aumentou rapidamente na caverna. Para Stringer, o cr\u00e2nio n\u00e3o deve ter levado muito tempo para adquirir sua primeira camada de calcita, o que sugere que o cr\u00e2nio tem em torno de 300 mil anos. No entanto, \u00e9 poss\u00edvel tamb\u00e9m que o cr\u00e2nio de Petralona seja mais antigo se a calcita demorou mais tempo para se formar.<\/p>\n\n\n\n<p>Acredita-se que esse\u00a0<em>Homo heidelbergensis<\/em>\u00a0viveu na Europa durante o Pleistoceno junto dos neandertais. J\u00e1 a popula\u00e7\u00e3o da esp\u00e9cie que permaneceu na \u00c1frica evoluiu para os humanos modernos.<\/p>\n\n\n\n<p>Fonte Revista Galileu <\/p>\n","protected":false},"excerpt":{"rendered":"<p>Pesquisa traz revela\u00e7\u00f5es sobre o cr\u00e2nio de Petralona, importante f\u00f3ssil para o estudo da evolu\u00e7\u00e3o humana Em 1960, um cr\u00e2nio foi descoberto na caverna de Petralona, na Gr\u00e9cia. Chamado de cr\u00e2nio de Petralona desde ent\u00e3o, o artefato \u00e9 importante para o estudo da evolu\u00e7\u00e3o humana. Um estudo publicado na edi\u00e7\u00e3o de setembro do peri\u00f3dico\u00a0Journal of [&hellip;]<\/p>\n","protected":false},"author":8,"featured_media":28611,"comment_status":"closed","ping_status":"open","sticky":false,"template":"","format":"standard","meta":{"rop_custom_images_group":[],"rop_custom_messages_group":[],"rop_publish_now":"initial","rop_publish_now_accounts":[],"rop_publish_now_history":[],"rop_publish_now_status":"pending","footnotes":""},"categories":[212],"tags":[],"class_list":["post-28610","post","type-post","status-publish","format-standard","has-post-thumbnail","hentry","category-internacional"],"amp_enabled":true,"_links":{"self":[{"href":"https:\/\/imais.online\/portal\/wp-json\/wp\/v2\/posts\/28610","targetHints":{"allow":["GET"]}}],"collection":[{"href":"https:\/\/imais.online\/portal\/wp-json\/wp\/v2\/posts"}],"about":[{"href":"https:\/\/imais.online\/portal\/wp-json\/wp\/v2\/types\/post"}],"author":[{"embeddable":true,"href":"https:\/\/imais.online\/portal\/wp-json\/wp\/v2\/users\/8"}],"replies":[{"embeddable":true,"href":"https:\/\/imais.online\/portal\/wp-json\/wp\/v2\/comments?post=28610"}],"version-history":[{"count":1,"href":"https:\/\/imais.online\/portal\/wp-json\/wp\/v2\/posts\/28610\/revisions"}],"predecessor-version":[{"id":28612,"href":"https:\/\/imais.online\/portal\/wp-json\/wp\/v2\/posts\/28610\/revisions\/28612"}],"wp:featuredmedia":[{"embeddable":true,"href":"https:\/\/imais.online\/portal\/wp-json\/wp\/v2\/media\/28611"}],"wp:attachment":[{"href":"https:\/\/imais.online\/portal\/wp-json\/wp\/v2\/media?parent=28610"}],"wp:term":[{"taxonomy":"category","embeddable":true,"href":"https:\/\/imais.online\/portal\/wp-json\/wp\/v2\/categories?post=28610"},{"taxonomy":"post_tag","embeddable":true,"href":"https:\/\/imais.online\/portal\/wp-json\/wp\/v2\/tags?post=28610"}],"curies":[{"name":"wp","href":"https:\/\/api.w.org\/{rel}","templated":true}]}}