{"id":28619,"date":"2025-08-24T17:25:14","date_gmt":"2025-08-24T20:25:14","guid":{"rendered":"https:\/\/imais.online\/portal\/?p=28619"},"modified":"2025-08-24T17:25:14","modified_gmt":"2025-08-24T20:25:14","slug":"trump-reaparece-com-mao-maquiada-apos-diagnostico-de-insuficiencia-venosa","status":"publish","type":"post","link":"https:\/\/imais.online\/portal\/trump-reaparece-com-mao-maquiada-apos-diagnostico-de-insuficiencia-venosa\/","title":{"rendered":"Trump reaparece com m\u00e3o maquiada ap\u00f3s diagn\u00f3stico de insufici\u00eancia venosa"},"content":{"rendered":"<div class=\"imais-before-content-placement\" id=\"imais-35150864\"><script async src=\"\/\/pagead2.googlesyndication.com\/pagead\/js\/adsbygoogle.js?client=ca-pub-8787528412751566\" crossorigin=\"anonymous\"><\/script><ins class=\"adsbygoogle\" style=\"display:block;\" data-ad-client=\"ca-pub-8787528412751566\" \ndata-ad-slot=\"\" \ndata-ad-format=\"auto\"><\/ins>\n<script> \n(adsbygoogle = window.adsbygoogle || []).push({}); \n<\/script>\n<\/div>\n<h2 class=\"wp-block-heading\">Presidente dos EUA foi visto usando maquiagem em an\u00fancio feito para divulgar local e hor\u00e1rio do sorteio da Copa do Mundo de 2026<\/h2>\n\n\n\n<p>O presidente dos Estados Unidos, Donald Trump, apareceu novamente com maquiagem nas m\u00e3os ap\u00f3s o diagn\u00f3stico de insufici\u00eancia venosa cr\u00f4nica anunciado pela Casa Branca.<\/p>\n\n\n\n<p>A foto foi tirada no Sal\u00e3o Oval na sexta-feira (22), quando Trump divulgou o local e o hor\u00e1rio do&nbsp;<a href=\"https:\/\/www.cnnbrasil.com.br\/esportes\/futebol\/futebol-internacional\/trump-anuncia-data-e-local-de-sorteio-da-copa-do-mundo-de-2026\/\">sorteio da Copa do Mundo de 2026.<\/a>&nbsp;O evento ocorrer\u00e1 em 5 de dezembro, no Kennedy Center, no estado americano de Washington.<\/p>\n\n\n\n<p>Durante a final do Mundial de Clubes em julho, o\u00a0<a href=\"https:\/\/www.cnnbrasil.com.br\/internacional\/fotos-mostram-trump-com-mao-maquiada-e-pes-inchados-antes-de-diagnostico\/\">l\u00edder americano tamb\u00e9m foi visto com os tornozelos inchados.<\/a><\/p>\n\n\n\n<figure class=\"wp-block-image\"><img decoding=\"async\" src=\"https:\/\/admin.cnnbrasil.com.br\/wp-content\/uploads\/sites\/12\/2025\/07\/cnn-L19jb21wb25lbnRzL2ltYWdlL2luc3RhbmNlcy9jbWQ3eGMzbDYwMDAxM2I2bnZianI4NXVt-L19jb21wb25lbnRzL2FydGljbGUvaW5zdGFuY2VzL2NtZDdxODh6djAwMHkyN3FmaGhzdWF2MDc.jpg?w=849&amp;h=477&amp;crop=0\" alt=\"Julho 2025 \u2014 Tornozelos de Trump inchados durante final do Mundial de Clubes da Fifa \u2022 Reprodu\u00e7\u00e3o\/Reuters\"\/><\/figure>\n\n\n\n<p>Julho 2025 \u2014 Tornozelos de Trump inchados durante final do Mundial de Clubes da Fifa \u2022<\/p>\n\n\n\n<h2 class=\"wp-block-heading\">Diagn\u00f3stico de Donald Trump<\/h2>\n\n\n\n<p>Em julho, a secret\u00e1ria de imprensa Karoline Leavitt divulgou uma nota do m\u00e9dico do presidente, capit\u00e3o Sean Barbabella, dizendo que o l\u00edder americano passou por um \u201cexame abrangente, incluindo estudos vasculares diagn\u00f3sticos\u201d na Unidade M\u00e9dica da Casa Branca.<\/p>\n\n\n\n<p>O laudo afirma que \u201cultrassonografias Doppler venosas bilaterais das extremidades inferiores foram realizadas e&nbsp;<a href=\"https:\/\/www.cnnbrasil.com.br\/internacional\/trump-e-avaliado-com-inchaco-nas-pernas-e-feridas-nas-maos-diz-casa-branca\/\">revelaram insufici\u00eancia venosa cr\u00f4nica<\/a>, uma condi\u00e7\u00e3o benigna e comum, particularmente em indiv\u00edduos com mais de 70 anos\u201d. Atualmente, Donald Trump tem 79 anos.<\/p>\n\n\n\n<p>O\u00a0<a href=\"https:\/\/www.cnnbrasil.com.br\/internacional\/trump-sobre-exame-medico-nao-ha-nada-de-errado-comigo\/\">exame foi realizado<\/a>\u00a0ap\u00f3s o republicano ter \u201cnotado um leve incha\u00e7o na parte inferior das pernas\u201d, explicou Leavitt.<\/p>\n\n\n\n<p>Ainda segundo o documento, \u201c\u00e9 importante ressaltar que n\u00e3o havia evid\u00eancias de trombose venosa profunda (TVP) ou doen\u00e7a arterial\u201d e os exames laboratoriais de Trump estavam todos \u201cdentro dos limites normais\u201d.<\/p>\n\n\n\n<p>O m\u00e9dico do presidente americano tamb\u00e9m comentou que o republicano foi submetido a um ecocardiograma. \u201cNenhum sinal de insufici\u00eancia card\u00edaca, insufici\u00eancia renal ou doen\u00e7a sist\u00eamica foi identificado\u201d, acrescentou ele.<\/p>\n\n\n\n<p>Fonte CNN Brasil <\/p>\n","protected":false},"excerpt":{"rendered":"<p>Presidente dos EUA foi visto usando maquiagem em an\u00fancio feito para divulgar local e hor\u00e1rio do sorteio da Copa do Mundo de 2026 O presidente dos Estados Unidos, Donald Trump, apareceu novamente com maquiagem nas m\u00e3os ap\u00f3s o diagn\u00f3stico de insufici\u00eancia venosa cr\u00f4nica anunciado pela Casa Branca. A foto foi tirada no Sal\u00e3o Oval na [&hellip;]<\/p>\n","protected":false},"author":8,"featured_media":28620,"comment_status":"closed","ping_status":"open","sticky":false,"template":"","format":"standard","meta":{"rop_custom_images_group":[],"rop_custom_messages_group":[],"rop_publish_now":"initial","rop_publish_now_accounts":[],"rop_publish_now_history":[],"rop_publish_now_status":"pending","footnotes":""},"categories":[212],"tags":[],"class_list":["post-28619","post","type-post","status-publish","format-standard","has-post-thumbnail","hentry","category-internacional"],"amp_enabled":true,"_links":{"self":[{"href":"https:\/\/imais.online\/portal\/wp-json\/wp\/v2\/posts\/28619","targetHints":{"allow":["GET"]}}],"collection":[{"href":"https:\/\/imais.online\/portal\/wp-json\/wp\/v2\/posts"}],"about":[{"href":"https:\/\/imais.online\/portal\/wp-json\/wp\/v2\/types\/post"}],"author":[{"embeddable":true,"href":"https:\/\/imais.online\/portal\/wp-json\/wp\/v2\/users\/8"}],"replies":[{"embeddable":true,"href":"https:\/\/imais.online\/portal\/wp-json\/wp\/v2\/comments?post=28619"}],"version-history":[{"count":1,"href":"https:\/\/imais.online\/portal\/wp-json\/wp\/v2\/posts\/28619\/revisions"}],"predecessor-version":[{"id":28621,"href":"https:\/\/imais.online\/portal\/wp-json\/wp\/v2\/posts\/28619\/revisions\/28621"}],"wp:featuredmedia":[{"embeddable":true,"href":"https:\/\/imais.online\/portal\/wp-json\/wp\/v2\/media\/28620"}],"wp:attachment":[{"href":"https:\/\/imais.online\/portal\/wp-json\/wp\/v2\/media?parent=28619"}],"wp:term":[{"taxonomy":"category","embeddable":true,"href":"https:\/\/imais.online\/portal\/wp-json\/wp\/v2\/categories?post=28619"},{"taxonomy":"post_tag","embeddable":true,"href":"https:\/\/imais.online\/portal\/wp-json\/wp\/v2\/tags?post=28619"}],"curies":[{"name":"wp","href":"https:\/\/api.w.org\/{rel}","templated":true}]}}