{"id":2863,"date":"2021-11-08T08:32:08","date_gmt":"2021-11-08T11:32:08","guid":{"rendered":"https:\/\/imais.online\/portal\/?p=2863"},"modified":"2021-11-08T08:33:16","modified_gmt":"2021-11-08T11:33:16","slug":"animais-sao-resgatados-em-feira-clandestina-em-sao-paulo","status":"publish","type":"post","link":"https:\/\/imais.online\/portal\/animais-sao-resgatados-em-feira-clandestina-em-sao-paulo\/","title":{"rendered":"Animais s\u00e3o resgatados em feira clandestina em S\u00e3o Paulo"},"content":{"rendered":"<div class=\"imais-before-content-placement\" id=\"imais-592665901\"><script async src=\"\/\/pagead2.googlesyndication.com\/pagead\/js\/adsbygoogle.js?client=ca-pub-8787528412751566\" crossorigin=\"anonymous\"><\/script><ins class=\"adsbygoogle\" style=\"display:block;\" data-ad-client=\"ca-pub-8787528412751566\" \ndata-ad-slot=\"\" \ndata-ad-format=\"auto\"><\/ins>\n<script> \n(adsbygoogle = window.adsbygoogle || []).push({}); \n<\/script>\n<\/div>\n<p class=\"has-text-align-center\">Gatos, coelhos e c\u00e3es eram vendidos ilegalmente<\/p>\n\n\n\n<p>As coordenadorias de Vigil\u00e2ncia em Sa\u00fade (Covisa) e de Sa\u00fade e Prote\u00e7\u00e3o ao Animal Dom\u00e9stico (Cosap), da prefeitura de S\u00e3o Paulo, fecharam uma feira clandestina que vendia animais em Itaquera, zona leste da cidade. A\u00e7\u00e3o resgatou 50 gatos, coelhos e cachorros.<img decoding=\"async\" src=\"https:\/\/agenciabrasil.ebc.com.br\/ebc.png?id=1426811&amp;o=node\"><img decoding=\"async\" src=\"https:\/\/agenciabrasil.ebc.com.br\/ebc.gif?id=1426811&amp;o=node\"><\/p>\n\n\n\n<p>Tamb\u00e9m foram apreendidas barracas e produtos que estavam sendo comercializados de forma irregular no local. Segundo a Secretaria Municipal de Sa\u00fade, a venda de animais s\u00f3 pode ocorrer em estabelecimentos regularizados e com nota fiscal.<\/p>\n\n\n\n<p>Os animais foram alimentados, hidratados e atendidos por veterin\u00e1rios. Eles ser\u00e3o registrados, vacinados, castrados e passaram por implantes de&nbsp;<em>microchip<\/em>&nbsp;para serem encaminhados \u00e0 ado\u00e7\u00e3o.<\/p>\n","protected":false},"excerpt":{"rendered":"<p>Gatos, coelhos e c\u00e3es eram vendidos ilegalmente As coordenadorias de Vigil\u00e2ncia em Sa\u00fade (Covisa) e de Sa\u00fade e Prote\u00e7\u00e3o ao Animal Dom\u00e9stico (Cosap), da prefeitura de S\u00e3o Paulo, fecharam uma feira clandestina que vendia animais em Itaquera, zona leste da cidade. A\u00e7\u00e3o resgatou 50 gatos, coelhos e cachorros. Tamb\u00e9m foram apreendidas barracas e produtos que [&hellip;]<\/p>\n","protected":false},"author":7,"featured_media":2864,"comment_status":"closed","ping_status":"open","sticky":false,"template":"","format":"standard","meta":{"rop_custom_images_group":[],"rop_custom_messages_group":[],"rop_publish_now":"initial","rop_publish_now_accounts":[],"rop_publish_now_history":[],"rop_publish_now_status":"pending","footnotes":""},"categories":[195],"tags":[],"class_list":["post-2863","post","type-post","status-publish","format-standard","has-post-thumbnail","hentry","category-sao-paulo"],"amp_enabled":true,"_links":{"self":[{"href":"https:\/\/imais.online\/portal\/wp-json\/wp\/v2\/posts\/2863","targetHints":{"allow":["GET"]}}],"collection":[{"href":"https:\/\/imais.online\/portal\/wp-json\/wp\/v2\/posts"}],"about":[{"href":"https:\/\/imais.online\/portal\/wp-json\/wp\/v2\/types\/post"}],"author":[{"embeddable":true,"href":"https:\/\/imais.online\/portal\/wp-json\/wp\/v2\/users\/7"}],"replies":[{"embeddable":true,"href":"https:\/\/imais.online\/portal\/wp-json\/wp\/v2\/comments?post=2863"}],"version-history":[{"count":2,"href":"https:\/\/imais.online\/portal\/wp-json\/wp\/v2\/posts\/2863\/revisions"}],"predecessor-version":[{"id":2866,"href":"https:\/\/imais.online\/portal\/wp-json\/wp\/v2\/posts\/2863\/revisions\/2866"}],"wp:featuredmedia":[{"embeddable":true,"href":"https:\/\/imais.online\/portal\/wp-json\/wp\/v2\/media\/2864"}],"wp:attachment":[{"href":"https:\/\/imais.online\/portal\/wp-json\/wp\/v2\/media?parent=2863"}],"wp:term":[{"taxonomy":"category","embeddable":true,"href":"https:\/\/imais.online\/portal\/wp-json\/wp\/v2\/categories?post=2863"},{"taxonomy":"post_tag","embeddable":true,"href":"https:\/\/imais.online\/portal\/wp-json\/wp\/v2\/tags?post=2863"}],"curies":[{"name":"wp","href":"https:\/\/api.w.org\/{rel}","templated":true}]}}