{"id":28684,"date":"2025-08-29T16:18:26","date_gmt":"2025-08-29T19:18:26","guid":{"rendered":"https:\/\/imais.online\/portal\/?p=28684"},"modified":"2025-08-29T16:18:27","modified_gmt":"2025-08-29T19:18:27","slug":"pm-de-sp-e-gaeco-desarticulam-plano-para-assassinar-autoridades-em-campinas","status":"publish","type":"post","link":"https:\/\/imais.online\/portal\/pm-de-sp-e-gaeco-desarticulam-plano-para-assassinar-autoridades-em-campinas\/","title":{"rendered":"PM de SP e Gaeco desarticulam plano para assassinar autoridades em Campinas"},"content":{"rendered":"<div class=\"imais-before-content-placement\" id=\"imais-464568937\"><script async src=\"\/\/pagead2.googlesyndication.com\/pagead\/js\/adsbygoogle.js?client=ca-pub-8787528412751566\" crossorigin=\"anonymous\"><\/script><ins class=\"adsbygoogle\" style=\"display:block;\" data-ad-client=\"ca-pub-8787528412751566\" \ndata-ad-slot=\"\" \ndata-ad-format=\"auto\"><\/ins>\n<script> \n(adsbygoogle = window.adsbygoogle || []).push({}); \n<\/script>\n<\/div>\n<p class=\"has-text-align-center\">Empres\u00e1rios envolvidos com uma fac\u00e7\u00e3o criminosa s\u00e3o suspeitos de financiar o crime<\/p>\n\n\n\n<p>A Pol\u00edcia Militar e o Minist\u00e9rio P\u00fablico, por meio do Grupo de Atua\u00e7\u00e3o Especial de Repress\u00e3o ao Crime Organizado (Gaeco), descobriram um plano para assassinar autoridades da cidade de Campinas, no interior de S\u00e3o Paulo. Nesta sexta-feira (29), as equipes prenderam dois empres\u00e1rios envolvidos com uma fac\u00e7\u00e3o criminosa que teriam arquitetado e financiado o crime.<\/p>\n\n\n\n<p>Segundo as investiga\u00e7\u00f5es, entre os alvos da quadrilha estava um promotor de Justi\u00e7a respons\u00e1vel por uma investiga\u00e7\u00e3o que apurava os crimes de tr\u00e1fico de drogas e lavagem de dinheiro.<\/p>\n\n\n\n<p>Os dois empres\u00e1rios investigados, que s\u00e3o do ramo de com\u00e9rcio de ve\u00edculos e transportes, teriam contratado atiradores, al\u00e9m de providenciado ve\u00edculos e armas para a emboscada. No entanto, o plano foi descoberto ainda na fase de prepara\u00e7\u00e3o, segundo os investigadores.<\/p>\n\n\n\n<p>Na manh\u00e3 de hoje, equipes do 1\u00b0 Batalh\u00e3o de A\u00e7\u00f5es Especiais de Pol\u00edcia (Baep) de Campinas foram \u00e0s ruas para cumprir tr\u00eas mandados de pris\u00e3o tempor\u00e1ria e outros quatro de busca e apreens\u00e3o expedidos pela Justi\u00e7a.<\/p>\n\n\n\n<p>Dois suspeitos foram presos. Um terceiro n\u00e3o foi encontrado e \u00e9 considerado foragido \u2014 a suspeita \u00e9 que ele estaria escondido na Bol\u00edvia. Os investigadores suspeitam que o criminoso seja um dos grandes operadores do tr\u00e1fico de drogas no Brasil.<\/p>\n\n\n\n<p>As investiga\u00e7\u00f5es continuam para a identifica\u00e7\u00e3o de outras pessoas envolvidas na articula\u00e7\u00e3o do plano.<\/p>\n\n\n\n<p>Os capturados foram encaminhados \u00e0 1\u00aa Seccional de Pol\u00edcia de Campinas, onde o caso est\u00e1 sendo&nbsp;registrado.<\/p>\n","protected":false},"excerpt":{"rendered":"<p>Empres\u00e1rios envolvidos com uma fac\u00e7\u00e3o criminosa s\u00e3o suspeitos de financiar o crime A Pol\u00edcia Militar e o Minist\u00e9rio P\u00fablico, por meio do Grupo de Atua\u00e7\u00e3o Especial de Repress\u00e3o ao Crime Organizado (Gaeco), descobriram um plano para assassinar autoridades da cidade de Campinas, no interior de S\u00e3o Paulo. Nesta sexta-feira (29), as equipes prenderam dois empres\u00e1rios [&hellip;]<\/p>\n","protected":false},"author":7,"featured_media":28685,"comment_status":"closed","ping_status":"open","sticky":false,"template":"","format":"standard","meta":{"rop_custom_images_group":[],"rop_custom_messages_group":[],"rop_publish_now":"initial","rop_publish_now_accounts":[],"rop_publish_now_history":[],"rop_publish_now_status":"pending","footnotes":""},"categories":[194],"tags":[73],"class_list":["post-28684","post","type-post","status-publish","format-standard","has-post-thumbnail","hentry","category-regia","tag-featured"],"amp_enabled":true,"_links":{"self":[{"href":"https:\/\/imais.online\/portal\/wp-json\/wp\/v2\/posts\/28684","targetHints":{"allow":["GET"]}}],"collection":[{"href":"https:\/\/imais.online\/portal\/wp-json\/wp\/v2\/posts"}],"about":[{"href":"https:\/\/imais.online\/portal\/wp-json\/wp\/v2\/types\/post"}],"author":[{"embeddable":true,"href":"https:\/\/imais.online\/portal\/wp-json\/wp\/v2\/users\/7"}],"replies":[{"embeddable":true,"href":"https:\/\/imais.online\/portal\/wp-json\/wp\/v2\/comments?post=28684"}],"version-history":[{"count":1,"href":"https:\/\/imais.online\/portal\/wp-json\/wp\/v2\/posts\/28684\/revisions"}],"predecessor-version":[{"id":28686,"href":"https:\/\/imais.online\/portal\/wp-json\/wp\/v2\/posts\/28684\/revisions\/28686"}],"wp:featuredmedia":[{"embeddable":true,"href":"https:\/\/imais.online\/portal\/wp-json\/wp\/v2\/media\/28685"}],"wp:attachment":[{"href":"https:\/\/imais.online\/portal\/wp-json\/wp\/v2\/media?parent=28684"}],"wp:term":[{"taxonomy":"category","embeddable":true,"href":"https:\/\/imais.online\/portal\/wp-json\/wp\/v2\/categories?post=28684"},{"taxonomy":"post_tag","embeddable":true,"href":"https:\/\/imais.online\/portal\/wp-json\/wp\/v2\/tags?post=28684"}],"curies":[{"name":"wp","href":"https:\/\/api.w.org\/{rel}","templated":true}]}}