{"id":28779,"date":"2025-09-04T13:12:01","date_gmt":"2025-09-04T16:12:01","guid":{"rendered":"https:\/\/imais.online\/portal\/?p=28779"},"modified":"2025-09-09T20:52:17","modified_gmt":"2025-09-09T23:52:17","slug":"prado-boulevard-recebe-mostra-cultural-sobre-a-china-com-oficinas-exposicao-e-danca-tradicional","status":"publish","type":"post","link":"https:\/\/imais.online\/portal\/prado-boulevard-recebe-mostra-cultural-sobre-a-china-com-oficinas-exposicao-e-danca-tradicional\/","title":{"rendered":"Prado Boulevard recebe Mostra Cultural &#8220;Sobre a China&#8221; com oficinas, exposi\u00e7\u00e3o e dan\u00e7a tradicional"},"content":{"rendered":"<div class=\"imais-before-content-placement\" id=\"imais-3372596192\"><script async src=\"\/\/pagead2.googlesyndication.com\/pagead\/js\/adsbygoogle.js?client=ca-pub-8787528412751566\" crossorigin=\"anonymous\"><\/script><ins class=\"adsbygoogle\" style=\"display:block;\" data-ad-client=\"ca-pub-8787528412751566\" \ndata-ad-slot=\"\" \ndata-ad-format=\"auto\"><\/ins>\n<script> \n(adsbygoogle = window.adsbygoogle || []).push({}); \n<\/script>\n<\/div>\n<p class=\"has-text-align-center\"><em>Atividades gratuitas convidam o p\u00fablico a conhecer tradi\u00e7\u00f5es chinesas em celebra\u00e7\u00e3o ao Festival da Lua<\/em><\/p>\n\n\n\n<p>O Prado Boulevard recebe a partir desta semana a <strong>Mostra Cultural \u201cSobre a China\u201d<\/strong>, iniciativa gratuita que convida o p\u00fablico a conhecer tradi\u00e7\u00f5es milenares do pa\u00eds por meio de oficinas, apresenta\u00e7\u00f5es culturais e uma exposi\u00e7\u00e3o especial. A a\u00e7\u00e3o d\u00e1 as boas-vindas ao <strong>Festival da Lua<\/strong>, que acontecer\u00e1 nos dias 27 e 28 de setembro, no Centro de Conviv\u00eancia Cultural, em Campinas.<\/p>\n\n\n\n<p>A <strong>Mostra j\u00e1 est\u00e1 aberta ao p\u00fablico com uma exposi\u00e7\u00e3o cultural<\/strong> com itens relacionados \u00e0 tradi\u00e7\u00e3o chinesa. O espa\u00e7o conta com <strong>3 vestimentas t\u00edpicas, 2 r\u00e9plicas de pe\u00e7as arqueol\u00f3gicas <\/strong>e <strong>1 le\u00e3o usado para a tradicional Dan\u00e7a do Le\u00e3o<\/strong>. Os itens podem ser visitados no Espa\u00e7o \u201cBem no Prado\u201d durante o hor\u00e1rio de funcionamento do shopping.<\/p>\n\n\n\n<p>No<strong> s\u00e1bado, dia 6<\/strong>, a programa\u00e7\u00e3o segue com atra\u00e7\u00f5es especiais para toda a fam\u00edlia. A abertura ser\u00e1 \u00e0s 12h30 com a tradicional <strong>Dan\u00e7a do Le\u00e3o<\/strong>, s\u00edmbolo das comemora\u00e7\u00f5es chinesas. Em seguida, \u00e0s 13h, acontece a <strong>Oficina de Lanternas Chinesas<\/strong>, voltada para adultos, com 20 vagas preenchidas por ordem de chegada. J\u00e1 \u00e0s 15h, as crian\u00e7as poder\u00e3o participar da <strong>Oficina de Pintura no estilo Bobbie Goods<\/strong>, tamb\u00e9m com 20 vagas dispon\u00edveis, em uma atividade tem\u00e1tica inspirada no Festival da Lua.<\/p>\n\n\n\n<p>\u201cQueremos oferecer um espa\u00e7o de celebra\u00e7\u00e3o e de aproxima\u00e7\u00e3o com outras culturas, trazendo para nossos clientes experi\u00eancias que unem conhecimento e entretenimento\u201d, destaca Aline Leal, coordenadora de Marketing do Prado Boulevard.<\/p>\n\n\n\n<figure class=\"wp-block-image size-large\"><img loading=\"lazy\" decoding=\"async\" width=\"1024\" height=\"683\" src=\"https:\/\/imais.online\/portal\/wp-content\/uploads\/2025\/09\/festival-da-lua-2--1024x683.jpg\" alt=\"\" class=\"wp-image-28782\" srcset=\"https:\/\/imais.online\/portal\/wp-content\/uploads\/2025\/09\/festival-da-lua-2--1024x683.jpg 1024w, https:\/\/imais.online\/portal\/wp-content\/uploads\/2025\/09\/festival-da-lua-2--300x200.jpg 300w, https:\/\/imais.online\/portal\/wp-content\/uploads\/2025\/09\/festival-da-lua-2--768x512.jpg 768w, https:\/\/imais.online\/portal\/wp-content\/uploads\/2025\/09\/festival-da-lua-2-.jpg 1296w\" sizes=\"auto, (max-width: 1024px) 100vw, 1024px\" \/><\/figure>\n\n\n\n<p>Para mais informa\u00e7\u00f5es, acesse o <a href=\"https:\/\/pradoboulevard.com.br\/\">site oficial<\/a> do empreendimento e acompanhe pelas redes sociais.<\/p>\n\n\n\n<p><strong>SERVI\u00c7O<br>Mostra Cultural \u201cSobre a China\u201d \u2013 Exposi\u00e7\u00e3o Cultural<br>Data<\/strong>: A partir do dia 2 de setembro.<br><strong>Hor\u00e1rio<\/strong>: Durante o hor\u00e1rio de funcionamento do shopping.<br><strong>Local<\/strong>: Espa\u00e7o \u201cBem no Prado\u201d, Prado Boulevard Shopping.<br><br><strong>Mostra Cultural \u201cSobre a China\u201d \u2013 Apresenta\u00e7\u00f5es e oficinas<br>Data<\/strong>: 6 de setembro (s\u00e1bado)<br><strong>Hor\u00e1rio<\/strong>: A partir das 12h30.<br><strong>Local<\/strong>: Pra\u00e7a de alimenta\u00e7\u00e3o, Prado Boulevard Shopping.<strong><br>Programa\u00e7\u00e3o<\/strong>: Dan\u00e7a do Le\u00e3o \u00e0s 12h30 | Oficina de Lanternas Chinesas (adultos) \u00e0s 13h | Oficina de Pintura estilo Bobbie Goods (infantil) \u00e0s 15h.<br><strong>Endere\u00e7o<\/strong>: Av. Washington Lu\u00edz, 2.480 &#8211; Jardim Eglantina, Campinas (SP)<\/p>\n\n\n\n<figure class=\"wp-block-image size-large\"><img loading=\"lazy\" decoding=\"async\" width=\"819\" height=\"1024\" src=\"https:\/\/imais.online\/portal\/wp-content\/uploads\/2025\/09\/exposicao-festival-da-lua-819x1024.jpg\" alt=\"\" class=\"wp-image-28781\" srcset=\"https:\/\/imais.online\/portal\/wp-content\/uploads\/2025\/09\/exposicao-festival-da-lua-819x1024.jpg 819w, https:\/\/imais.online\/portal\/wp-content\/uploads\/2025\/09\/exposicao-festival-da-lua-240x300.jpg 240w, https:\/\/imais.online\/portal\/wp-content\/uploads\/2025\/09\/exposicao-festival-da-lua-768x960.jpg 768w, https:\/\/imais.online\/portal\/wp-content\/uploads\/2025\/09\/exposicao-festival-da-lua.jpg 1080w\" sizes=\"auto, (max-width: 819px) 100vw, 819px\" \/><\/figure>\n\n\n\n<p><br><br><strong>Sobre o Prado Boulevard Shopping<\/strong><\/p>\n\n\n\n<p>Inaugurado em 2005, o Shopping Prado Boulevard (<a href=\"http:\/\/www.pradoboulevard.com.br\">www.pradoboulevard.com.br<\/a>), pertence ao grupo Gazit Brasil e conta com mais de 60 lojas e grandes marcas como Lojas Americanas, P\u00e3o de A\u00e7\u00facar, Smart Fit, Pizza Hut, Drogasil, Mc Donald\u2019s, Burger King, entre outras.<\/p>\n\n\n\n<p>O Shopping est\u00e1 estabelecido no Parque Prado, em Campinas, S\u00e3o Paulo, a apenas 5 minutos da Rodovia Anhanguera. Atualmente o empreendimento conta cinema, academia, supermercado, caixas eletr\u00f4nicos, estacionamento coberto, farm\u00e1cia, alimenta\u00e7\u00e3o e muito mais, tornando-se assim cada vez mais conveniente para seus clientes. A \u00e1rea do Food Hall \u00e9 um local encantador para aqueles que buscam entretenimento e um ambiente convidativo e aconchegante para desfrutar de momentos especiais. Em m\u00e9dia, mais de 150 mil pessoas circulam pelo shopping mensalmente.<\/p>\n","protected":false},"excerpt":{"rendered":"<p>Atividades gratuitas convidam o p\u00fablico a conhecer tradi\u00e7\u00f5es chinesas em celebra\u00e7\u00e3o ao Festival da Lua O Prado Boulevard recebe a partir desta semana a Mostra Cultural \u201cSobre a China\u201d, iniciativa gratuita que convida o p\u00fablico a conhecer tradi\u00e7\u00f5es milenares do pa\u00eds por meio de oficinas, apresenta\u00e7\u00f5es culturais e uma exposi\u00e7\u00e3o especial. A a\u00e7\u00e3o d\u00e1 as [&hellip;]<\/p>\n","protected":false},"author":7,"featured_media":28780,"comment_status":"closed","ping_status":"open","sticky":false,"template":"","format":"standard","meta":{"rop_custom_images_group":[],"rop_custom_messages_group":[],"rop_publish_now":"initial","rop_publish_now_accounts":[],"rop_publish_now_history":[],"rop_publish_now_status":"pending","footnotes":""},"categories":[272],"tags":[73],"class_list":["post-28779","post","type-post","status-publish","format-standard","has-post-thumbnail","hentry","category-campinas","tag-featured"],"amp_enabled":true,"_links":{"self":[{"href":"https:\/\/imais.online\/portal\/wp-json\/wp\/v2\/posts\/28779","targetHints":{"allow":["GET"]}}],"collection":[{"href":"https:\/\/imais.online\/portal\/wp-json\/wp\/v2\/posts"}],"about":[{"href":"https:\/\/imais.online\/portal\/wp-json\/wp\/v2\/types\/post"}],"author":[{"embeddable":true,"href":"https:\/\/imais.online\/portal\/wp-json\/wp\/v2\/users\/7"}],"replies":[{"embeddable":true,"href":"https:\/\/imais.online\/portal\/wp-json\/wp\/v2\/comments?post=28779"}],"version-history":[{"count":1,"href":"https:\/\/imais.online\/portal\/wp-json\/wp\/v2\/posts\/28779\/revisions"}],"predecessor-version":[{"id":28783,"href":"https:\/\/imais.online\/portal\/wp-json\/wp\/v2\/posts\/28779\/revisions\/28783"}],"wp:featuredmedia":[{"embeddable":true,"href":"https:\/\/imais.online\/portal\/wp-json\/wp\/v2\/media\/28780"}],"wp:attachment":[{"href":"https:\/\/imais.online\/portal\/wp-json\/wp\/v2\/media?parent=28779"}],"wp:term":[{"taxonomy":"category","embeddable":true,"href":"https:\/\/imais.online\/portal\/wp-json\/wp\/v2\/categories?post=28779"},{"taxonomy":"post_tag","embeddable":true,"href":"https:\/\/imais.online\/portal\/wp-json\/wp\/v2\/tags?post=28779"}],"curies":[{"name":"wp","href":"https:\/\/api.w.org\/{rel}","templated":true}]}}