{"id":28784,"date":"2025-09-05T09:00:58","date_gmt":"2025-09-05T12:00:58","guid":{"rendered":"https:\/\/imais.online\/portal\/?p=28784"},"modified":"2025-09-05T09:01:02","modified_gmt":"2025-09-05T12:01:02","slug":"universal-pictures-lanca-novo-trailer-da-sequencia-o-telefone-preto-2","status":"publish","type":"post","link":"https:\/\/imais.online\/portal\/universal-pictures-lanca-novo-trailer-da-sequencia-o-telefone-preto-2\/","title":{"rendered":"Universal Pictures lan\u00e7a novo trailer da sequ\u00eancia &#8220;O Telefone Preto 2&#8221;"},"content":{"rendered":"<div class=\"imais-before-content-placement\" id=\"imais-1563066725\"><script async src=\"\/\/pagead2.googlesyndication.com\/pagead\/js\/adsbygoogle.js?client=ca-pub-8787528412751566\" crossorigin=\"anonymous\"><\/script><ins class=\"adsbygoogle\" style=\"display:block;\" data-ad-client=\"ca-pub-8787528412751566\" \ndata-ad-slot=\"\" \ndata-ad-format=\"auto\"><\/ins>\n<script> \n(adsbygoogle = window.adsbygoogle || []).push({}); \n<\/script>\n<\/div>\n<p class=\"has-text-align-center\"><em>Dirigido por Scott Derrickson, o filme estreia em 16 de outubro nos cinemas<\/em><\/p>\n\n\n\n<p>A <strong>Universal Pictures<\/strong> lan\u00e7a hoje o novo trailer de <strong>\u201cO Telefone Preto 2\u201d<\/strong> <em>(The Black Phone 2)<\/em>, sequ\u00eancia do fen\u00f4meno global de terror que conquistou cr\u00edtica e p\u00fablico em 2022, arrecadando mais de 160 milh\u00f5es de d\u00f3lares em bilheteria mundial. Ethan Hawke, quatro vezes indicado ao <em>Oscar<\/em>, retorna ao papel mais perturbador de sua carreira: O Sequestrador. O filme eleva a tens\u00e3o e expande o universo criado no primeiro longa consolidando a franquia como uma das mais impactantes do g\u00eanero.&nbsp;<\/p>\n\n\n\n<p>Com estreia marcada para <strong>16 de outubro<\/strong> nos cinemas brasileiros, o longa tem dire\u00e7\u00e3o de Scott Derrickson e roteiro assinado por ele ao lado de C. Robert Cargill. Baseado nos personagens criados por Joe Hill, traz de volta Mason Thames e Madeleine McGraw como os irm\u00e3os Finn e Gwen. A produ\u00e7\u00e3o em parceria com a Blumhouse \u00e9 assinada por Jason Blum, Scott Derrickson e C. Robert Cargill, com produ\u00e7\u00e3o executiva de Joe Hill, Adam Hendricks e Ryan Turek.&nbsp;<\/p>\n\n\n\n<p>A nova trama se passa quatro anos ap\u00f3s a fuga de Finn e a morte do Sequestrador. Apesar do tempo, Finn ainda lida com os traumas do sequestro, enquanto Gwen come\u00e7a a receber liga\u00e7\u00f5es em sonhos que a levam at\u00e9 um acampamento de inverno marcado por mist\u00e9rios e vis\u00f5es de v\u00edtimas desconhecidas. Em meio a uma nevasca, os irm\u00e3os precisar\u00e3o enfrentar uma presen\u00e7a ainda mais sombria: um inimigo que, mesmo ap\u00f3s a morte, se mostra mais poderoso do que nunca.\u00a0<\/p>\n\n\n\n<figure class=\"wp-block-embed is-type-video is-provider-youtube wp-block-embed-youtube wp-embed-aspect-16-9 wp-has-aspect-ratio\"><div class=\"wp-block-embed__wrapper\">\n<iframe loading=\"lazy\" title=\"O TELEFONE PRETO 2 | Trailer Oficial (Universal Pictures) - HD\" width=\"740\" height=\"416\" src=\"https:\/\/www.youtube.com\/embed\/M5Xz19w_lNk?feature=oembed\" frameborder=\"0\" allow=\"accelerometer; autoplay; clipboard-write; encrypted-media; gyroscope; picture-in-picture; web-share\" referrerpolicy=\"strict-origin-when-cross-origin\" allowfullscreen><\/iframe>\n<\/div><\/figure>\n\n\n\n<p>Al\u00e9m de Hawke, Thames e McGraw, o elenco conta com o retorno de Jeremy Davies e Miguel Mora aos seus pap\u00e9is, o indicado ao Oscar Demi\u00e1n Bichir, de \u201cUma Vida Melhor\u201d e \u201cA Freira\u201d, Arianna Rivas, de \u201cResgate Implac\u00e1vel\u201d, Maev Beaty, de \u201cBeau Tem Medo\u201d e Graham Abbey, de \u201cEm Nome do C\u00e9u\u201d.&nbsp;<\/p>\n\n\n\n<p>O longa tem distribui\u00e7\u00e3o da <strong>Universal Pictures <\/strong>e estar\u00e1 dispon\u00edvel nos cinemas a partir de <strong>16 de outubro <\/strong>tamb\u00e9m em vers\u00f5es acess\u00edveis.&nbsp;<\/p>\n","protected":false},"excerpt":{"rendered":"<p>Dirigido por Scott Derrickson, o filme estreia em 16 de outubro nos cinemas A Universal Pictures lan\u00e7a hoje o novo trailer de \u201cO Telefone Preto 2\u201d (The Black Phone 2), sequ\u00eancia do fen\u00f4meno global de terror que conquistou cr\u00edtica e p\u00fablico em 2022, arrecadando mais de 160 milh\u00f5es de d\u00f3lares em bilheteria mundial. Ethan Hawke, [&hellip;]<\/p>\n","protected":false},"author":7,"featured_media":28785,"comment_status":"closed","ping_status":"open","sticky":false,"template":"","format":"standard","meta":{"rop_custom_images_group":[],"rop_custom_messages_group":[],"rop_publish_now":"initial","rop_publish_now_accounts":[],"rop_publish_now_history":[],"rop_publish_now_status":"pending","footnotes":""},"categories":[16],"tags":[],"class_list":["post-28784","post","type-post","status-publish","format-standard","has-post-thumbnail","hentry","category-entertainment"],"amp_enabled":true,"_links":{"self":[{"href":"https:\/\/imais.online\/portal\/wp-json\/wp\/v2\/posts\/28784","targetHints":{"allow":["GET"]}}],"collection":[{"href":"https:\/\/imais.online\/portal\/wp-json\/wp\/v2\/posts"}],"about":[{"href":"https:\/\/imais.online\/portal\/wp-json\/wp\/v2\/types\/post"}],"author":[{"embeddable":true,"href":"https:\/\/imais.online\/portal\/wp-json\/wp\/v2\/users\/7"}],"replies":[{"embeddable":true,"href":"https:\/\/imais.online\/portal\/wp-json\/wp\/v2\/comments?post=28784"}],"version-history":[{"count":1,"href":"https:\/\/imais.online\/portal\/wp-json\/wp\/v2\/posts\/28784\/revisions"}],"predecessor-version":[{"id":28786,"href":"https:\/\/imais.online\/portal\/wp-json\/wp\/v2\/posts\/28784\/revisions\/28786"}],"wp:featuredmedia":[{"embeddable":true,"href":"https:\/\/imais.online\/portal\/wp-json\/wp\/v2\/media\/28785"}],"wp:attachment":[{"href":"https:\/\/imais.online\/portal\/wp-json\/wp\/v2\/media?parent=28784"}],"wp:term":[{"taxonomy":"category","embeddable":true,"href":"https:\/\/imais.online\/portal\/wp-json\/wp\/v2\/categories?post=28784"},{"taxonomy":"post_tag","embeddable":true,"href":"https:\/\/imais.online\/portal\/wp-json\/wp\/v2\/tags?post=28784"}],"curies":[{"name":"wp","href":"https:\/\/api.w.org\/{rel}","templated":true}]}}