{"id":28790,"date":"2025-09-06T14:36:57","date_gmt":"2025-09-06T17:36:57","guid":{"rendered":"https:\/\/imais.online\/portal\/?p=28790"},"modified":"2025-09-09T20:56:58","modified_gmt":"2025-09-09T23:56:58","slug":"veja-como-fica-o-tempo-pelo-brasil-neste-fim-de-semana","status":"publish","type":"post","link":"https:\/\/imais.online\/portal\/veja-como-fica-o-tempo-pelo-brasil-neste-fim-de-semana\/","title":{"rendered":"Veja como fica o tempo pelo Brasil neste fim de semana"},"content":{"rendered":"<div class=\"imais-before-content-placement\" id=\"imais-1497097158\"><script async src=\"\/\/pagead2.googlesyndication.com\/pagead\/js\/adsbygoogle.js?client=ca-pub-8787528412751566\" crossorigin=\"anonymous\"><\/script><ins class=\"adsbygoogle\" style=\"display:block;\" data-ad-client=\"ca-pub-8787528412751566\" \ndata-ad-slot=\"\" \ndata-ad-format=\"auto\"><\/ins>\n<script> \n(adsbygoogle = window.adsbygoogle || []).push({}); \n<\/script>\n<\/div>\n<h2 class=\"wp-block-heading\">Uma massa de ar polar mant\u00e9m o frio no Rio Grande do Sul, com possibilidade de geada no interior<\/h2>\n\n\n\n<p>No primeiro s\u00e1bado de setembro, o Brasil apresenta varia\u00e7\u00f5es clim\u00e1ticas distintas. Uma massa de ar polar mant\u00e9m o frio no Rio Grande do Sul, com possibilidade de geada no interior. Nos estados de Mato Grosso do Sul e Acre, as temperaturas tamb\u00e9m caem.<\/p>\n\n\n\n<p>Curitiba ter\u00e1 um dia nublado e chuvoso, com m\u00e1xima de 12 graus. Em&nbsp;<a href=\"https:\/\/noticias.r7.com\/sao-paulo\/\"><strong><u>S\u00e3o Paulo<\/u><\/strong><\/a>, o c\u00e9u fica encoberto, com garoa, e m\u00e1ximas de at\u00e9 19 graus. No Recife, s\u00e3o esperadas pancadas de chuva, com m\u00e1xima de 29 graus.<\/p>\n\n\n\n<p>A frente fria avan\u00e7a pelo Sudeste, causando chuvas fortes no&nbsp;<a href=\"https:\/\/noticias.r7.com\/rio-de-janeiro\/\"><strong><u>Rio de Janeiro<\/u><\/strong><\/a>&nbsp;e litoral paulista. No Nordeste, ventos do mar trazem chuva forte de Sergipe ao Rio Grande do Norte. Entre Acre, Amazonas e Roraima, calor e umidade causam pancadas intensas.<\/p>\n\n\n\n<p>No Centro-Oeste, prevalece o tempo seco t\u00edpico desta \u00e9poca. Belo Horizonte ter\u00e1 sol entre poucas nuvens, com umidade baixa e m\u00e1xima de 30 graus. Cuiab\u00e1 tamb\u00e9m segue com tempo firme e quente. Em Manaus, sol e poss\u00edveis temporais elevam a temperatura.<\/p>\n\n\n\n<p>Fonte R7<\/p>\n","protected":false},"excerpt":{"rendered":"<p>Uma massa de ar polar mant\u00e9m o frio no Rio Grande do Sul, com possibilidade de geada no interior No primeiro s\u00e1bado de setembro, o Brasil apresenta varia\u00e7\u00f5es clim\u00e1ticas distintas. Uma massa de ar polar mant\u00e9m o frio no Rio Grande do Sul, com possibilidade de geada no interior. Nos estados de Mato Grosso do [&hellip;]<\/p>\n","protected":false},"author":8,"featured_media":28791,"comment_status":"closed","ping_status":"open","sticky":false,"template":"","format":"standard","meta":{"rop_custom_images_group":[],"rop_custom_messages_group":[],"rop_publish_now":"initial","rop_publish_now_accounts":[],"rop_publish_now_history":[],"rop_publish_now_status":"pending","footnotes":""},"categories":[189],"tags":[73],"class_list":["post-28790","post","type-post","status-publish","format-standard","has-post-thumbnail","hentry","category-brasil","tag-featured"],"amp_enabled":true,"_links":{"self":[{"href":"https:\/\/imais.online\/portal\/wp-json\/wp\/v2\/posts\/28790","targetHints":{"allow":["GET"]}}],"collection":[{"href":"https:\/\/imais.online\/portal\/wp-json\/wp\/v2\/posts"}],"about":[{"href":"https:\/\/imais.online\/portal\/wp-json\/wp\/v2\/types\/post"}],"author":[{"embeddable":true,"href":"https:\/\/imais.online\/portal\/wp-json\/wp\/v2\/users\/8"}],"replies":[{"embeddable":true,"href":"https:\/\/imais.online\/portal\/wp-json\/wp\/v2\/comments?post=28790"}],"version-history":[{"count":1,"href":"https:\/\/imais.online\/portal\/wp-json\/wp\/v2\/posts\/28790\/revisions"}],"predecessor-version":[{"id":28792,"href":"https:\/\/imais.online\/portal\/wp-json\/wp\/v2\/posts\/28790\/revisions\/28792"}],"wp:featuredmedia":[{"embeddable":true,"href":"https:\/\/imais.online\/portal\/wp-json\/wp\/v2\/media\/28791"}],"wp:attachment":[{"href":"https:\/\/imais.online\/portal\/wp-json\/wp\/v2\/media?parent=28790"}],"wp:term":[{"taxonomy":"category","embeddable":true,"href":"https:\/\/imais.online\/portal\/wp-json\/wp\/v2\/categories?post=28790"},{"taxonomy":"post_tag","embeddable":true,"href":"https:\/\/imais.online\/portal\/wp-json\/wp\/v2\/tags?post=28790"}],"curies":[{"name":"wp","href":"https:\/\/api.w.org\/{rel}","templated":true}]}}