{"id":28797,"date":"2025-09-07T17:21:24","date_gmt":"2025-09-07T20:21:24","guid":{"rendered":"https:\/\/imais.online\/portal\/?p=28797"},"modified":"2025-09-09T20:56:44","modified_gmt":"2025-09-09T23:56:44","slug":"so-tem-um-candidato-para-nos-que-e-bolsonaro-diz-tarcisio-em-ato-na-paulista","status":"publish","type":"post","link":"https:\/\/imais.online\/portal\/so-tem-um-candidato-para-nos-que-e-bolsonaro-diz-tarcisio-em-ato-na-paulista\/","title":{"rendered":"\u2018S\u00f3 tem um candidato para n\u00f3s, que \u00e9 Bolsonaro\u2019, diz Tarc\u00edsio em ato na Paulista"},"content":{"rendered":"<div class=\"imais-before-content-placement\" id=\"imais-1494522389\"><script async src=\"\/\/pagead2.googlesyndication.com\/pagead\/js\/adsbygoogle.js?client=ca-pub-8787528412751566\" crossorigin=\"anonymous\"><\/script><ins class=\"adsbygoogle\" style=\"display:block;\" data-ad-client=\"ca-pub-8787528412751566\" \ndata-ad-slot=\"\" \ndata-ad-format=\"auto\"><\/ins>\n<script> \n(adsbygoogle = window.adsbygoogle || []).push({}); \n<\/script>\n<\/div>\n<h2 class=\"wp-block-heading\">Governador de S\u00e3o Paulo participa de ato em apoio a Bolsonaro na Avenida Paulista<\/h2>\n\n\n\n<p>O governador de S\u00e3o Paulo,&nbsp;<a href=\"https:\/\/www.r7.com\/tudo-sobre\/tarcisio-de-freitas\/\">Tarc\u00edsio de Freitas<\/a>&nbsp;(Republicanos), cotado para ser candidato a presidente no ano que vem, reafirmou, neste domingo (7), o apoio a candidatura de&nbsp;<a href=\"https:\/\/www.r7.com\/tudo-sobre\/jair-bolsonaro\/\">Jair Bolsonaro<\/a>&nbsp;(PL). \u201cS\u00f3 tem um candidato para n\u00f3s, que \u00e9 Jair Messias Bolsonaro\u201d, disse, em ato na Avenida Paulista. Bolsonaro, no entanto, est\u00e1 ineleg\u00edvel por decis\u00e3o do TSE (Tribunal Superior Eleitoral). \u201cEu tenho certeza que ele indo para urna, ele vai vencer \u00e0s elei\u00e7\u00f5es\u201d, afirmou.<\/p>\n\n\n\n<p>Tarc\u00edsio defendeu uma anistia ampla, para incluir Bolsonaro, aos condenados por tentativa de golpe de Estado. \u201cEssa festa n\u00e3o est\u00e1 completa porque Jair Messias Bolsonaro n\u00e3o est\u00e1 conosco\u201d, disse. Em outro momento, ele mandou um recado para o presidente da C\u00e2mara, Hugo Motta: \u201cPaute a anistia.\u201d<\/p>\n\n\n\n<p>O governador tamb\u00e9m citou que a defesa dos r\u00e9us do n\u00facleo crucial do golpe apontaram cerceamento de defesa. Segundo ele, isso mostra que o julgamento n\u00e3o est\u00e1 sendo imparcial. O n\u00facleo crucial, que inclui Bolsonaro, come\u00e7ou a ser julgado na semana passada pelo STF (Supremo Tribunal Federal). \u201cNingu\u00e9m aguenta a tirania de um ministro\u201d, disse, em alus\u00e3o ao ministro Alexandre de Moraes. \u201cN\u00f3s n\u00e3o vamos aceitar que nenhum ditador diga o que a gente tem que fazer\u201d, disse em outro momento.<\/p>\n\n\n\n<p>\u201c\u00c9 tudo muito fr\u00e1gil, como vamos admitir uma condena\u00e7\u00e3o? S\u00f3 h\u00e1 uma forma de resolver isso: anistia\u201d, defendeu. O governador esteve em Bras\u00edlia na semana passada para tentar pressionar que anistia seja pautada no C\u00e2mara dos Deputados.<\/p>\n\n\n\n<h3 class=\"wp-block-heading\">Ato em S\u00e3o Paulo<\/h3>\n\n\n\n<p>Pouco depois das 15h, Tarc\u00edsio de Freitas e a ex-primeira-dama Michelle Bolsonaro chegaram no&nbsp;<a href=\"https:\/\/noticias.r7.com\/cidades\/ato-na-paulista-por-anistia-a-bolsonaro-e-aliados-reune-tarcisio-michelle-e-malafaia-06092025\/\">ato na Avenida Paulista, em S\u00e3o Paulo<\/a>.<\/p>\n\n\n\n<p>Antes de meio-dia, por\u00e9m,&nbsp;<a href=\"https:\/\/noticias.r7.com\/sao-paulo\/manifestantes-comecam-a-se-aglomerar-na-avenida-paulista-em-ato-por-anistia-07092025\/\">manifestantes come\u00e7am a se aglomerar no local<\/a>. Eles estenderam uma bandeira dos Estados Unidos em frente ao Masp (Museu de Arte de S\u00e3o Paulo).<\/p>\n\n\n\n<p>Tamb\u00e9m era poss\u00edvel ver faixas pedindo que o presidente da C\u00e2mara dos Deputados, Hugo Motta (Republicanos-PB), coloque o projeto em vota\u00e7\u00e3o, e que o presidente do Senado, Davi Alcolumbre (Uni\u00e3o-AP), d\u00ea andamento ao processo de impeachment do ministro Alexandre de Moraes.<\/p>\n\n\n\n<p>O Partido Novo levou \u00e0 Paulista um boneco infl\u00e1vel com o presidente Luiz In\u00e1cio Lula da Silva com roupa de presidi\u00e1rio e, ao lado, um ovo infl\u00e1vel em que est\u00e1 escrita de vermelho a frase \u201cPerdeu, man\u00e9\u201d (refer\u00eancia a Moraes).<\/p>\n\n\n\n<h3 class=\"wp-block-heading\">Perguntas e Respostas<\/h3>\n\n\n\n<p><strong>Qual foi a posi\u00e7\u00e3o de Tarc\u00edsio de Freitas em rela\u00e7\u00e3o a Jair Bolsonaro durante o ato na Avenida Paulista?<\/strong><\/p>\n\n\n\n<p>O governador de S\u00e3o Paulo, Tarc\u00edsio de Freitas, reafirmou seu apoio \u00e0 candidatura de Jair Bolsonaro, afirmando: \u201cS\u00f3 tem um candidato para n\u00f3s, que \u00e9 Jair Messias Bolsonaro\u201d.<\/p>\n\n\n\n<p><strong>Qual \u00e9 a situa\u00e7\u00e3o atual da candidatura de Jair Bolsonaro?<\/strong><\/p>\n\n\n\n<p>Jair Bolsonaro est\u00e1 ineleg\u00edvel devido a uma decis\u00e3o do Tribunal Superior Eleitoral (TSE).<\/p>\n\n\n\n<p><strong>O que Tarc\u00edsio de Freitas disse sobre a anistia relacionada a Bolsonaro?<\/strong><\/p>\n\n\n\n<p>Tarc\u00edsio defendeu uma anistia ampla que inclu\u00edsse Bolsonaro, afirmando que a festa n\u00e3o estava completa sem a presen\u00e7a dele e pediu ao presidente da C\u00e2mara, Hugo Motta, que pautasse a anistia.<\/p>\n\n\n\n<p><strong>Quais foram as cr\u00edticas de Tarc\u00edsio em rela\u00e7\u00e3o ao julgamento dos r\u00e9us do n\u00facleo crucial do golpe?<\/strong><\/p>\n\n\n\n<p>Tarc\u00edsio mencionou que a defesa dos r\u00e9us apontou cerceamento de defesa, sugerindo que o julgamento n\u00e3o estava sendo imparcial e criticou a tirania de um ministro, referindo-se ao ministro Alexandre de Moraes.<\/p>\n\n\n\n<p><strong>Como foi a manifesta\u00e7\u00e3o na Avenida Paulista antes da chegada de Tarc\u00edsio?<\/strong><\/p>\n\n\n\n<p>Antes do meio-dia, manifestantes come\u00e7aram a se aglomerar na Avenida Paulista, estendendo uma bandeira dos Estados Unidos em frente ao Masp e exibindo faixas pedindo que o presidente da C\u00e2mara colocasse o projeto de anistia em vota\u00e7\u00e3o.<\/p>\n\n\n\n<p><strong>O que o Partido Novo levou para a manifesta\u00e7\u00e3o?<\/strong><\/p>\n\n\n\n<p>O Partido Novo levou um boneco infl\u00e1vel representando o presidente Luiz In\u00e1cio Lula da Silva vestido de presidi\u00e1rio e um ovo infl\u00e1vel com a frase \u201cPerdeu, man\u00e9\u201d, em refer\u00eancia ao ministro Alexandre de Moraes.<\/p>\n\n\n\n<p>Fonte R7<\/p>\n","protected":false},"excerpt":{"rendered":"<p>Governador de S\u00e3o Paulo participa de ato em apoio a Bolsonaro na Avenida Paulista O governador de S\u00e3o Paulo,&nbsp;Tarc\u00edsio de Freitas&nbsp;(Republicanos), cotado para ser candidato a presidente no ano que vem, reafirmou, neste domingo (7), o apoio a candidatura de&nbsp;Jair Bolsonaro&nbsp;(PL). \u201cS\u00f3 tem um candidato para n\u00f3s, que \u00e9 Jair Messias Bolsonaro\u201d, disse, em ato [&hellip;]<\/p>\n","protected":false},"author":8,"featured_media":28798,"comment_status":"closed","ping_status":"open","sticky":false,"template":"","format":"standard","meta":{"rop_custom_images_group":[],"rop_custom_messages_group":[],"rop_publish_now":"initial","rop_publish_now_accounts":[],"rop_publish_now_history":[],"rop_publish_now_status":"pending","footnotes":""},"categories":[189],"tags":[73],"class_list":["post-28797","post","type-post","status-publish","format-standard","has-post-thumbnail","hentry","category-brasil","tag-featured"],"amp_enabled":true,"_links":{"self":[{"href":"https:\/\/imais.online\/portal\/wp-json\/wp\/v2\/posts\/28797","targetHints":{"allow":["GET"]}}],"collection":[{"href":"https:\/\/imais.online\/portal\/wp-json\/wp\/v2\/posts"}],"about":[{"href":"https:\/\/imais.online\/portal\/wp-json\/wp\/v2\/types\/post"}],"author":[{"embeddable":true,"href":"https:\/\/imais.online\/portal\/wp-json\/wp\/v2\/users\/8"}],"replies":[{"embeddable":true,"href":"https:\/\/imais.online\/portal\/wp-json\/wp\/v2\/comments?post=28797"}],"version-history":[{"count":2,"href":"https:\/\/imais.online\/portal\/wp-json\/wp\/v2\/posts\/28797\/revisions"}],"predecessor-version":[{"id":28818,"href":"https:\/\/imais.online\/portal\/wp-json\/wp\/v2\/posts\/28797\/revisions\/28818"}],"wp:featuredmedia":[{"embeddable":true,"href":"https:\/\/imais.online\/portal\/wp-json\/wp\/v2\/media\/28798"}],"wp:attachment":[{"href":"https:\/\/imais.online\/portal\/wp-json\/wp\/v2\/media?parent=28797"}],"wp:term":[{"taxonomy":"category","embeddable":true,"href":"https:\/\/imais.online\/portal\/wp-json\/wp\/v2\/categories?post=28797"},{"taxonomy":"post_tag","embeddable":true,"href":"https:\/\/imais.online\/portal\/wp-json\/wp\/v2\/tags?post=28797"}],"curies":[{"name":"wp","href":"https:\/\/api.w.org\/{rel}","templated":true}]}}