{"id":28874,"date":"2025-09-14T16:55:00","date_gmt":"2025-09-14T19:55:00","guid":{"rendered":"https:\/\/imais.online\/portal\/?p=28874"},"modified":"2025-09-14T16:55:00","modified_gmt":"2025-09-14T19:55:00","slug":"katy-perry-e-mais-line-up-completo-de-hoje-14-no-the-town-2025","status":"publish","type":"post","link":"https:\/\/imais.online\/portal\/katy-perry-e-mais-line-up-completo-de-hoje-14-no-the-town-2025\/","title":{"rendered":"Katy Perry e mais: Line-up completo de hoje (14) no The Town 2025"},"content":{"rendered":"<div class=\"imais-before-content-placement\" id=\"imais-3585154638\"><script async src=\"\/\/pagead2.googlesyndication.com\/pagead\/js\/adsbygoogle.js?client=ca-pub-8787528412751566\" crossorigin=\"anonymous\"><\/script><ins class=\"adsbygoogle\" style=\"display:block;\" data-ad-client=\"ca-pub-8787528412751566\" \ndata-ad-slot=\"\" \ndata-ad-format=\"auto\"><\/ins>\n<script> \n(adsbygoogle = window.adsbygoogle || []).push({}); \n<\/script>\n<\/div>\n<h2 class=\"wp-block-heading\">Confira a divis\u00e3o por palcos e os hor\u00e1rios de cada show no festival<\/h2>\n\n\n\n<p>O\u00a0<strong>The Town 2025<\/strong>\u00a0chega hoje (14) a seu \u00faltimo dia no\u00a0<strong>Aut\u00f3dromo de Interlagos<\/strong>, em S\u00e3o Paulo (SP) &#8211; e, se voc\u00ea est\u00e1 indo para l\u00e1 curtir shows como\u00a0<strong>Katy Perry<\/strong>,\u00a0<strong>Camila Cabello<\/strong>,\u00a0<strong>IZA<\/strong>\u00a0e<strong>\u00a0Ludmilla<\/strong>,\u00a0precisa saber em quais palcos e hor\u00e1rios esses e outros artistas v\u00e3o se apresentar.<\/p>\n\n\n\n<p>A seguir, o&nbsp;<strong>Omelete<\/strong>&nbsp;te mostra a programa\u00e7\u00e3o completa do festival, dividida por palcos e com os hor\u00e1rios oficiais fornecidos pelo evento &#8211; n\u00e3o somos respons\u00e1veis por atrasos, hein? Al\u00e9m disso, voc\u00ea ainda pode conferir o mapa do Aut\u00f3dromo mais abaixo.<\/p>\n\n\n\n<p><strong>Palco Skyline<\/strong><\/p>\n\n\n\n<ul class=\"wp-block-list\">\n<li>IZA \u2013 15h50<\/li>\n\n\n\n<li>J Balvin \u2013 18h30<\/li>\n\n\n\n<li>Camila Cabello \u2013 20h30<\/li>\n\n\n\n<li>Katy Perry \u2013 23h15<\/li>\n<\/ul>\n\n\n\n<p><strong>Palco The One<\/strong><\/p>\n\n\n\n<ul class=\"wp-block-list\">\n<li>Jota.p\u00ea (com Jo\u00e3o Gomes) \u2013 14h40<\/li>\n\n\n\n<li>Joelma (com Dona Onete, Gaby Amarantos e Zaynara) \u2013 17h<\/li>\n\n\n\n<li>Dennis \u2013 19h20<\/li>\n\n\n\n<li>Ludmilla \u2013 21h55<\/li>\n<\/ul>\n\n\n\n<p><strong>Palco Factory<\/strong><\/p>\n\n\n\n<ul class=\"wp-block-list\">\n<li>Felipe Cordeiro \u2013 13h<\/li>\n\n\n\n<li>Lambateria Baile Show \u2013 14h45<\/li>\n\n\n\n<li>Rachel Reis \u2013 17h05<\/li>\n\n\n\n<li>Geraldo Azevedo \u2013 19h25<\/li>\n<\/ul>\n\n\n\n<p><strong>Palco Quebrada<\/strong><\/p>\n\n\n\n<ul class=\"wp-block-list\">\n<li>Batalha da Aldeia Superliga The Town \u2013 14h<\/li>\n\n\n\n<li>Orquestra Sinf\u00f4nica Heli\u00f3polis \u2013 17h10<\/li>\n\n\n\n<li>Belo \u2013 20h35<\/li>\n<\/ul>\n\n\n\n<p><strong>Palco S\u00e3o Paulo Square<\/strong><\/p>\n\n\n\n<ul class=\"wp-block-list\">\n<li>SP Square Big Band \u2013 14h<\/li>\n\n\n\n<li>SP Square Big Band com Amanda Maria \u2212 17h10<\/li>\n\n\n\n<li>Jo\u00e3o Bosco Quarteto \u2013 19h30<\/li>\n\n\n\n<li>Jacob Collier \u2013 22h05<\/li>\n<\/ul>\n\n\n\n<p><strong>The Tower<\/strong><\/p>\n\n\n\n<ul class=\"wp-block-list\">\n<li>Anna \u2013 01h05<\/li>\n<\/ul>\n\n\n\n<figure class=\"wp-block-image\"><img decoding=\"async\" src=\"https:\/\/cdn.ome.lt\/__vWNe7z5ySCveXBBYUnGOQc_tU=\/fit-in\/837x500\/smart\/uploads\/conteudo\/fotos\/the-town-mapa-2025_1_pP7fT9L_0njlWIq.webp\" alt=\"The Town 2025 - Mapa\"\/><\/figure>\n\n\n\n<p>Divulga\u00e7\u00e3o<\/p>\n\n\n\n<p>Fonte Omelete <\/p>\n","protected":false},"excerpt":{"rendered":"<p>Confira a divis\u00e3o por palcos e os hor\u00e1rios de cada show no festival O\u00a0The Town 2025\u00a0chega hoje (14) a seu \u00faltimo dia no\u00a0Aut\u00f3dromo de Interlagos, em S\u00e3o Paulo (SP) &#8211; e, se voc\u00ea est\u00e1 indo para l\u00e1 curtir shows como\u00a0Katy Perry,\u00a0Camila Cabello,\u00a0IZA\u00a0e\u00a0Ludmilla,\u00a0precisa saber em quais palcos e hor\u00e1rios esses e outros artistas v\u00e3o se apresentar. [&hellip;]<\/p>\n","protected":false},"author":8,"featured_media":28875,"comment_status":"closed","ping_status":"open","sticky":false,"template":"","format":"standard","meta":{"rop_custom_images_group":[],"rop_custom_messages_group":[],"rop_publish_now":"initial","rop_publish_now_accounts":[],"rop_publish_now_history":[],"rop_publish_now_status":"pending","footnotes":""},"categories":[16],"tags":[73],"class_list":["post-28874","post","type-post","status-publish","format-standard","has-post-thumbnail","hentry","category-entertainment","tag-featured"],"amp_enabled":true,"_links":{"self":[{"href":"https:\/\/imais.online\/portal\/wp-json\/wp\/v2\/posts\/28874","targetHints":{"allow":["GET"]}}],"collection":[{"href":"https:\/\/imais.online\/portal\/wp-json\/wp\/v2\/posts"}],"about":[{"href":"https:\/\/imais.online\/portal\/wp-json\/wp\/v2\/types\/post"}],"author":[{"embeddable":true,"href":"https:\/\/imais.online\/portal\/wp-json\/wp\/v2\/users\/8"}],"replies":[{"embeddable":true,"href":"https:\/\/imais.online\/portal\/wp-json\/wp\/v2\/comments?post=28874"}],"version-history":[{"count":1,"href":"https:\/\/imais.online\/portal\/wp-json\/wp\/v2\/posts\/28874\/revisions"}],"predecessor-version":[{"id":28876,"href":"https:\/\/imais.online\/portal\/wp-json\/wp\/v2\/posts\/28874\/revisions\/28876"}],"wp:featuredmedia":[{"embeddable":true,"href":"https:\/\/imais.online\/portal\/wp-json\/wp\/v2\/media\/28875"}],"wp:attachment":[{"href":"https:\/\/imais.online\/portal\/wp-json\/wp\/v2\/media?parent=28874"}],"wp:term":[{"taxonomy":"category","embeddable":true,"href":"https:\/\/imais.online\/portal\/wp-json\/wp\/v2\/categories?post=28874"},{"taxonomy":"post_tag","embeddable":true,"href":"https:\/\/imais.online\/portal\/wp-json\/wp\/v2\/tags?post=28874"}],"curies":[{"name":"wp","href":"https:\/\/api.w.org\/{rel}","templated":true}]}}