{"id":28899,"date":"2025-09-16T13:25:46","date_gmt":"2025-09-16T16:25:46","guid":{"rendered":"https:\/\/imais.online\/portal\/?p=28899"},"modified":"2025-09-16T13:25:46","modified_gmt":"2025-09-16T16:25:46","slug":"galinha-pintadinha-celebra-o-dia-das-criancas-em-campinas-com-evento-gratuito","status":"publish","type":"post","link":"https:\/\/imais.online\/portal\/galinha-pintadinha-celebra-o-dia-das-criancas-em-campinas-com-evento-gratuito\/","title":{"rendered":"Galinha Pintadinha celebra o Dia das Crian\u00e7as em Campinas com evento gratuito"},"content":{"rendered":"<div class=\"imais-before-content-placement\" id=\"imais-1043746581\"><script async src=\"\/\/pagead2.googlesyndication.com\/pagead\/js\/adsbygoogle.js?client=ca-pub-8787528412751566\" crossorigin=\"anonymous\"><\/script><ins class=\"adsbygoogle\" style=\"display:block;\" data-ad-client=\"ca-pub-8787528412751566\" \ndata-ad-slot=\"\" \ndata-ad-format=\"auto\"><\/ins>\n<script> \n(adsbygoogle = window.adsbygoogle || []).push({}); \n<\/script>\n<\/div>\n<p class=\"has-text-align-center\"><em>Espet\u00e1culo &#8220;Top 10 da Galinha Pintadinha&#8221; e diversas atividades culturais prometem encantar fam\u00edlias no dia 12 de outubro no Parque Taquaral<\/em><\/p>\n\n\n\n<p>A cidade de Campinas vai viver um Dia das Crian\u00e7as inesquec\u00edvel neste ano. No dia 12 de outubro (domingo), a Galinha Pintadinha, fen\u00f4meno infantil que conquistou milh\u00f5es de fam\u00edlias no Brasil e no mundo, convida os pequenos e suas fam\u00edlias para um dia de brincadeiras, show e muita divers\u00e3o no Parque Taquaral, em um evento totalmente gratuito, realizado em parceria com a Prefeitura de Campinas e a Secretaria Municipal de Cultura e Turismo.<\/p>\n\n\n\n<p>Nascida em Campinas, na regi\u00e3o do Castelo, h\u00e1 quase 20 anos, a Pop\u00f3 conquistou o mundo sem jamais deixar de carregar suas ra\u00edzes. Hoje, consolidada como um dos maiores sucessos da cultura infantil brasileira, com reconhecimento internacional e o carinho de gera\u00e7\u00f5es de f\u00e3s, \u00e9 motivo de orgulho para a sua cidade.<\/p>\n\n\n\n<p>A programa\u00e7\u00e3o come\u00e7a logo cedo, \u00e0s 8h, no Kart\u00f3dromo do Taquaral, com a chegada do bal\u00e3o de ar quente da Galinha Pintadinha. Com 28 metros de altura e formato id\u00eantico ao da personagem, o bal\u00e3o j\u00e1 voou por diferentes paisagens no Brasil e no exterior, encantando o p\u00fablico por onde passa. Em Campinas, ficar\u00e1 em exposi\u00e7\u00e3o para o evento, oferecendo ao p\u00fablico a chance de tirar fotos.<\/p>\n\n\n\n<p>Ao longo do dia, das 10h \u00e0s 15h, as crian\u00e7as poder\u00e3o participar de uma programa\u00e7\u00e3o cultural e educativa na Sala de Leitura do Parque. Entre as atividades est\u00e3o: Oficina de pintura, Conta\u00e7\u00e3o de Hist\u00f3rias, Meet &amp; Greet (encontro com personagens) da Galinha Pintadinha para fotos e intera\u00e7\u00e3o, al\u00e9m da distribui\u00e7\u00e3o de brindes para as crian\u00e7as que participarem das atividades.<\/p>\n\n\n\n<p>O ponto mais esperado da festa ser\u00e1 o espet\u00e1culo \u201cTop 10 da Galinha Pintadinha\u201d, que acontecer\u00e1 \u00e0s 16h, na Concha Ac\u00fastica do Parque Taquaral. O show traz as can\u00e7\u00f5es mais queridas e conhecidas do repert\u00f3rio da personagem, em uma apresenta\u00e7\u00e3o l\u00fadica, interativa e emocionante, misturando teatro e m\u00fasica. No palco, a Galinha Pintadinha e sua turma convidam o p\u00fablico a cantar e dan\u00e7ar junto, transformando a tarde em uma experi\u00eancia inesquec\u00edvel para crian\u00e7as e adultos.<\/p>\n\n\n\n<p>A realiza\u00e7\u00e3o do evento em Campinas tem um sabor especial para a Galinha Pintadinha, afinal, \u00e9 a cidade em que a personagem nasceu, cresceu at\u00e9 se tornar t\u00e3o querida e um fen\u00f4meno global. Agora, \u00e0s v\u00e9speras de completar duas d\u00e9cadas de hist\u00f3ria, a Pop\u00f3 celebra o Dia das Crian\u00e7as em casa, proporcionando sempre o melhor para os Pop\u00f3zinhos e suas fam\u00edlias.&nbsp;<\/p>\n\n\n\n<p>\u201c\u00c9 uma alegria imensa poder comemorar o Dia das Crian\u00e7as em Campinas, cidade que faz parte da nossa hist\u00f3ria e que carrega a origem da Galinha Pintadinha. Queremos proporcionar um dia \u00fanico, de cultura e divers\u00e3o, como forma de agradecer a todo o carinho que recebemos ao longo desses quase 20 anos. Ver a Pop\u00f3 como uma cidad\u00e3 campineira e poder celebrar isso com as fam\u00edlias \u00e9 motivo de muito orgulho para n\u00f3s\u201d, afirma Juliano Prado, um dos criadores da Galinha Pintadinha.<\/p>\n\n\n\n<p>&#8220;Pensar cultura e turismo para as crian\u00e7as \u00e9 investir no presente e no futuro da nossa cidade. O Dia das Crian\u00e7as com a Galinha Pintadinha \u00e9 um exemplo de como podemos unir divers\u00e3o, arte, mem\u00f3ria afetiva e a valoriza\u00e7\u00e3o de um fen\u00f4meno cultural que nasceu aqui em Campinas. Esse tipo de iniciativa fortalece la\u00e7os familiares, aproxima as crian\u00e7as do universo cultural desde cedo e mostra que os espa\u00e7os p\u00fablicos da cidade s\u00e3o locais de encontro, lazer e pertencimento&#8221;, afirma a secret\u00e1ria municipal de Cultura e Turismo de Campinas, Alexandra Caprioli.<\/p>\n\n\n\n<p><strong>Servi\u00e7o:<\/strong><\/p>\n\n\n\n<p>Evento: Dia das Crian\u00e7as com a Galinha Pintadinha<br>Data: 12 de outubro<br>Hor\u00e1rio: das 10h \u00e0s 17h<br>Endere\u00e7o: Parque Portugal &#8211; Avenida Dr. Heitor Penteado, n\u00ba 1671, no bairro Parque Taquaral, em Campinas, SP &#8211; S\u00e3o Paulo<\/p>\n\n\n\n<p><strong>Programa\u00e7\u00e3o:<\/strong><\/p>\n\n\n\n<p>&#8211; Bal\u00e3o tem\u00e1tico da Galinha nos dias 11 e 12 de outubro, entre 8h e 12h.<\/p>\n\n\n\n<p>&#8211; 10h \u00e0s 15h: Atividades na Sala de Leitura (oficina de pintura, conta\u00e7\u00e3o de hist\u00f3rias, meet &amp; greet e distribui\u00e7\u00e3o de brindes)<br>Hor\u00e1rios Meet &amp; Greet: 11h, 12h, 13h30 e 14h30 (hor\u00e1rios sujeitos a altera\u00e7\u00f5es)<\/p>\n\n\n\n<p>&#8211; 16h: Espet\u00e1culo \u201cTop 10 da Galinha Pintadinha\u201d (Concha Ac\u00fastica do Parque Taquaral)<br><br><\/p>\n","protected":false},"excerpt":{"rendered":"<p>Espet\u00e1culo &#8220;Top 10 da Galinha Pintadinha&#8221; e diversas atividades culturais prometem encantar fam\u00edlias no dia 12 de outubro no Parque Taquaral A cidade de Campinas vai viver um Dia das Crian\u00e7as inesquec\u00edvel neste ano. No dia 12 de outubro (domingo), a Galinha Pintadinha, fen\u00f4meno infantil que conquistou milh\u00f5es de fam\u00edlias no Brasil e no mundo, [&hellip;]<\/p>\n","protected":false},"author":7,"featured_media":28900,"comment_status":"closed","ping_status":"open","sticky":false,"template":"","format":"standard","meta":{"rop_custom_images_group":[],"rop_custom_messages_group":[],"rop_publish_now":"initial","rop_publish_now_accounts":[],"rop_publish_now_history":[],"rop_publish_now_status":"pending","footnotes":""},"categories":[272,194],"tags":[],"class_list":["post-28899","post","type-post","status-publish","format-standard","has-post-thumbnail","hentry","category-campinas","category-regia"],"amp_enabled":true,"_links":{"self":[{"href":"https:\/\/imais.online\/portal\/wp-json\/wp\/v2\/posts\/28899","targetHints":{"allow":["GET"]}}],"collection":[{"href":"https:\/\/imais.online\/portal\/wp-json\/wp\/v2\/posts"}],"about":[{"href":"https:\/\/imais.online\/portal\/wp-json\/wp\/v2\/types\/post"}],"author":[{"embeddable":true,"href":"https:\/\/imais.online\/portal\/wp-json\/wp\/v2\/users\/7"}],"replies":[{"embeddable":true,"href":"https:\/\/imais.online\/portal\/wp-json\/wp\/v2\/comments?post=28899"}],"version-history":[{"count":1,"href":"https:\/\/imais.online\/portal\/wp-json\/wp\/v2\/posts\/28899\/revisions"}],"predecessor-version":[{"id":28901,"href":"https:\/\/imais.online\/portal\/wp-json\/wp\/v2\/posts\/28899\/revisions\/28901"}],"wp:featuredmedia":[{"embeddable":true,"href":"https:\/\/imais.online\/portal\/wp-json\/wp\/v2\/media\/28900"}],"wp:attachment":[{"href":"https:\/\/imais.online\/portal\/wp-json\/wp\/v2\/media?parent=28899"}],"wp:term":[{"taxonomy":"category","embeddable":true,"href":"https:\/\/imais.online\/portal\/wp-json\/wp\/v2\/categories?post=28899"},{"taxonomy":"post_tag","embeddable":true,"href":"https:\/\/imais.online\/portal\/wp-json\/wp\/v2\/tags?post=28899"}],"curies":[{"name":"wp","href":"https:\/\/api.w.org\/{rel}","templated":true}]}}