{"id":28962,"date":"2025-09-18T00:32:00","date_gmt":"2025-09-18T03:32:00","guid":{"rendered":"https:\/\/imais.online\/portal\/?p=28962"},"modified":"2025-09-17T13:35:49","modified_gmt":"2025-09-17T16:35:49","slug":"governo-notifica-patroes-sobre-atraso-do-fgts-de-empregadas-domesticas","status":"publish","type":"post","link":"https:\/\/imais.online\/portal\/governo-notifica-patroes-sobre-atraso-do-fgts-de-empregadas-domesticas\/","title":{"rendered":"Governo notifica patr\u00f5es sobre atraso do FGTS de empregadas dom\u00e9sticas"},"content":{"rendered":"<div class=\"imais-before-content-placement\" id=\"imais-188106663\"><script async src=\"\/\/pagead2.googlesyndication.com\/pagead\/js\/adsbygoogle.js?client=ca-pub-8787528412751566\" crossorigin=\"anonymous\"><\/script><ins class=\"adsbygoogle\" style=\"display:block;\" data-ad-client=\"ca-pub-8787528412751566\" \ndata-ad-slot=\"\" \ndata-ad-format=\"auto\"><\/ins>\n<script> \n(adsbygoogle = window.adsbygoogle || []).push({}); \n<\/script>\n<\/div>\n<p class=\"has-text-align-center\">Prazo para regularizar situa\u00e7\u00e3o voluntariamente vai at\u00e9 31 de outubro<\/p>\n\n\n\n<p><strong>O Minist\u00e9rio do Trabalho e Emprego (MTE) inicia nesta quarta-feira (17) o envio de avisos a empregadores para que regularizem os dep\u00f3sitos do Fundo de Garantia do Tempo de Servi\u00e7o (FGTS) de trabalhadoras e trabalhadores dom\u00e9sticos.<\/strong><img decoding=\"async\" src=\"https:\/\/agenciabrasil.ebc.com.br\/ebc.png?id=1659084&amp;o=node\"><img decoding=\"async\" src=\"https:\/\/agenciabrasil.ebc.com.br\/ebc.gif?id=1659084&amp;o=node\"><\/p>\n\n\n\n<p>Em nota, a pasta\u00a0informou que 80.506 empregadores cadastrados\u00a0receber\u00e3o mensagens por meio do Domic\u00edlio Eletr\u00f4nico Trabalhista (DET),\u00a0<a rel=\"noreferrer noopener\" href=\"https:\/\/www.gov.br\/pt-br\/servicos\/domicilio-eletronico-trabalhista-det\" target=\"_blank\">plataforma oficial<\/a>\u00a0de comunica\u00e7\u00e3o com o minist\u00e9rio.<\/p>\n\n\n\n<p>\u201cAs notifica\u00e7\u00f5es foram elaboradas a partir do cruzamento de dados do eSocial com as guias registradas e pagas \u00e0 Caixa Econ\u00f4mica Federal, que apontam ind\u00edcios de d\u00e9bitos no recolhimento do FGTS\u201d, destacou o comunicado.<\/p>\n\n\n\n<p>Ainda segundo a pasta,&nbsp;<strong>a a\u00e7\u00e3o ter\u00e1 car\u00e1ter orientativo neste primeiro momento.<\/strong><\/p>\n\n\n\n<blockquote class=\"wp-block-quote is-layout-flow wp-block-quote-is-layout-flow\">\n<p>\u201cO objetivo \u00e9 alertar os empregadores sobre poss\u00edveis irregularidades no cumprimento da legisla\u00e7\u00e3o trabalhista e estimular a regulariza\u00e7\u00e3o volunt\u00e1ria at\u00e9 31 de outubro de 2025\u201d.<\/p>\n<\/blockquote>\n\n\n\n<p>Encerrado o prazo, o minist\u00e9rio alerta que&nbsp;<strong>os empregadores que n\u00e3o regularizarem a situa\u00e7\u00e3o poder\u00e3o ter os processos encaminhados para notifica\u00e7\u00e3o formal<\/strong>&nbsp;e levantamento oficial dos d\u00e9bitos.<\/p>\n\n\n\n<p>A orienta\u00e7\u00e3o da pasta \u00e9 que empregadores dom\u00e9sticos acompanhem regularmente as mensagens enviadas pelo DET para evitar a perda de prazos e poss\u00edveis preju\u00edzos legais e trabalhistas.<\/p>\n\n\n\n<p>O sistema disponibiliza atos administrativos, procedimentos fiscais, intima\u00e7\u00f5es, notifica\u00e7\u00f5es, decis\u00f5es administrativas e avisos em geral, centralizando toda a comunica\u00e7\u00e3o de forma digital.<\/p>\n\n\n\n<p>\u201cAl\u00e9m de estimular a regulariza\u00e7\u00e3o, a a\u00e7\u00e3o tamb\u00e9m refor\u00e7a a import\u00e2ncia do cumprimento das obriga\u00e7\u00f5es trabalhistas no setor dom\u00e9stico, envolvendo empregadores, entidades sindicais e trabalhadoras e trabalhadores.\u201d<\/p>\n\n\n\n<h2 class=\"wp-block-heading\">N\u00fameros<\/h2>\n\n\n\n<p>O DET contabiliza 80.506 empregadores cadastrados, respons\u00e1veis por 154.063 postos de trabalho dom\u00e9stico em todo o pa\u00eds.&nbsp;<strong>O montante devido ao FGTS, de acordo com o minist\u00e9rio, ultrapassa R$ 375 milh\u00f5es.<\/strong><\/p>\n\n\n\n<blockquote class=\"wp-block-quote is-layout-flow wp-block-quote-is-layout-flow\">\n<p>\u201cO que evidencia n\u00e3o apenas a dimens\u00e3o dos v\u00ednculos empregat\u00edcios no setor, mas tamb\u00e9m a relev\u00e2ncia da regulariza\u00e7\u00e3o e do cumprimento das obriga\u00e7\u00f5es trabalhistas junto a esses profissionais\u201d, acrescentou a pasta.<\/p>\n<\/blockquote>\n\n\n\n<h2 class=\"wp-block-heading\">Estados<\/h2>\n\n\n\n<p><strong>S\u00e3o Paulo lidera em n\u00fameros absolutos, com 26.588 empregadores, 53.072 trabalhadores e uma d\u00edvida de R$ 135 milh\u00f5es.<\/strong>&nbsp;Rio de Janeiro, Minas Gerais e Bahia tamb\u00e9m apresentam valores expressivos, refletindo sua concentra\u00e7\u00e3o populacional e econ\u00f4mica.<\/p>\n\n\n\n<p>J\u00e1 estados como Roraima, Amap\u00e1 e Acre registram os menores volumes, com d\u00e9bitos inferiores a R$ 1 milh\u00e3o, o que, segundo o minist\u00e9rio, \u201cilustra a diversidade da estrutura ocupacional e do mercado de trabalho dom\u00e9stico formalizado no pa\u00eds\u201d.<\/p>\n","protected":false},"excerpt":{"rendered":"<p>Prazo para regularizar situa\u00e7\u00e3o voluntariamente vai at\u00e9 31 de outubro O Minist\u00e9rio do Trabalho e Emprego (MTE) inicia nesta quarta-feira (17) o envio de avisos a empregadores para que regularizem os dep\u00f3sitos do Fundo de Garantia do Tempo de Servi\u00e7o (FGTS) de trabalhadoras e trabalhadores dom\u00e9sticos. Em nota, a pasta\u00a0informou que 80.506 empregadores cadastrados\u00a0receber\u00e3o mensagens [&hellip;]<\/p>\n","protected":false},"author":7,"featured_media":28963,"comment_status":"closed","ping_status":"open","sticky":false,"template":"","format":"standard","meta":{"rop_custom_images_group":[],"rop_custom_messages_group":[],"rop_publish_now":"initial","rop_publish_now_accounts":[],"rop_publish_now_history":[],"rop_publish_now_status":"pending","footnotes":""},"categories":[189],"tags":[73],"class_list":["post-28962","post","type-post","status-publish","format-standard","has-post-thumbnail","hentry","category-brasil","tag-featured"],"amp_enabled":true,"_links":{"self":[{"href":"https:\/\/imais.online\/portal\/wp-json\/wp\/v2\/posts\/28962","targetHints":{"allow":["GET"]}}],"collection":[{"href":"https:\/\/imais.online\/portal\/wp-json\/wp\/v2\/posts"}],"about":[{"href":"https:\/\/imais.online\/portal\/wp-json\/wp\/v2\/types\/post"}],"author":[{"embeddable":true,"href":"https:\/\/imais.online\/portal\/wp-json\/wp\/v2\/users\/7"}],"replies":[{"embeddable":true,"href":"https:\/\/imais.online\/portal\/wp-json\/wp\/v2\/comments?post=28962"}],"version-history":[{"count":1,"href":"https:\/\/imais.online\/portal\/wp-json\/wp\/v2\/posts\/28962\/revisions"}],"predecessor-version":[{"id":28964,"href":"https:\/\/imais.online\/portal\/wp-json\/wp\/v2\/posts\/28962\/revisions\/28964"}],"wp:featuredmedia":[{"embeddable":true,"href":"https:\/\/imais.online\/portal\/wp-json\/wp\/v2\/media\/28963"}],"wp:attachment":[{"href":"https:\/\/imais.online\/portal\/wp-json\/wp\/v2\/media?parent=28962"}],"wp:term":[{"taxonomy":"category","embeddable":true,"href":"https:\/\/imais.online\/portal\/wp-json\/wp\/v2\/categories?post=28962"},{"taxonomy":"post_tag","embeddable":true,"href":"https:\/\/imais.online\/portal\/wp-json\/wp\/v2\/tags?post=28962"}],"curies":[{"name":"wp","href":"https:\/\/api.w.org\/{rel}","templated":true}]}}