{"id":28986,"date":"2025-09-19T14:38:55","date_gmt":"2025-09-19T17:38:55","guid":{"rendered":"https:\/\/imais.online\/portal\/?p=28986"},"modified":"2025-09-19T14:38:55","modified_gmt":"2025-09-19T17:38:55","slug":"parque-dom-pedro-celebra-o-dia-da-arvore-com-distribuicao-de-2-000-mudas-nativas","status":"publish","type":"post","link":"https:\/\/imais.online\/portal\/parque-dom-pedro-celebra-o-dia-da-arvore-com-distribuicao-de-2-000-mudas-nativas\/","title":{"rendered":"Parque Dom Pedro celebra o Dia da \u00c1rvore com distribui\u00e7\u00e3o de 2.000 mudas nativas"},"content":{"rendered":"<div class=\"imais-before-content-placement\" id=\"imais-3164918953\"><script async src=\"\/\/pagead2.googlesyndication.com\/pagead\/js\/adsbygoogle.js?client=ca-pub-8787528412751566\" crossorigin=\"anonymous\"><\/script><ins class=\"adsbygoogle\" style=\"display:block;\" data-ad-client=\"ca-pub-8787528412751566\" \ndata-ad-slot=\"\" \ndata-ad-format=\"auto\"><\/ins>\n<script> \n(adsbygoogle = window.adsbygoogle || []).push({}); \n<\/script>\n<\/div>\n<p class=\"has-text-align-center\"><em>A\u00e7\u00f5es sustent\u00e1veis do empreendimento em 2024, atrav\u00e9s de reciclagem e compostagem, pouparam 42,192 mil \u00e1rvores e evitaram 351 toneladas de CO\u2082<\/em><\/p>\n\n\n\n<p>Neste domingo, 21 de setembro, o Parque Dom Pedro convida seus clientes a celebrarem o Dia da \u00c1rvore com uma a\u00e7\u00e3o especial voltada \u00e0 preserva\u00e7\u00e3o ambiental. Ser\u00e3o distribu\u00eddas gratuitamente 2.000 mudas de esp\u00e9cies nativas, refor\u00e7ando o compromisso do empreendimento com o cuidado do planeta e o engajamento da comunidade.<br><br>A entrega ocorrer\u00e1 na Entrada \u00c1rvores durante o hor\u00e1rio de funcionamento e n\u00e3o \u00e9 necess\u00e1rio cadastro ou qualquer condi\u00e7\u00e3o para participar, basta comparecer e levar sua muda para casa. A iniciativa faz parte da campanha da ALLOS, administradora do Parque Dom Pedro e a mais inovadora plataforma de experi\u00eancias, entretenimento, servi\u00e7os, <em>lifestyle<\/em> e compras do Brasil.<br><br>A celebra\u00e7\u00e3o tamb\u00e9m destaca os resultados das iniciativas sustent\u00e1veis do Parque Dom Pedro em 2024. Com a reciclagem de 928.267 kg de papel\u00e3o, foram poupadas 42.194 \u00e1rvores, o equivalente a 42 hectares de floresta ou 59 campos de futebol. A reciclagem de alum\u00ednio (34.279 kg), pl\u00e1stico (279.912 kg) e a compostagem de 3.574.900 kg de res\u00edduos org\u00e2nicos evitaram a emiss\u00e3o de 351 toneladas de CO\u2082, o que equivale ao plantio de 16.700 \u00e1rvores.<br>\u00a0<br>\u201cO Parque Dom Pedro tem o compromisso de ser mais do que um centro de compras, queremos ser um espa\u00e7o que inspira atitudes conscientes e promove o cuidado com o meio ambiente. A entrega das mudas \u00e9 um gesto simb\u00f3lico, mas poderoso, que refor\u00e7a e tangibiliza um dos nossos pilares que \u00e9 a sustentabilidade\u201d, afirma Tatiane De Conto, gerente de marketing do Parque Dom Pedro.<br>\u00a0<br>Para fortalecer este di\u00e1logo, os clientes poder\u00e3o deixar sugest\u00f5es de novas iniciativas ambientais por meio de um QR Code dispon\u00edvel no local.<br>\u00a0<br><strong>Metas de sustentabilidade <\/strong>\u00a0<\/p>\n\n\n\n<p>A campanha se conecta \u00e0s metas da ALLOS, que incluem alcan\u00e7ar 100% de uso de energia renov\u00e1vel at\u00e9 2030 e atingir a neutralidade de carbono at\u00e9 2040 \u2014 meta j\u00e1 antecipada para 2025 nos quatro shoppings da companhia localizados na Bacia Amaz\u00f4nica. Em escala nacional, os shoppings da ALLOS destinaram mais de 3 milh\u00f5es de toneladas de papel e papel\u00e3o para reciclagem, evitando o corte de cerca de 56 mil \u00e1rvores.<\/p>\n\n\n\n<p>\u201cMais do que espa\u00e7os de compras e conviv\u00eancia, nossos shoppings s\u00e3o agentes de transforma\u00e7\u00e3o social e ambiental. Ao celebrarmos o Dia da \u00c1rvore, refor\u00e7amos nosso compromisso com um planeta mais saud\u00e1vel e com o engajamento das comunidades no cuidado com o meio ambiente\u201d, afirma Ana Paula Niemeyer, diretora de Marketing da Allos.<\/p>\n\n\n\n<p><strong><em>Sobre o Parque Dom Pedro<\/em><\/strong><strong>\u202f<\/strong>&nbsp;<\/p>\n\n\n\n<p><em>Inaugurado em 2002, o Parque Dom Pedro \u00e9 o mais completo centro de compras, lazer, entretenimento, gastronomia e servi\u00e7os da Regi\u00e3o Metropolitana de Campinas, possibilitando novas experi\u00eancias e descobertas a cada visita. Com um espa\u00e7o moderno, vers\u00e1til e inclusivo com 126,5 mil m\u00b2 de ABL (\u00e1rea bruta loc\u00e1vel), possui mais de 400 op\u00e7\u00f5es aos clientes, entre lojas, lazer, restaurantes e servi\u00e7os, oferecendo jornadas de experi\u00eancia memor\u00e1veis para o p\u00fablico. Possui, ainda, 15 salas de cinemas, centro de conven\u00e7\u00f5es e 8 mil vagas de estacionamento. Mensalmente, o empreendimento recebe mais de 1,6 milh\u00e3o de pessoas. Em 2023, o Parque Dom Pedro superou R$ 2 bilh\u00f5es em vendas.<\/em>\u202f<\/p>\n\n\n\n<p>\u202f<\/p>\n\n\n\n<p><strong><em>Sobre a ALLOS<\/em><\/strong><strong>\u202f<\/strong>&nbsp;<\/p>\n\n\n\n<p><em>Somos\u202fa mais inovadora plataforma de experi\u00eancias, entretenimento, servi\u00e7os,\u202flifestyle\u202fe compras da Am\u00e9rica Latina. Nosso portf\u00f3lio tem 55 shoppings pr\u00f3prios e administrados &#8211; refer\u00eancia em todas as regi\u00f5es do pa\u00eds, hubs de solu\u00e7\u00f5es para as cidades e destinos de conviv\u00eancia e experi\u00eancia f\u00edgital. Somos ainda um grande espa\u00e7o de oportunidades para os empreendedores de varejo e servi\u00e7os. Continuaremos trabalhando com o compromisso de servir e encantar nossos consumidores e parceiros todos os dias, promovendo momentos que encantam e transformam. Nossa nova companhia integra o Mercado Novo da Bovespa, com mais alto n\u00edvel de Governan\u00e7a Corporativa, e possui iniciativas com certifica\u00e7\u00f5es internacionalmente reconhecidas, como o \u00cdndice de Sustentabilidade (ISE) da B3 e melhor avalia\u00e7\u00e3o do setor no Carbon Disclosure Project (CDP), al\u00e9m da ades\u00e3o ao Pacto Global da ONU. A empresa tamb\u00e9m foi reconhecida com o selo I-Diversa (B3) e o selo ouro GHG\u202fProtocol.<\/em>\u202f<\/p>\n\n\n\n<p class=\"has-text-align-left\"><br><br><\/p>\n","protected":false},"excerpt":{"rendered":"<p>A\u00e7\u00f5es sustent\u00e1veis do empreendimento em 2024, atrav\u00e9s de reciclagem e compostagem, pouparam 42,192 mil \u00e1rvores e evitaram 351 toneladas de CO\u2082 Neste domingo, 21 de setembro, o Parque Dom Pedro convida seus clientes a celebrarem o Dia da \u00c1rvore com uma a\u00e7\u00e3o especial voltada \u00e0 preserva\u00e7\u00e3o ambiental. Ser\u00e3o distribu\u00eddas gratuitamente 2.000 mudas de esp\u00e9cies nativas, [&hellip;]<\/p>\n","protected":false},"author":7,"featured_media":28987,"comment_status":"closed","ping_status":"open","sticky":false,"template":"","format":"standard","meta":{"rop_custom_images_group":[],"rop_custom_messages_group":[],"rop_publish_now":"initial","rop_publish_now_accounts":[],"rop_publish_now_history":[],"rop_publish_now_status":"pending","footnotes":""},"categories":[272],"tags":[],"class_list":["post-28986","post","type-post","status-publish","format-standard","has-post-thumbnail","hentry","category-campinas"],"amp_enabled":true,"_links":{"self":[{"href":"https:\/\/imais.online\/portal\/wp-json\/wp\/v2\/posts\/28986","targetHints":{"allow":["GET"]}}],"collection":[{"href":"https:\/\/imais.online\/portal\/wp-json\/wp\/v2\/posts"}],"about":[{"href":"https:\/\/imais.online\/portal\/wp-json\/wp\/v2\/types\/post"}],"author":[{"embeddable":true,"href":"https:\/\/imais.online\/portal\/wp-json\/wp\/v2\/users\/7"}],"replies":[{"embeddable":true,"href":"https:\/\/imais.online\/portal\/wp-json\/wp\/v2\/comments?post=28986"}],"version-history":[{"count":1,"href":"https:\/\/imais.online\/portal\/wp-json\/wp\/v2\/posts\/28986\/revisions"}],"predecessor-version":[{"id":28988,"href":"https:\/\/imais.online\/portal\/wp-json\/wp\/v2\/posts\/28986\/revisions\/28988"}],"wp:featuredmedia":[{"embeddable":true,"href":"https:\/\/imais.online\/portal\/wp-json\/wp\/v2\/media\/28987"}],"wp:attachment":[{"href":"https:\/\/imais.online\/portal\/wp-json\/wp\/v2\/media?parent=28986"}],"wp:term":[{"taxonomy":"category","embeddable":true,"href":"https:\/\/imais.online\/portal\/wp-json\/wp\/v2\/categories?post=28986"},{"taxonomy":"post_tag","embeddable":true,"href":"https:\/\/imais.online\/portal\/wp-json\/wp\/v2\/tags?post=28986"}],"curies":[{"name":"wp","href":"https:\/\/api.w.org\/{rel}","templated":true}]}}