{"id":28989,"date":"2025-09-21T14:44:07","date_gmt":"2025-09-21T17:44:07","guid":{"rendered":"https:\/\/imais.online\/portal\/?p=28989"},"modified":"2025-09-19T14:47:09","modified_gmt":"2025-09-19T17:47:09","slug":"4a-edicao-do-festival-da-lua-chega-ao-centro-de-convivencia-este-mes","status":"publish","type":"post","link":"https:\/\/imais.online\/portal\/4a-edicao-do-festival-da-lua-chega-ao-centro-de-convivencia-este-mes\/","title":{"rendered":"4\u00aa edi\u00e7\u00e3o do \u2018Festival da Lua\u2019 chega ao Centro de Conviv\u00eancia este m\u00eas"},"content":{"rendered":"<div class=\"imais-before-content-placement\" id=\"imais-1504332628\"><script async src=\"\/\/pagead2.googlesyndication.com\/pagead\/js\/adsbygoogle.js?client=ca-pub-8787528412751566\" crossorigin=\"anonymous\"><\/script><ins class=\"adsbygoogle\" style=\"display:block;\" data-ad-client=\"ca-pub-8787528412751566\" \ndata-ad-slot=\"\" \ndata-ad-format=\"auto\"><\/ins>\n<script> \n(adsbygoogle = window.adsbygoogle || []).push({}); \n<\/script>\n<\/div>\n<p class=\"has-text-align-center\"><em>Evento, que integra a programa\u00e7\u00e3o da 9\u00aa edi\u00e7\u00e3o da frente CPFL Interc\u00e2mbio Brasil-China, tem programa\u00e7\u00e3o gratuita e foco em sustentabilidade e COP-30<\/em><\/p>\n\n\n\n<p>No fim de semana de <strong>27 e 28 de setembro de 2025<\/strong>, o <strong>Centro de Conviv\u00eancia Cultural de Campinas<\/strong> (SP) ser\u00e1 palco da 4\u00aa edi\u00e7\u00e3o do <strong>Festival da Lua<\/strong>, um dos mais tradicionais eventos da cultura chinesa, que celebra a uni\u00e3o, a gratid\u00e3o e a abund\u00e2ncia das colheitas. Neste ano, o festival ocorre das <strong>9h \u00e0s 17h<\/strong> e ganha um novo olhar ao dialogar com os desafios globais da atualidade, trazendo como tema <strong>\u201cSustentabilidade e COP-30\u201d<\/strong>. Totalmente gratuito e aberto a todas as idades, o festival re\u00fane <strong>apresenta\u00e7\u00f5es culturais, oficinas, viv\u00eancias e ativa\u00e7\u00f5es interativas<\/strong>, promovendo um interc\u00e2mbio entre as tradi\u00e7\u00f5es milenares da China e as reflex\u00f5es contempor\u00e2neas sobre o futuro do planeta.<\/p>\n\n\n\n<p>O <strong>Festival da Lua 2025 promove a coopera\u00e7\u00e3o entre as culturas chinesa e brasileira, com apoio do Instituto CPFL, State Grid e Secretaria de Cultura e Turismo de Campinas, com patroc\u00ednio da CPFL Energia e realiza\u00e7\u00e3o da Shaolin Chan Cultural e Cultura SP.<\/strong><\/p>\n\n\n\n<p>O evento integra a programa\u00e7\u00e3o da <strong>9\u00aa edi\u00e7\u00e3o da frente CPFL Interc\u00e2mbio Brasil-China<\/strong>, que re\u00fane diversas atividades apoiadas pelo Instituto CPFL, como a <em>Exposi\u00e7\u00e3o China Milenar: Lendas Mitos e Festivais<\/em> (em cartaz at\u00e9 08\/11 no Instituto), e o lan\u00e7amento do livro <em>Quando uma jacar\u00e9 encontra um panda<\/em>. A programa\u00e7\u00e3o completa pode ser conferida no site do instituto, clicando <a href=\"https:\/\/institutocpfl.org.br\/\">aqui<\/a>. \u201cO Festival da Lua representa um momento de grande relev\u00e2ncia na programa\u00e7\u00e3o da 9\u00aa edi\u00e7\u00e3o da frente CPFL Interc\u00e2mbio Brasil-China, ao aproximar o p\u00fablico da riqueza da cultura chinesa e, simultaneamente, fomentar um espa\u00e7o de di\u00e1logo sobre temas de import\u00e2ncia global\u201d, ressalta a head do Instituto CPFL, Daniela Ortolani Pagotto.<\/p>\n\n\n\n<p><strong>Programa\u00e7\u00e3o diversa e para todas as idades<\/strong><\/p>\n\n\n\n<p>As atividades do Festival da Lua estar\u00e3o distribu\u00eddas por diferentes espa\u00e7os do Centro de Conviv\u00eancia, em hor\u00e1rios variados, valorizando a diversidade art\u00edstica e a participa\u00e7\u00e3o do p\u00fablico:<\/p>\n\n\n\n<ul class=\"wp-block-list\">\n<li><strong>Entrada externa<\/strong>: exibi\u00e7\u00f5es vibrantes da <strong>Dan\u00e7a do Le\u00e3o<\/strong> e da<strong> Dan\u00e7a do Drag\u00e3o<\/strong>, s\u00edmbolos tradicionais de prosperidade e boa sorte.<\/li>\n\n\n\n<li><strong>Palco (sagu\u00e3o verde)<\/strong>: apresenta\u00e7\u00f5es musicais, performances de <strong>C-Pop, Dan\u00e7a do Leque<\/strong>, circo e brincadeiras po\u00e9ticas, criando uma atmosfera de celebra\u00e7\u00e3o multicultural.<\/li>\n\n\n\n<li><strong>Oficinas<\/strong>: atividades manuais e culturais como <strong>n\u00f3 chin\u00eas<\/strong>,<strong> origami<\/strong>,<strong> padronagem chinesa<\/strong>, m<strong>\u00e1scaras<\/strong> e c<strong>h\u00e1 chin\u00eas<\/strong>, cada uma com dura\u00e7\u00e3o de 60 minutos.<\/li>\n\n\n\n<li><strong>Espa\u00e7o infantil<\/strong>: oficinas criativas de brinquedos recicl\u00e1veis e atividades de arte e divers\u00e3o, unindo aprendizado e consci\u00eancia ambiental.<\/li>\n\n\n\n<li><strong>Viv\u00eancias e ativa\u00e7\u00f5es<\/strong>: experi\u00eancias imersivas como a <strong>\u00c1rvore das ODS (Objetivos de Desenvolvimento Sustent\u00e1vel)<\/strong>, um s<strong>imulador de asa delta<\/strong>, e<strong>xposi\u00e7\u00e3o t\u00e1til<\/strong> e pintura de rosto.<\/li>\n<\/ul>\n\n\n\n<p><strong>Um festival milenar com olhar para o futuro<\/strong><\/p>\n\n\n\n<p>Na tradi\u00e7\u00e3o chinesa, o Festival da Lua \u00e9 uma das festas mais importantes, celebrado durante a lua cheia do oitavo m\u00eas lunar. Al\u00e9m de ser um momento de encontro familiar, o festival tamb\u00e9m convida \u00e0 contempla\u00e7\u00e3o da natureza e \u00e0 reflex\u00e3o sobre o equil\u00edbrio da vida em comunidade &#8211; valores que se conectam diretamente \u00e0 urg\u00eancia da pauta ambiental.<\/p>\n\n\n\n<p>A China, que ao longo da hist\u00f3ria desenvolveu uma profunda rela\u00e7\u00e3o com a terra e os ciclos naturais, hoje tamb\u00e9m desempenha papel central nas discuss\u00f5es sobre meio ambiente e sustentabilidade global. Neste contexto, o Festival da Lua em Campinas prop\u00f5e uma ponte entre cultura, consci\u00eancia ambiental e a\u00e7\u00e3o coletiva, em sintonia com os debates da <strong>COP-30<\/strong>, que ser\u00e1 realizada na capital paraense em novembro.<\/p>\n\n\n\n<p><strong>PROGRAMA\u00c7\u00c3O COMPLETA<\/strong><\/p>\n\n\n\n<p><strong>S\u00c1BADO (27)<\/strong><\/p>\n\n\n\n<figure class=\"wp-block-table\"><table><tbody><tr><td><strong>Hor\u00e1rio<\/strong><\/td><td><strong>Atividade&nbsp;<\/strong><\/td><td><strong>Local<\/strong><\/td><\/tr><tr><td>9h \u2013 9h30<\/td><td><strong>DJ (Gui Bendinskas) + mestre de cerim\u00f4nias<\/strong><\/td><td>Palco (Sagu\u00e3o Verde)<\/td><\/tr><tr><td>9h30 \u2013 9h40<\/td><td><strong>Dan\u00e7a do Le\u00e3o (abertura) -Shaolin Chan Cultural<\/strong><\/td><td>Entrada Externa<\/td><\/tr><tr><td>10h \u2013 11h30<\/td><td><strong>N\u00f3 Chin\u00eas &#8211; Ana Chinchila<\/strong><\/td><td>Oficinas<\/td><\/tr><tr><td>10h15 \u2013 10h25<\/td><td><strong>Dan\u00e7a do Leque (1\u00aa edi\u00e7\u00e3o) \u2013Shaolin Chan Cultural<\/strong><\/td><td>Palco (Sagu\u00e3o Verde)<\/td><\/tr><tr><td>10h30 \u2013 11h15<\/td><td><strong>Oficina de Brinquedos Recicl\u00e1veis &#8211; Priscila<\/strong><\/td><td>Espa\u00e7o Infantil<\/td><\/tr><tr><td>10h30 \u2013 11h30<\/td><td><strong>Circo: Diabol\u00f4, pratos e acrob\u00e1ticos &#8211; Aurinha<\/strong><\/td><td>Palco (Sagu\u00e3o Verde)<\/td><\/tr><tr><td>11h \u2013 11h10<\/td><td><strong>Dan\u00e7a do Drag\u00e3o \u2013 Shaolin Chan Cultural<\/strong><\/td><td>Entrada Externa<\/td><\/tr><tr><td>11h45 \u2013 13h15<\/td><td><strong>Padronagem Chinesa \u2013 Rose<\/strong><\/td><td>Oficinas<\/td><\/tr><tr><td>12h30 \u2013 13h<\/td><td><strong>C-Pop &#8211; Cia Eclipse<\/strong><\/td><td>Palco (Sagu\u00e3o Verde)<\/td><\/tr><tr><td>13h30 \u2013 14h20<\/td><td><strong>Brincadeiras Po\u00e9ticas &#8211; Carolina Peixoto, Dhara e Thiago Peixoto<\/strong><\/td><td>Palco (Sagu\u00e3o Verde)<\/td><\/tr><tr><td>13h30 \u2013 15h<\/td><td><strong>Corte de Papel &#8211; Nina Pipo<\/strong><\/td><td>Oficinas<\/td><\/tr><tr><td>14h \u2013 14h10<\/td><td><strong>Dan\u00e7a do Le\u00e3o &#8211; Shaolin Chan Cultural<\/strong><\/td><td>Entrada Externa<\/td><\/tr><tr><td>15h30 \u2013 16h<\/td><td><strong>Hua Xing Dan\u00e7a &#8211; Hua Xing S\u00e3o Paulo<\/strong><\/td><td>Palco (Sagu\u00e3o Verde)<\/td><\/tr><tr><td>15h30 \u2013 17h<\/td><td><strong>Lanterna Chinesa &#8211; Ana Chinchila<\/strong><\/td><td>Oficinas<\/td><\/tr><tr><td>16h30 \u2013 17h<\/td><td><strong>Apresenta\u00e7\u00e3o Musical &#8211; Trio Nelson Lin, Tonny Lee e Japonego Nelson<\/strong><\/td><td>Palco (Sagu\u00e3o Verde)<\/td><\/tr><tr><td>17h \u2013 17h10<\/td><td><strong>Dan\u00e7a do Drag\u00e3o (encerramento) \u2013 Shaolin Chan Cultural<\/strong><\/td><td>Entrada Externa<\/td><\/tr><tr><td>Durante a tarde<\/td><td><strong>Oficina Arte e Divers\u00e3o \u2013 Priscila<\/strong><\/td><td>Espa\u00e7o Infantil<\/td><\/tr><tr><td>Ao longo do dia<\/td><td><strong>\u00c1rvore das ODS<\/strong><\/td><td>Entrada<\/td><\/tr><tr><td>Ao longo do dia<\/td><td><strong>Simulador de Asa Delta \u2013 Cau\u00ea Goularte<\/strong><\/td><td>Viv\u00eancias e Ativa\u00e7\u00f5es<\/td><\/tr><tr><td>Ao longo do dia<\/td><td><strong>Exposi\u00e7\u00e3o T\u00e1til \u2013 Carlos Candido<\/strong><\/td><td>Viv\u00eancias e Ativa\u00e7\u00f5es<\/td><\/tr><tr><td>Ao longo do dia<\/td><td><strong>Pintura de rosto<\/strong><\/td><td>Espa\u00e7o Infantil<\/td><\/tr><\/tbody><\/table><\/figure>\n\n\n\n<p><strong>DOMINGO (28)<\/strong><\/p>\n\n\n\n<figure class=\"wp-block-table\"><table><tbody><tr><td><strong>Hor\u00e1rio<\/strong><\/td><td><strong>Atividade&nbsp;<\/strong><\/td><td><strong>Local<\/strong><\/td><\/tr><tr><td>9h \u2013 9h30<\/td><td><strong>DJ Gui Bendinskas + mestre de cerim\u00f4nia<\/strong><\/td><td>Palco (Sagu\u00e3o Verde)<\/td><\/tr><tr><td>9h30 \u2013 9h40<\/td><td><strong>Dan\u00e7a do Le\u00e3o (abertura) \u2013Shaolin Chan Cultural<\/strong><\/td><td>Entrada Externa<\/td><\/tr><tr><td>10h \u2013 11h30<\/td><td><strong>Origami Chin\u00eas \u2013 Nina Pupo<\/strong><\/td><td>Oficinas<\/td><\/tr><tr><td>10h15 \u2013 10h25<\/td><td><strong>Dan\u00e7a das Sombrinhas (1\u00aa edi\u00e7\u00e3o) \u2013 Instituto Confucio<\/strong><\/td><td>Palco (Sagu\u00e3o Verde)<\/td><\/tr><tr><td>10h30 \u2013 11h15<\/td><td><strong>Oficina de Brinquedos Recicl\u00e1veis \u2013 Priscila<\/strong><\/td><td>Espa\u00e7o Infantil<\/td><\/tr><tr><td>10h30 \u2013 11h30<\/td><td><strong>Circo: Diabol\u00f4, pratos e acrob\u00e1ticos &#8211; Aurinha<\/strong><\/td><td>Palco (Sagu\u00e3o Verde)<\/td><\/tr><tr><td>11h \u2013 11h10<\/td><td><strong>Dan\u00e7a do Drag\u00e3o \u2013 Shaolin Chan Cultural<\/strong><\/td><td>Entrada Externa<\/td><\/tr><tr><td>11h45 \u2013 13h15<\/td><td><strong>Escrita Chinesa \u2013 Instituto Confucio<\/strong><\/td><td>Oficinas<\/td><\/tr><tr><td>12h30 \u2013 13h<\/td><td><strong>Dan\u00e7a do Leque (1\u00aa edi\u00e7\u00e3o) \u2013Shaolin Chan Cultural<\/strong><\/td><td>Palco (Sagu\u00e3o Verde)<\/td><\/tr><tr><td>13h30 \u2013 14h20<\/td><td><strong>Brincadeiras Po\u00e9ticas \u2013 Carolina Peixoto, Dhara e Thiago Peixoto<\/strong><\/td><td>Palco (Sagu\u00e3o Verde)<\/td><\/tr><tr><td>13h30 \u2013 15h<\/td><td><strong>M\u00e1scaras \u2013 Pedro<\/strong><\/td><td>Oficinas<\/td><\/tr><tr><td>15h30 \u2013 16h<\/td><td><strong>C-Pop \u2013 Cia Eclipse<\/strong><\/td><td>Palco (Sagu\u00e3o Verde)<\/td><\/tr><tr><td>15h30 \u2013 17h<\/td><td><strong>Ch\u00e1 Chin\u00eas \u2013 Ronaldo<\/strong><\/td><td>Oficinas<\/td><\/tr><tr><td>16h30 \u2013 17h<\/td><td><strong>Apresenta\u00e7\u00e3o Musical &#8211; Trio Nelson Lin, Blaze e Luu Miuky<\/strong><\/td><td>Palco (Sagu\u00e3o Verde)<\/td><\/tr><tr><td>17h \u2013 17h10<\/td><td><strong>Dan\u00e7a do Drag\u00e3o (encerramento) \u2013 Shaolin Chan Cultural<\/strong><\/td><td>Entrada Externa<\/td><\/tr><tr><td>Durante a tarde<\/td><td><strong>Oficina Arte e Divers\u00e3o \u2013 Priscila<\/strong><\/td><td>Espa\u00e7o Infantil<\/td><\/tr><tr><td>Ao longo do dia<\/td><td><strong>\u00c1rvore das ODS<\/strong><\/td><td>Entrada<\/td><\/tr><tr><td>Ao longo do dia<\/td><td><strong>Simulador de Asa Delta \u2013 Cau\u00ea Goularte<\/strong><\/td><td>Viv\u00eancias e Ativa\u00e7\u00f5es<\/td><\/tr><tr><td>Ao longo do dia<\/td><td><strong>Exposi\u00e7\u00e3o T\u00e1til \u2013 Carlos Candido<\/strong><\/td><td>Viv\u00eancias e Ativa\u00e7\u00f5es<\/td><\/tr><tr><td>Ao longo do dia<\/td><td><strong>Pintura de rosto<\/strong><\/td><td>Espa\u00e7o Infantil<\/td><\/tr><\/tbody><\/table><\/figure>\n\n\n\n<p><strong>Sobre o Instituto CPFL&nbsp;<\/strong>Desde 2003, o Instituto CPFL (ICPFL) \u00e9 a plataforma de investimento social privado do Grupo CPFL Energia, desenvolvendo projetos nas \u00e1reas de esporte e cultura como instrumentos estrat\u00e9gicos de transforma\u00e7\u00e3o social nas comunidades onde o grupo atua. Alinhados \u00e0 Estrat\u00e9gia ESG do Grupo CPFL, nosso objetivo \u00e9 gerar impactos positivos e duradouros e construir um futuro promissor para a sociedade por meio de cinco frentes de atua\u00e7\u00e3o: CPFL Jovem Gera\u00e7\u00e3o, CPFL Interc\u00e2mbio Brasil-China, Circuito CPFL, CPFL nos Hospitais e Caf\u00e9 Filos\u00f3fico CPFL. O Instituto CPFL tem sido refer\u00eancia no setor, aplicando com excel\u00eancia as leis governamentais de incentivo \u00e0s a\u00e7\u00f5es sociais e culturais. Saiba mais em <a href=\"http:\/\/www.institutocpfl.org.br\">www.institutocpfl.org.br<\/a>.<\/p>\n\n\n\n<p><strong>SERVI\u00c7O<\/strong><strong><br>Festival da Lua 2025<br>Datas<\/strong> 27 e 28 de setembro (s\u00e1bado e domingo) l <strong>Hor\u00e1rio<\/strong> 9h \u00e0s 17h<br><strong>Local<\/strong> Centro de Conviv\u00eancia Cultural \u2013 R: General Os\u00f3rio, 1613, Cambu\u00ed, Campinas\/SP &#8211; <a href=\"https:\/\/maps.app.goo.gl\/cyNPXz7SDG5J9ojr5\">MAPA AQUI<\/a><br><strong>Entrada gratuita<\/strong><strong><br>Instagram <\/strong>@festivaldaluacampinas<\/p>\n","protected":false},"excerpt":{"rendered":"<p>Evento, que integra a programa\u00e7\u00e3o da 9\u00aa edi\u00e7\u00e3o da frente CPFL Interc\u00e2mbio Brasil-China, tem programa\u00e7\u00e3o gratuita e foco em sustentabilidade e COP-30 No fim de semana de 27 e 28 de setembro de 2025, o Centro de Conviv\u00eancia Cultural de Campinas (SP) ser\u00e1 palco da 4\u00aa edi\u00e7\u00e3o do Festival da Lua, um dos mais tradicionais [&hellip;]<\/p>\n","protected":false},"author":7,"featured_media":28990,"comment_status":"closed","ping_status":"open","sticky":false,"template":"","format":"standard","meta":{"rop_custom_images_group":[],"rop_custom_messages_group":[],"rop_publish_now":"initial","rop_publish_now_accounts":[],"rop_publish_now_history":[],"rop_publish_now_status":"pending","footnotes":""},"categories":[272,194],"tags":[],"class_list":["post-28989","post","type-post","status-publish","format-standard","has-post-thumbnail","hentry","category-campinas","category-regia"],"amp_enabled":true,"_links":{"self":[{"href":"https:\/\/imais.online\/portal\/wp-json\/wp\/v2\/posts\/28989","targetHints":{"allow":["GET"]}}],"collection":[{"href":"https:\/\/imais.online\/portal\/wp-json\/wp\/v2\/posts"}],"about":[{"href":"https:\/\/imais.online\/portal\/wp-json\/wp\/v2\/types\/post"}],"author":[{"embeddable":true,"href":"https:\/\/imais.online\/portal\/wp-json\/wp\/v2\/users\/7"}],"replies":[{"embeddable":true,"href":"https:\/\/imais.online\/portal\/wp-json\/wp\/v2\/comments?post=28989"}],"version-history":[{"count":1,"href":"https:\/\/imais.online\/portal\/wp-json\/wp\/v2\/posts\/28989\/revisions"}],"predecessor-version":[{"id":28991,"href":"https:\/\/imais.online\/portal\/wp-json\/wp\/v2\/posts\/28989\/revisions\/28991"}],"wp:featuredmedia":[{"embeddable":true,"href":"https:\/\/imais.online\/portal\/wp-json\/wp\/v2\/media\/28990"}],"wp:attachment":[{"href":"https:\/\/imais.online\/portal\/wp-json\/wp\/v2\/media?parent=28989"}],"wp:term":[{"taxonomy":"category","embeddable":true,"href":"https:\/\/imais.online\/portal\/wp-json\/wp\/v2\/categories?post=28989"},{"taxonomy":"post_tag","embeddable":true,"href":"https:\/\/imais.online\/portal\/wp-json\/wp\/v2\/tags?post=28989"}],"curies":[{"name":"wp","href":"https:\/\/api.w.org\/{rel}","templated":true}]}}