{"id":29086,"date":"2025-09-21T17:16:46","date_gmt":"2025-09-21T20:16:46","guid":{"rendered":"https:\/\/imais.online\/portal\/?p=29086"},"modified":"2025-09-21T17:16:46","modified_gmt":"2025-09-21T20:16:46","slug":"mulher-morta-a-tiros-pelo-marido-retirou-medida-protetiva-apos-ele-prometer-mudar-diz-mae-da-vitima","status":"publish","type":"post","link":"https:\/\/imais.online\/portal\/mulher-morta-a-tiros-pelo-marido-retirou-medida-protetiva-apos-ele-prometer-mudar-diz-mae-da-vitima\/","title":{"rendered":"Mulher morta a tiros pelo marido retirou medida protetiva ap\u00f3s ele &#8216;prometer mudar&#8217;, diz m\u00e3e da v\u00edtima"},"content":{"rendered":"<div class=\"imais-before-content-placement\" id=\"imais-1732717663\"><script async src=\"\/\/pagead2.googlesyndication.com\/pagead\/js\/adsbygoogle.js?client=ca-pub-8787528412751566\" crossorigin=\"anonymous\"><\/script><ins class=\"adsbygoogle\" style=\"display:block;\" data-ad-client=\"ca-pub-8787528412751566\" \ndata-ad-slot=\"\" \ndata-ad-format=\"auto\"><\/ins>\n<script> \n(adsbygoogle = window.adsbygoogle || []).push({}); \n<\/script>\n<\/div>\n<h2 class=\"wp-block-heading\">Larissa dos Santos Silva, de 29 anos, foi baleada na manh\u00e3 deste s\u00e1bado (20), em Campinas (SP).<\/h2>\n\n\n\n<p>A m\u00e3e de&nbsp;<a class=\"\" href=\"https:\/\/g1.globo.com\/sp\/campinas-regiao\/noticia\/2025\/09\/20\/mulher-morre-apos-ser-baleada-pelo-companheiro-em-campinas.ghtml\">Larissa dos Santos Silva, de 29 anos, morta a tiros pelo companheiro na manh\u00e3 deste s\u00e1bado (20)<\/a>, em&nbsp;<a class=\"\" href=\"https:\/\/g1.globo.com\/sp\/campinas-regiao\/cidade\/campinas\/\">Campinas (SP)<\/a>, relatou que a filha chegou a pedir uma medida protetiva contra o marido, mas retirou o pedido ap\u00f3s promessas de mudan\u00e7a. O homem est\u00e1 foragido.<\/p>\n\n\n\n<p>Depois do crime, Bruno William da Silva vestiu um capuz preto e fugiu em uma motocicleta.&nbsp;A filha do casal, de 14 anos, presenciou a fuga e correu para socorrer a m\u00e3e.&nbsp;Ela e os tr\u00eas irm\u00e3os estavam dentro da casa no momento dos disparos.<\/p>\n\n\n\n<blockquote class=\"wp-block-quote is-layout-flow wp-block-quote-is-layout-flow\">\n<p>\u201cEla sempre lutou para ficar com ele, mesmo contra a minha vontade. At\u00e9 o ponto de ver minha filha do jeito que eu estou vendo ali. \u00c9 uma dor que n\u00e3o tem tamanho, n\u00e3o tem explica\u00e7\u00e3o\u201d, disse Mariza dos Santos, m\u00e3e da v\u00edtima.<\/p>\n<\/blockquote>\n\n\n\n<p>Segundo a m\u00e3e, Larissa havia come\u00e7ado a trabalhar como atendente em uma lanchonete durante a madrugada para sustent\u00e1-los. O novo emprego teria intensificado as crises de ci\u00fames do companheiro.<\/p>\n\n\n\n<blockquote class=\"wp-block-quote is-layout-flow wp-block-quote-is-layout-flow\">\n<p>\u201cEle nem cuidava da casa, da responsabilidade de casa, e nem deixava ela trabalhar. E ela tinha que trabalhar para sustentar as crian\u00e7as. A\u00ed, quando arranjou esse emprego de noite, que dava para ela fazer as coisas di\u00e1rias das crian\u00e7as, ele n\u00e3o aceitou\u201d, contou Mariza.<\/p>\n<\/blockquote>\n\n\n\n<figure class=\"wp-block-image\"><img decoding=\"async\" src=\"https:\/\/s2-g1.glbimg.com\/N6X_y4laVtDYmy83vtPRFsF-9kU=\/0x0:1200x1200\/984x0\/smart\/filters:strip_icc()\/i.s3.glbimg.com\/v1\/AUTH_59edd422c0c84a879bd37670ae4f538a\/internal_photos\/bs\/2025\/c\/Z\/Cv7OgoTYaABXB5X3LCxg\/vitima-e-autor-feminicidio.png\" alt=\"Larissa da Silva era m\u00e3e de quatro filhos. Segundo a PM, Bruno Wiliam da Silva teria fugido em uma motocicleta ap\u00f3s atirar na esposa.. \u2014 Foto: Arquivo pessoal\"\/><\/figure>\n\n\n\n<p>Larissa da Silva era m\u00e3e de quatro filhos. Segundo a PM, Bruno Wiliam da Silva teria fugido em uma motocicleta ap\u00f3s atirar na esposa.. \u2014 Foto: Arquivo pessoal<\/p>\n\n\n\n<p>Mariza tamb\u00e9m disse que sabia que Bruno possu\u00eda uma arma, mas que nunca imaginou que ele pudesse cometer o crime. Segundo ela, uma das filhas do casal presenciou o momento do ataque.<\/p>\n\n\n\n<blockquote class=\"wp-block-quote is-layout-flow wp-block-quote-is-layout-flow\">\n<p>\u201cEu espero que ele pague o que ele fez. Apesar de n\u00e3o trazer minha filha de volta, que ele seja preso e logo. N\u00e3o tem cabimento, n\u00e3o tem\u201d, afirmou.<\/p>\n<\/blockquote>\n\n\n\n<p>A m\u00e3e disse que pretende ficar com os netos e cuidar deles da melhor forma poss\u00edvel. \u201cA \u00fanica coisa que eu tinha era a minha filha.&nbsp;E o pai dela faleceu, n\u00e3o tem nem dois anos. A minha filha acabou.\u201d<\/p>\n\n\n\n<figure class=\"wp-block-image\"><img decoding=\"async\" src=\"https:\/\/s2-g1.glbimg.com\/-q4URKwuGYrvFXIOAzrXBz7jZzM=\/0x0:1200x700\/984x0\/smart\/filters:strip_icc()\/i.s3.glbimg.com\/v1\/AUTH_59edd422c0c84a879bd37670ae4f538a\/internal_photos\/bs\/2025\/6\/j\/lUT3pdQXyJq9BsyrmFfQ\/feminicidio.png\" alt=\"Mulher morre ap\u00f3s ser baleada pelo companheiro em Campinas \u2014 Foto: Bianca Rosa\/EPTV\"\/><\/figure>\n\n\n\n<p>Mulher morre ap\u00f3s ser baleada pelo companheiro em Campinas \u2014 Foto: Bianca Rosa\/EPTV<\/p>\n\n\n\n<h2 class=\"wp-block-heading\">Baleada a caminho de casa<\/h2>\n\n\n\n<p>De acordo com o boletim de ocorr\u00eancia, Larissa foi atingida por\u00a0<strong>dois disparos<\/strong>\u00a0de arma de fogo ap\u00f3s chegar em casa com uma amiga, por volta das 8h30.<\/p>\n\n\n\n<p>A amiga disse \u00e0 pol\u00edcia que as duas haviam sa\u00eddo do trabalho e passado em um supermercado. Ao descer do carro com uma cartela de ovos,&nbsp;Larissa foi surpreendida por Bruno, que abriu o port\u00e3o j\u00e1 apontando uma arma de fogo.<\/p>\n\n\n\n<p>Ele a amea\u00e7ou efetuou o primeiro disparo no peito. A v\u00edtima tentou fugir, mas foi atingida novamente ao virar as costas.<\/p>\n\n\n\n<p>O boletim tamb\u00e9m aponta que&nbsp;Larissa j\u00e1 sofria viol\u00eancia dom\u00e9stica&nbsp;e que Bruno escondia muni\u00e7\u00f5es no porta-luvas de um ve\u00edculo Audi, estacionado no local de trabalho dele. A Pol\u00edcia Civil encontrou tr\u00eas muni\u00e7\u00f5es calibre .32 no carro.<\/p>\n\n\n\n<p>O caso foi registrado como feminic\u00eddio, com agravante por ter sido cometido na presen\u00e7a de descendente da v\u00edtima, al\u00e9m de posse irregular de muni\u00e7\u00e3o de uso permitido e viol\u00eancia dom\u00e9stica.<\/p>\n\n\n\n<p>Fonte EPTV Campinas <\/p>\n","protected":false},"excerpt":{"rendered":"<p>Larissa dos Santos Silva, de 29 anos, foi baleada na manh\u00e3 deste s\u00e1bado (20), em Campinas (SP). A m\u00e3e de&nbsp;Larissa dos Santos Silva, de 29 anos, morta a tiros pelo companheiro na manh\u00e3 deste s\u00e1bado (20), em&nbsp;Campinas (SP), relatou que a filha chegou a pedir uma medida protetiva contra o marido, mas retirou o pedido [&hellip;]<\/p>\n","protected":false},"author":8,"featured_media":29087,"comment_status":"closed","ping_status":"open","sticky":false,"template":"","format":"standard","meta":{"rop_custom_images_group":[],"rop_custom_messages_group":[],"rop_publish_now":"initial","rop_publish_now_accounts":[],"rop_publish_now_history":[],"rop_publish_now_status":"pending","footnotes":""},"categories":[230],"tags":[],"class_list":["post-29086","post","type-post","status-publish","format-standard","has-post-thumbnail","hentry","category-interior"],"amp_enabled":true,"_links":{"self":[{"href":"https:\/\/imais.online\/portal\/wp-json\/wp\/v2\/posts\/29086","targetHints":{"allow":["GET"]}}],"collection":[{"href":"https:\/\/imais.online\/portal\/wp-json\/wp\/v2\/posts"}],"about":[{"href":"https:\/\/imais.online\/portal\/wp-json\/wp\/v2\/types\/post"}],"author":[{"embeddable":true,"href":"https:\/\/imais.online\/portal\/wp-json\/wp\/v2\/users\/8"}],"replies":[{"embeddable":true,"href":"https:\/\/imais.online\/portal\/wp-json\/wp\/v2\/comments?post=29086"}],"version-history":[{"count":1,"href":"https:\/\/imais.online\/portal\/wp-json\/wp\/v2\/posts\/29086\/revisions"}],"predecessor-version":[{"id":29088,"href":"https:\/\/imais.online\/portal\/wp-json\/wp\/v2\/posts\/29086\/revisions\/29088"}],"wp:featuredmedia":[{"embeddable":true,"href":"https:\/\/imais.online\/portal\/wp-json\/wp\/v2\/media\/29087"}],"wp:attachment":[{"href":"https:\/\/imais.online\/portal\/wp-json\/wp\/v2\/media?parent=29086"}],"wp:term":[{"taxonomy":"category","embeddable":true,"href":"https:\/\/imais.online\/portal\/wp-json\/wp\/v2\/categories?post=29086"},{"taxonomy":"post_tag","embeddable":true,"href":"https:\/\/imais.online\/portal\/wp-json\/wp\/v2\/tags?post=29086"}],"curies":[{"name":"wp","href":"https:\/\/api.w.org\/{rel}","templated":true}]}}