{"id":2910,"date":"2021-11-09T14:29:46","date_gmt":"2021-11-09T17:29:46","guid":{"rendered":"https:\/\/imais.online\/portal\/?p=2910"},"modified":"2021-11-09T14:33:20","modified_gmt":"2021-11-09T17:33:20","slug":"heineken-celebra-o-lancamento-da-plataforma-green-your-city","status":"publish","type":"post","link":"https:\/\/imais.online\/portal\/heineken-celebra-o-lancamento-da-plataforma-green-your-city\/","title":{"rendered":"Heineken celebra o lan\u00e7amento da plataforma Green Your City"},"content":{"rendered":"<div class=\"imais-before-content-placement\" id=\"imais-4047535890\"><script async src=\"\/\/pagead2.googlesyndication.com\/pagead\/js\/adsbygoogle.js?client=ca-pub-8787528412751566\" crossorigin=\"anonymous\"><\/script><ins class=\"adsbygoogle\" style=\"display:block;\" data-ad-client=\"ca-pub-8787528412751566\" \ndata-ad-slot=\"\" \ndata-ad-format=\"auto\"><\/ins>\n<script> \n(adsbygoogle = window.adsbygoogle || []).push({}); \n<\/script>\n<\/div>\n<p class=\"has-text-align-center\"><em>Ativa\u00e7\u00f5es em diferentes capitais marcaram o lan\u00e7amento da plataforma que materializar\u00e1 os compromissos de sustentabilidade para os pr\u00f3ximos anos por meio de experi\u00eancias de marca e a ressignifica\u00e7\u00e3o dos grandes centros urbanos.<\/em><\/p>\n\n\n\n<p>Comunicado no final de 2020, o quarto ingrediente da cerveja premium Heineken, a energia 100% verde, ganhou as ruas de diferentes cidades para chamar a aten\u00e7\u00e3o para um novo momento, com a retomada das atividades culturais no pa\u00eds. Iluminados de verde, pontos ic\u00f4nicos e bares parceiros se juntaram \u00e0 iniciativa da marca para trazer a energia verde como s\u00edmbolo de retomada, e marcar oficialmente o lan\u00e7amento da plataforma <em>Green Your City<\/em> .<\/p>\n\n\n\n<p>A plataforma materializar\u00e1 os compromissos de sustentabilidade da marca Heineken nos pr\u00f3ximos anos, divididos em tr\u00eas principais pilares &#8211; economia circular, cidades mais verdes e consumo respons\u00e1vel. Tendo a cidade como protagonista, Heineken mostra que \u00e9 nos grandes centros urbanos, onde a maior parte da popula\u00e7\u00e3o mundial se concentra, que uma jornada efetiva de mudan\u00e7as deve acontecer visando um futuro mais verde.<\/p>\n\n\n\n<p>A marca Heineken ter\u00e1 papel fundamental dentro do Grupo no Brasil para alavancar metas maiores da companhia, como a neutraliza\u00e7\u00e3o das emiss\u00f5es de carbono em toda a sua cadeia de valor at\u00e9 2040.<\/p>\n\n\n\n<p><strong>GREEN YOUR CITY<\/strong><\/p>\n\n\n\n<p>Green Your City \u00e9 uma plataforma com uma s\u00e9rie de iniciativas com o vi\u00e9s sustent\u00e1vel para a vida noturna, cena cultural e a ressignifica\u00e7\u00e3o de espa\u00e7os urbanos. \u00c9 um olhar in\u00e9dito para formas de discutir o impacto ambiental, por meio de experi\u00eancias de marca e um convite \u00e0 reflex\u00e3o.<\/p>\n\n\n\n<p>Para o lan\u00e7amento, a marca iluminou tr\u00eas capitais do pa\u00eds &#8211; SP, RJ e BH &#8211; com energia verde. Pontos ic\u00f4nicos das capitais, bares e restaurantes parceiros se juntaram para mostrar que as melhores noites s\u00e3o feitas com energia verde. A ilumina\u00e7\u00e3o \u00e9 uma celebra\u00e7\u00e3o aos compromissos sustent\u00e1veis da marca, e ainda uma refer\u00eancia \u00e0 utiliza\u00e7\u00e3o de energia limpa, 100% renov\u00e1vel, na produ\u00e7\u00e3o da cerveja. Com isso, a Heineken vai dando o tom de como pretende atuar daqui pra frente, levando a sustentabilidade para cada iniciativa, em viv\u00eancias que podem gerar reflex\u00e3o e impacto positivo nas pessoas.<\/p>\n\n\n\n<p>Em S\u00e3o Paulo, locais como Casa de Francisca, Bona, Heavy House, \u00c1udio, Tokyo, entre outras participaram da a\u00e7\u00e3o iluminadas de verde e com atra\u00e7\u00f5es especiais com curadoria da marca, dentro da programa\u00e7\u00e3o normal de cada estabelecimento, j\u00e1 em andamento desde outubro. O Mirante 9 de Julho, Edif\u00edcio It\u00e1lia, WZ Hotel, Restaurante Casa do Porco e trechos da Marginal Pinheiros tamb\u00e9m s\u00e3o alguns pontos que ficaram verdes na noite de ontem. No Rio de Janeiro, participaram da a\u00e7\u00e3o o Circo Voador, Brewteco, al\u00e9m de pontos da cidade como o Hotel Nacional e o Edif\u00edcio Chopin. J\u00e1 em Belo Horizonte, o MAO (Museu de Artes e Of\u00edcios) e MUMO (Museu da Moda), foram iluminados de verde.<\/p>\n\n\n\n<div class=\"wp-block-image\"><figure class=\"aligncenter size-large\"><img loading=\"lazy\" decoding=\"async\" width=\"1600\" height=\"1066\" src=\"https:\/\/imais.online\/portal\/wp-content\/uploads\/2021\/11\/2-1024x682.jpg\" alt=\"\" class=\"wp-image-2916\" srcset=\"https:\/\/imais.online\/portal\/wp-content\/uploads\/2021\/11\/2-1024x682.jpg 1024w, https:\/\/imais.online\/portal\/wp-content\/uploads\/2021\/11\/2-300x200.jpg 300w, https:\/\/imais.online\/portal\/wp-content\/uploads\/2021\/11\/2-768x512.jpg 768w, https:\/\/imais.online\/portal\/wp-content\/uploads\/2021\/11\/2-1536x1023.jpg 1536w, https:\/\/imais.online\/portal\/wp-content\/uploads\/2021\/11\/2.jpg 1600w\" sizes=\"auto, (max-width: 1600px) 100vw, 1600px\" \/><figcaption><em>Museu de Artes e Of\u00edcios (Belo Horizonte \/ MG) &#8211; Cr\u00e9dito: Divulga\u00e7\u00e3o<\/em><\/figcaption><\/figure><\/div>\n\n\n\n<figure class=\"wp-block-image size-full\"><img loading=\"lazy\" decoding=\"async\" width=\"822\" height=\"537\" src=\"https:\/\/imais.online\/portal\/wp-content\/uploads\/2021\/11\/3.jpg\" alt=\"\" class=\"wp-image-2917\" srcset=\"https:\/\/imais.online\/portal\/wp-content\/uploads\/2021\/11\/3.jpg 822w, https:\/\/imais.online\/portal\/wp-content\/uploads\/2021\/11\/3-300x196.jpg 300w, https:\/\/imais.online\/portal\/wp-content\/uploads\/2021\/11\/3-768x502.jpg 768w\" sizes=\"auto, (max-width: 822px) 100vw, 822px\" \/><figcaption>Circo Voador (Rio de Janeiro &#8211; RJ) &#8211; Cr\u00e9dito: Diego Padilha<\/figcaption><\/figure>\n\n\n\n<figure class=\"wp-block-image size-large\"><img loading=\"lazy\" decoding=\"async\" width=\"2048\" height=\"1367\" src=\"https:\/\/imais.online\/portal\/wp-content\/uploads\/2021\/11\/4-1024x684.jpg\" alt=\"\" class=\"wp-image-2920\" srcset=\"https:\/\/imais.online\/portal\/wp-content\/uploads\/2021\/11\/4-1024x684.jpg 1024w, https:\/\/imais.online\/portal\/wp-content\/uploads\/2021\/11\/4-300x200.jpg 300w, https:\/\/imais.online\/portal\/wp-content\/uploads\/2021\/11\/4-768x513.jpg 768w, https:\/\/imais.online\/portal\/wp-content\/uploads\/2021\/11\/4-1536x1025.jpg 1536w, https:\/\/imais.online\/portal\/wp-content\/uploads\/2021\/11\/4.jpg 2048w\" sizes=\"auto, (max-width: 2048px) 100vw, 2048px\" \/><figcaption>Casa do Porco (S\u00e3o Paulo \/ SP) &#8211; Imagem: Gandolfo<\/figcaption><\/figure>\n\n\n\n<p>&#8220;A marca Heineken \u00e9 urbana, e sempre esteve presente na vida noturna de forma significativa. Ser\u00e1 por meio desses momentos de viv\u00eancia das cidades, que vamos refletir nossa vis\u00e3o e nossos compromissos de sustentabilidade, de uma forma pioneira. Vamos investir no poder de transforma\u00e7\u00e3o das experi\u00eancias e convidar as pessoas para juntos construirmos um futuro mais verde &#8220;, afirma Gabriel D\u2019Angelo Braz, diretor de marketing da marca no Brasil.<\/p>\n\n\n\n<p>Desde 2020, Heineken anunciou sua produ\u00e7\u00e3o com energia 100% renov\u00e1vel nas f\u00e1bricas de Alagoinhas (BA), Araraquara (SP), Ponta Grossa (PR) e, at\u00e9 2023 em Jacare\u00ed (SP). Al\u00e9m da produ\u00e7\u00e3o, a marca tamb\u00e9m anunciou este ano a gera\u00e7\u00e3o de energia verde para bares e restaurantes.<\/p>\n\n\n\n<figure class=\"wp-block-image size-large\"><img loading=\"lazy\" decoding=\"async\" width=\"683\" height=\"1024\" src=\"https:\/\/imais.online\/portal\/wp-content\/uploads\/2021\/11\/5-683x1024.jpg\" alt=\"\" class=\"wp-image-2921\" srcset=\"https:\/\/imais.online\/portal\/wp-content\/uploads\/2021\/11\/5-683x1024.jpg 683w, https:\/\/imais.online\/portal\/wp-content\/uploads\/2021\/11\/5-200x300.jpg 200w, https:\/\/imais.online\/portal\/wp-content\/uploads\/2021\/11\/5-768x1152.jpg 768w, https:\/\/imais.online\/portal\/wp-content\/uploads\/2021\/11\/5-1024x1536.jpg 1024w, https:\/\/imais.online\/portal\/wp-content\/uploads\/2021\/11\/5.jpg 1365w\" sizes=\"auto, (max-width: 683px) 100vw, 683px\" \/><figcaption><em>Imagem: Lu Prezia<\/em><\/figcaption><\/figure>\n\n\n\n<p><strong>FUTURO MAIS VERDE DA HEINEKEN: ECONOMIA CIRCULAR, CIDADES MAIS VERDES E CONSUMO RESPONS\u00c1VEL.<\/strong><\/p>\n\n\n\n<p>Em evento especial para convidados na Pra\u00e7a Victor Civita, em S\u00e3o Paulo, a marca apresentou seus principais compromissos de Sustentabilidade por meio de quatro instala\u00e7\u00f5es sensoriais criadas pelo Est\u00fadio Bijari. Pensadas a partir das metas da Heineken e para dialogar com o espa\u00e7o da Pra\u00e7a Civita, cada um dos elementos estava relacionado \u00e0 sustentabilidade com foco em inspirar um mundo mais verde e humano.<\/p>\n\n\n\n<div class=\"wp-block-image\"><figure class=\"aligncenter size-full\"><img loading=\"lazy\" decoding=\"async\" width=\"415\" height=\"475\" src=\"https:\/\/imais.online\/portal\/wp-content\/uploads\/2021\/11\/6.jpg\" alt=\"\" class=\"wp-image-2922\" srcset=\"https:\/\/imais.online\/portal\/wp-content\/uploads\/2021\/11\/6.jpg 415w, https:\/\/imais.online\/portal\/wp-content\/uploads\/2021\/11\/6-262x300.jpg 262w\" sizes=\"auto, (max-width: 415px) 100vw, 415px\" \/><figcaption><em>Imagem: Lu Prezia<\/em><\/figcaption><\/figure><\/div>\n\n\n\n<p>O evento contou com a performance de diversos artistas e Djs, entre elas a atra\u00e7\u00e3o The Blessed Madonna, mostrando que sustentabilidade e o entretenimento v\u00e3o caminhar juntos, tendo na m\u00fasica um fio condutor de experi\u00eancias. Al\u00e9m do dia 4, o fim de semana &#8211; s\u00e1bado (6) e domingo (7) &#8211; tamb\u00e9m contou com programa\u00e7\u00e3o especial com participa\u00e7\u00f5es no lineup de L\u00facio Ribeiro, Cl\u00e1udia Assef, Dre Guazelli, entre outros.<\/p>\n\n\n\n<p>Hoje, al\u00e9m da produ\u00e7\u00e3o com energia limpa, a marca j\u00e1 possui uma parceria para distribui\u00e7\u00e3o de energia renov\u00e1vel a bares e restaurantes, com meta de alcan\u00e7ar 50% dos parceiros de 19 capitais brasileiras, at\u00e9 2030. O projeto, al\u00e9m de incentivar e facilitar uma atitude mais sustent\u00e1vel para pontos de vendas, tamb\u00e9m pode representar mais um aux\u00edlio nesse momento de retomada, uma vez que, a depender do estado, os descontos na conta de energia do estabelecimento podem ser de at\u00e9 40%. Iniciado em SC, PR, MT e MG, a partir do in\u00edcio de 2022, o projeto expande para outros 15 estados, chegando \u00e0 cobertura nacional at\u00e9 2024. O modelo da parceria ainda prev\u00ea um reinvestimento em outras a\u00e7\u00f5es de sustentabilidade, como a implementa\u00e7\u00e3o de micro-florestas urbanas em 19 capitais brasileiras nos pr\u00f3ximos anos.<\/p>\n\n\n\n<p>Dentro do tema economia circular, a meta \u00e9 de que at\u00e9 2030 as embalagens da marca sejam 80% circulares. Isso significa trabalhar para incrementar os volumes de embalagens retorn\u00e1veis ao mesmo tempo que a marca fomenta o ciclo de reciclagem do vidro das embalagens descart\u00e1veis do portf\u00f3lio.<\/p>\n\n\n\n<p>Em um terceiro pilar, a Heineken, que j\u00e1 tem forte atua\u00e7\u00e3o em plataformas de consumo respons\u00e1vel e dedica 10% de seu budget anual a a\u00e7\u00f5es de conscientiza\u00e7\u00e3o, tamb\u00e9m afirma que esta frente deve ainda ter novas iniciativas. Se em 2020 o consumo respons\u00e1vel ganhou mais for\u00e7a com o lan\u00e7amento da Heineken 0.0, agora a marca mira em a\u00e7\u00f5es para efetiva mudan\u00e7a de comportamento. &#8220;Queremos estar em todos os pontos de vendas do Brasil com a Heineken 0.0, para que assim o consumidor tenha uma op\u00e7\u00e3o de qualidade e fa\u00e7a escolhas conscientes. Nossa ambi\u00e7\u00e3o \u00e9 poder afirmar, at\u00e9 2030, que 100% dos consumidores de Heineken n\u00e3o v\u00e3o beber antes de dirigir&#8221;, afirma Gabriel D\u2019Angelo Braz, diretor de marketing da marca.<\/p>\n\n\n\n<p>Os eventos que marcaram o lan\u00e7amento da plataforma <em>Green Your City<\/em> foram produzidos pela Atenas e contaram com a\u00e7\u00f5es de compensa\u00e7\u00e3o de emiss\u00e3o de CO2, e seguiram os protocolos de sa\u00fade de cada regi\u00e3o em que aconteceram. Saiba mais sobre as metas e compromissos da marca clicando <a href=\"https:\/\/comunicadopress.com\/link.php?code=bDpodHRwcyUzQSUyRiUyRnd3dy5oZWluZWtlbmVuZXJnaWF2ZXJkZS5jb20uYnI6MTEzNDYxMDU2ODpjb250ZXVkb0BpbWFpcy5vbmxpbmU6MzVjOTk3\"><strong>aqui <\/strong><\/a>.<\/p>\n","protected":false},"excerpt":{"rendered":"<p>Ativa\u00e7\u00f5es em diferentes capitais marcaram o lan\u00e7amento da plataforma que materializar\u00e1 os compromissos de sustentabilidade para os pr\u00f3ximos anos por meio de experi\u00eancias de marca e a ressignifica\u00e7\u00e3o dos grandes centros urbanos. Comunicado no final de 2020, o quarto ingrediente da cerveja premium Heineken, a energia 100% verde, ganhou as ruas de diferentes cidades para [&hellip;]<\/p>\n","protected":false},"author":7,"featured_media":2915,"comment_status":"closed","ping_status":"open","sticky":false,"template":"","format":"standard","meta":{"rop_custom_images_group":[],"rop_custom_messages_group":[],"rop_publish_now":"initial","rop_publish_now_accounts":[],"rop_publish_now_history":[],"rop_publish_now_status":"pending","footnotes":""},"categories":[209],"tags":[],"class_list":["post-2910","post","type-post","status-publish","format-standard","has-post-thumbnail","hentry","category-estilo"],"amp_enabled":true,"_links":{"self":[{"href":"https:\/\/imais.online\/portal\/wp-json\/wp\/v2\/posts\/2910","targetHints":{"allow":["GET"]}}],"collection":[{"href":"https:\/\/imais.online\/portal\/wp-json\/wp\/v2\/posts"}],"about":[{"href":"https:\/\/imais.online\/portal\/wp-json\/wp\/v2\/types\/post"}],"author":[{"embeddable":true,"href":"https:\/\/imais.online\/portal\/wp-json\/wp\/v2\/users\/7"}],"replies":[{"embeddable":true,"href":"https:\/\/imais.online\/portal\/wp-json\/wp\/v2\/comments?post=2910"}],"version-history":[{"count":2,"href":"https:\/\/imais.online\/portal\/wp-json\/wp\/v2\/posts\/2910\/revisions"}],"predecessor-version":[{"id":2923,"href":"https:\/\/imais.online\/portal\/wp-json\/wp\/v2\/posts\/2910\/revisions\/2923"}],"wp:featuredmedia":[{"embeddable":true,"href":"https:\/\/imais.online\/portal\/wp-json\/wp\/v2\/media\/2915"}],"wp:attachment":[{"href":"https:\/\/imais.online\/portal\/wp-json\/wp\/v2\/media?parent=2910"}],"wp:term":[{"taxonomy":"category","embeddable":true,"href":"https:\/\/imais.online\/portal\/wp-json\/wp\/v2\/categories?post=2910"},{"taxonomy":"post_tag","embeddable":true,"href":"https:\/\/imais.online\/portal\/wp-json\/wp\/v2\/tags?post=2910"}],"curies":[{"name":"wp","href":"https:\/\/api.w.org\/{rel}","templated":true}]}}