{"id":29124,"date":"2025-09-24T15:04:08","date_gmt":"2025-09-24T18:04:08","guid":{"rendered":"https:\/\/imais.online\/portal\/?p=29124"},"modified":"2025-09-24T15:04:09","modified_gmt":"2025-09-24T18:04:09","slug":"plaza-shopping-itu-da-inicio-a-obras-para-criacao-de-boulevard-com-novidades-aos-clientes","status":"publish","type":"post","link":"https:\/\/imais.online\/portal\/plaza-shopping-itu-da-inicio-a-obras-para-criacao-de-boulevard-com-novidades-aos-clientes\/","title":{"rendered":"Plaza Shopping Itu d\u00e1 in\u00edcio a obras para cria\u00e7\u00e3o de Boulevard com novidades aos clientes"},"content":{"rendered":"<div class=\"imais-before-content-placement\" id=\"imais-28978170\"><script async src=\"\/\/pagead2.googlesyndication.com\/pagead\/js\/adsbygoogle.js?client=ca-pub-8787528412751566\" crossorigin=\"anonymous\"><\/script><ins class=\"adsbygoogle\" style=\"display:block;\" data-ad-client=\"ca-pub-8787528412751566\" \ndata-ad-slot=\"\" \ndata-ad-format=\"auto\"><\/ins>\n<script> \n(adsbygoogle = window.adsbygoogle || []).push({}); \n<\/script>\n<\/div>\n<p class=\"has-text-align-center\"><em>Espa\u00e7o reflete a ess\u00eancia de um novo projeto arquitet\u00f4nico, traduzindo o futuro do Plaza em experi\u00eancias de luz, movimento e conviv\u00eancia<\/em><\/p>\n\n\n\n<p>O Plaza Shopping Itu est\u00e1 em constante atualiza\u00e7\u00e3o para oferecer experi\u00eancias cada vez melhores aos seus clientes e colaboradores. A mais recente novidade \u00e9 a cria\u00e7\u00e3o de um Boulevard, um espa\u00e7o moderno e acolhedor que reunir\u00e1 paisagismo integrado, \u00e1reas verdes, ambientes de conviv\u00eancia e arquitetura contempor\u00e2nea, valorizando a luz natural, o movimento e o bem-estar.<\/p>\n\n\n\n<p>O novo ambiente ser\u00e1 um ponto de encontro para toda a fam\u00edlia, com novas oportunidades comerciais, de lazer e integra\u00e7\u00e3o, al\u00e9m de um acesso estrat\u00e9gico que oferecer\u00e1 ainda mais fluidez e praticidade entre o Plaza e o supermercado P\u00e3o de A\u00e7\u00facar, por meio de uma \u00e1rea com projeto arquitet\u00f4nico diferenciado.<\/p>\n\n\n\n<figure class=\"wp-block-image size-full\"><img loading=\"lazy\" decoding=\"async\" width=\"661\" height=\"336\" src=\"https:\/\/imais.online\/portal\/wp-content\/uploads\/2025\/09\/Shopping-Plaza-Itu-Obras.jpg\" alt=\"\" class=\"wp-image-29126\" srcset=\"https:\/\/imais.online\/portal\/wp-content\/uploads\/2025\/09\/Shopping-Plaza-Itu-Obras.jpg 661w, https:\/\/imais.online\/portal\/wp-content\/uploads\/2025\/09\/Shopping-Plaza-Itu-Obras-300x152.jpg 300w\" sizes=\"auto, (max-width: 661px) 100vw, 661px\" \/><\/figure>\n\n\n\n<p>Para viabilizar essa melhoria, a \u00e1rea onde ser\u00e1 implantado o Boulevard j\u00e1 est\u00e1 em obras, com previs\u00e3o at\u00e9 dezembro. Durante esse per\u00edodo, haver\u00e1 ajustes de circula\u00e7\u00e3o, devidamente sinalizados com placas que orientam os clientes sobre os novos caminhos de acesso ao Shopping e ao P\u00e3o de A\u00e7\u00facar na regi\u00e3o da entrada 1.<\/p>\n\n\n\n<p>\u201cO Boulevard foi planejado com muito carinho para trazer ainda mais conforto e momentos especiais aos nossos clientes, refor\u00e7ando o <strong>Plaza Shopping Itu<\/strong> como um espa\u00e7o de bem-estar, lazer e conveni\u00eancia. Estamos preparando um ambiente charmoso e acolhedor, que tamb\u00e9m permitir\u00e1 novas oportunidades de neg\u00f3cios\u201d, destaca Marco Strazzeri, superintendente do Plaza Shopping Itu.<\/p>\n\n\n\n<figure class=\"wp-block-image size-large\"><img loading=\"lazy\" decoding=\"async\" width=\"1024\" height=\"614\" src=\"https:\/\/imais.online\/portal\/wp-content\/uploads\/2025\/09\/Obras-no-Plaza-Itu-1-1024x614.jpg\" alt=\"\" class=\"wp-image-29128\" srcset=\"https:\/\/imais.online\/portal\/wp-content\/uploads\/2025\/09\/Obras-no-Plaza-Itu-1-1024x614.jpg 1024w, https:\/\/imais.online\/portal\/wp-content\/uploads\/2025\/09\/Obras-no-Plaza-Itu-1-300x180.jpg 300w, https:\/\/imais.online\/portal\/wp-content\/uploads\/2025\/09\/Obras-no-Plaza-Itu-1-768x461.jpg 768w, https:\/\/imais.online\/portal\/wp-content\/uploads\/2025\/09\/Obras-no-Plaza-Itu-1-1536x922.jpg 1536w, https:\/\/imais.online\/portal\/wp-content\/uploads\/2025\/09\/Obras-no-Plaza-Itu-1-1000x600.jpg 1000w, https:\/\/imais.online\/portal\/wp-content\/uploads\/2025\/09\/Obras-no-Plaza-Itu-1-590x354.jpg 590w, https:\/\/imais.online\/portal\/wp-content\/uploads\/2025\/09\/Obras-no-Plaza-Itu-1-400x240.jpg 400w, https:\/\/imais.online\/portal\/wp-content\/uploads\/2025\/09\/Obras-no-Plaza-Itu-1.jpg 1600w\" sizes=\"auto, (max-width: 1024px) 100vw, 1024px\" \/><\/figure>\n\n\n\n<p><strong>Plaza Shopping Itu<\/strong><\/p>\n\n\n\n<p><strong>Endere\u00e7o: <\/strong>Avenida Doutor Ermelindo Maffei, 1.199, Jardim Para\u00edso, Itu \u2013 SP<\/p>\n\n\n\n<p><strong>Hor\u00e1rio de funcionamento do Plaza Shopping Itu: <\/strong>de segunda a s\u00e1bado das 10h \u00e0s 22h e domingos e feriados das 14h \u00e0s 22h<\/p>\n\n\n\n<p><strong>Pra\u00e7a de alimenta\u00e7\u00e3o: <\/strong>de segunda \u00e0 s\u00e1bado das 10h \u00e0s 22h, domingos e feriados das 12h \u00e0s 22h<\/p>\n\n\n\n<p><strong>Site: <\/strong><a href=\"http:\/\/www.plazashoppingitu.com.br\">www.plazashoppingitu.com.br<\/a><\/p>\n\n\n\n<p><strong>Redes sociais: <\/strong>@plazashoppingitu<\/p>\n","protected":false},"excerpt":{"rendered":"<p>Espa\u00e7o reflete a ess\u00eancia de um novo projeto arquitet\u00f4nico, traduzindo o futuro do Plaza em experi\u00eancias de luz, movimento e conviv\u00eancia O Plaza Shopping Itu est\u00e1 em constante atualiza\u00e7\u00e3o para oferecer experi\u00eancias cada vez melhores aos seus clientes e colaboradores. A mais recente novidade \u00e9 a cria\u00e7\u00e3o de um Boulevard, um espa\u00e7o moderno e acolhedor [&hellip;]<\/p>\n","protected":false},"author":7,"featured_media":29125,"comment_status":"closed","ping_status":"open","sticky":false,"template":"","format":"standard","meta":{"rop_custom_images_group":[],"rop_custom_messages_group":[],"rop_publish_now":"initial","rop_publish_now_accounts":[],"rop_publish_now_history":[],"rop_publish_now_status":"pending","footnotes":""},"categories":[271,194],"tags":[],"class_list":["post-29124","post","type-post","status-publish","format-standard","has-post-thumbnail","hentry","category-itu","category-regia"],"amp_enabled":true,"_links":{"self":[{"href":"https:\/\/imais.online\/portal\/wp-json\/wp\/v2\/posts\/29124","targetHints":{"allow":["GET"]}}],"collection":[{"href":"https:\/\/imais.online\/portal\/wp-json\/wp\/v2\/posts"}],"about":[{"href":"https:\/\/imais.online\/portal\/wp-json\/wp\/v2\/types\/post"}],"author":[{"embeddable":true,"href":"https:\/\/imais.online\/portal\/wp-json\/wp\/v2\/users\/7"}],"replies":[{"embeddable":true,"href":"https:\/\/imais.online\/portal\/wp-json\/wp\/v2\/comments?post=29124"}],"version-history":[{"count":1,"href":"https:\/\/imais.online\/portal\/wp-json\/wp\/v2\/posts\/29124\/revisions"}],"predecessor-version":[{"id":29129,"href":"https:\/\/imais.online\/portal\/wp-json\/wp\/v2\/posts\/29124\/revisions\/29129"}],"wp:featuredmedia":[{"embeddable":true,"href":"https:\/\/imais.online\/portal\/wp-json\/wp\/v2\/media\/29125"}],"wp:attachment":[{"href":"https:\/\/imais.online\/portal\/wp-json\/wp\/v2\/media?parent=29124"}],"wp:term":[{"taxonomy":"category","embeddable":true,"href":"https:\/\/imais.online\/portal\/wp-json\/wp\/v2\/categories?post=29124"},{"taxonomy":"post_tag","embeddable":true,"href":"https:\/\/imais.online\/portal\/wp-json\/wp\/v2\/tags?post=29124"}],"curies":[{"name":"wp","href":"https:\/\/api.w.org\/{rel}","templated":true}]}}