{"id":29242,"date":"2025-10-07T10:44:00","date_gmt":"2025-10-07T13:44:00","guid":{"rendered":"https:\/\/imais.online\/portal\/?p=29242"},"modified":"2025-10-07T10:44:01","modified_gmt":"2025-10-07T13:44:01","slug":"hm-brasil-inaugura-loja-no-parque-dom-pedro-em-campinas","status":"publish","type":"post","link":"https:\/\/imais.online\/portal\/hm-brasil-inaugura-loja-no-parque-dom-pedro-em-campinas\/","title":{"rendered":"H&amp;M Brasil inaugura loja no Parque Dom Pedro, em Campinas"},"content":{"rendered":"<div class=\"imais-before-content-placement\" id=\"imais-3380096564\"><script async src=\"\/\/pagead2.googlesyndication.com\/pagead\/js\/adsbygoogle.js?client=ca-pub-8787528412751566\" crossorigin=\"anonymous\"><\/script><ins class=\"adsbygoogle\" style=\"display:block;\" data-ad-client=\"ca-pub-8787528412751566\" \ndata-ad-slot=\"\" \ndata-ad-format=\"auto\"><\/ins>\n<script> \n(adsbygoogle = window.adsbygoogle || []).push({}); \n<\/script>\n<\/div>\n<p class=\"has-text-align-center\"><em>A H&amp;M anuncia a abertura de sua primeira loja em Campinas no dia 30 de outubro, localizada no Parque Dom Pedro. Com 2 mil m\u00b2, a unidade \u00e9 a terceira da marca no Brasil e ser\u00e1 a primeira a trazer a cole\u00e7\u00e3o H&amp;M Home ao pa\u00eds, com itens de decora\u00e7\u00e3o como roupas de cama, almofadas, acess\u00f3rios para mesa posta e objetos de design que unem funcionalidade e estilo<\/em><\/p>\n\n\n\n<p>Al\u00e9m da estreia da H&amp;M Home com artigos a partir de R$ 29,90, a nova loja contar\u00e1 com as linhas feminina, masculina, H&amp;M Move e uma \u00e1rea de 300 m\u00b2 de Kids, que inclui a linha Baby Basics em algod\u00e3o org\u00e2nico e a promo\u00e7\u00e3o fixa em b\u00e1sicos de 3&#215;2 (leve tr\u00eas pe\u00e7as e pague apenas duas). Para marcar a abertura, os clientes poder\u00e3o conhecer a cole\u00e7\u00e3o H&amp;M Summer 2025, inspirada na est\u00e9tica mediterr\u00e2nea, com detalhes artesanais como franjas, croch\u00ea, bordados e aplica\u00e7\u00f5es, al\u00e9m de vestidos leves e kaftans que traduzem um esp\u00edrito boho contempor\u00e2neo.<\/p>\n\n\n\n<p>A loja foi planejada para oferecer uma experi\u00eancia de compra completa e memor\u00e1vel, com ambienta\u00e7\u00e3o convidativa, atendimento dedicado e cole\u00e7\u00f5es que combinam estilo, qualidade e pre\u00e7o justo para toda a fam\u00edlia.<\/p>\n\n\n\n<p>\u201cCampinas \u00e9 uma cidade de grande relev\u00e2ncia econ\u00f4mica para o estado de S\u00e3o Paulo, e sua import\u00e2ncia estrat\u00e9gica para a expans\u00e3o da H&amp;M no Brasil \u00e9 clara. Inaugurar nossa loja no Parque Dom Pedro nos permite gerar aproximadamente 110 empregos diretos que trabalham no regime de 5&#215;2, al\u00e9m de diversos empregos indiretos ampliar o acesso a produtos de moda de qualidade pelo melhor pre\u00e7o de maneira sustent\u00e1vel e apresentar a H&amp;M a novos consumidores, incluindo os visitantes de cidades vizinhas. Essa expans\u00e3o refor\u00e7a nosso compromisso com a melhor experi\u00eancia de compra para cada vez mais pessoas\u201d, afirma Joaquim Pereira, Country Manager da H&amp;M Brasil.<\/p>\n\n\n\n<p>\u201cA abertura da H&amp;M no Parque Dom Pedro refor\u00e7a o papel estrat\u00e9gico do empreendimento na atra\u00e7\u00e3o de grandes marcas globais e o nosso posicionamento como um destino completo de compras, lazer e experi\u00eancias. Receber uma marca de relev\u00e2ncia internacional e com grande potencial de conex\u00e3o com o p\u00fablico \u00e9 motivo de orgulho para n\u00f3s e reflete a for\u00e7a do varejo na regi\u00e3o de Campinas&#8221;, disse Rafael Moral Marques, superintendente do Parque Dom Pedro.<\/p>\n\n\n\n<p>Para celebrar a inaugura\u00e7\u00e3o, a H&amp;M abre a fila \u00e0s 8h do dia 30 de outubro com ativa\u00e7\u00f5es exclusivas, brindes especiais, vales-compras de at\u00e9 R$ 500, bon\u00e9s e outras surpresas. Promotores estar\u00e3o no local apoiando os clientes a se cadastrarem no Clube H&amp;M (<a href=\"https:\/\/www.hm.com.br\/clubehm\">Link<\/a>), programa de fidelidade que oferece benef\u00edcios exclusivos aos seus participantes. Com dois n\u00edveis de engajamento, os participantes acumulam pontos a cada compra (R$1 = 1 ponto) e t\u00eam acesso a benef\u00edcios como desconto na segunda compra e no m\u00eas de anivers\u00e1rio, cashback, frete gr\u00e1tis, parcerias com marcas e acesso antecipado \u00e0s cole\u00e7\u00f5es.<\/p>\n\n\n\n<p>O plano de expans\u00e3o do Grupo H&amp;M no Brasil tem foco no crescimento das vendas omnichannel. Al\u00e9m de atender clientes de todo o pa\u00eds pelo hm.com.br e pelo app da marca, a H&amp;M j\u00e1 conta com unidades f\u00edsicas no Iguatemi S\u00e3o Paulo e no Shopping An\u00e1lia Franco, ambas na capital paulista, e agora no Parque Dom Pedro, em Campinas. A marca tamb\u00e9m anunciou mais quatro novas lojas previstas para 2026: Iguatemi Esplanada (Sorocaba), RioSul Shopping (Rio de Janeiro), Iguatemi Porto Alegre e Shopping Praia de Belas (ambas no Rio Grande do Sul).<\/p>\n\n\n\n<p><em>Sobre o Parque Dom Pedro<\/em>&nbsp;<\/p>\n\n\n\n<p><em>Inaugurado em 2002, o Parque Dom Pedro \u00e9 o mais completo centro de compras, lazer, entretenimento, gastronomia e servi\u00e7os da Regi\u00e3o Metropolitana de Campinas, possibilitando novas experi\u00eancias e descobertas a cada visita. Com um espa\u00e7o moderno, vers\u00e1til e inclusivo com 126,5 mil m\u00b2 de ABL (\u00e1rea bruta loc\u00e1vel), possui mais de 400 op\u00e7\u00f5es aos clientes, entre lojas, lazer, restaurantes e servi\u00e7os, oferecendo jornadas de experi\u00eancia memor\u00e1veis para o p\u00fablico. Possui, ainda, 15 salas de cinemas, centro de conven\u00e7\u00f5es e 8 mil vagas de estacionamento. Mensalmente, o empreendimento recebe mais de 1,6 milh\u00e3o de pessoas. Em 2023, o Parque Dom Pedro superou R$ 2 bilh\u00f5es em vendas.<\/em>&nbsp;<\/p>\n\n\n\n<p><em>Sobre a ALLOS<\/em>&nbsp;<em>Somos\u202fa mais inovadora plataforma de experi\u00eancias, entretenimento, servi\u00e7os,\u202flifestyle\u202fe compras da Am\u00e9rica Latina. Nosso portf\u00f3lio tem 55 shoppings pr\u00f3prios e administrados &#8211; refer\u00eancia em todas as regi\u00f5es do pa\u00eds, hubs de solu\u00e7\u00f5es para as cidades e destinos de conviv\u00eancia e experi\u00eancia f\u00edgital. Somos ainda um grande espa\u00e7o de oportunidades para os empreendedores de varejo e servi\u00e7os. Continuaremos trabalhando com o compromisso de servir e encantar nossos consumidores e parceiros todos os dias, promovendo momentos que encantam e transformam. Nossa nova companhia integra o Mercado Novo da Bovespa, com mais alto n\u00edvel de Governan\u00e7a Corporativa, e possui iniciativas com certifica\u00e7\u00f5es internacionalmente reconhecidas, como o \u00cdndice de Sustentabilidade (ISE) da B3 e melhor avalia\u00e7\u00e3o do setor no Carbon Disclosure Project (CDP), al\u00e9m da ades\u00e3o ao Pacto Global da ONU. A empresa tamb\u00e9m foi reconhecida com o selo I-Diversa (B3) e o selo ouro GHG\u202fProtocol.<\/em><br><\/p>\n","protected":false},"excerpt":{"rendered":"<p>A H&amp;M anuncia a abertura de sua primeira loja em Campinas no dia 30 de outubro, localizada no Parque Dom Pedro. Com 2 mil m\u00b2, a unidade \u00e9 a terceira da marca no Brasil e ser\u00e1 a primeira a trazer a cole\u00e7\u00e3o H&amp;M Home ao pa\u00eds, com itens de decora\u00e7\u00e3o como roupas de cama, almofadas, [&hellip;]<\/p>\n","protected":false},"author":7,"featured_media":29243,"comment_status":"closed","ping_status":"open","sticky":false,"template":"","format":"standard","meta":{"rop_custom_images_group":[],"rop_custom_messages_group":[],"rop_publish_now":"initial","rop_publish_now_accounts":[],"rop_publish_now_history":[],"rop_publish_now_status":"pending","footnotes":""},"categories":[272,194],"tags":[],"class_list":["post-29242","post","type-post","status-publish","format-standard","has-post-thumbnail","hentry","category-campinas","category-regia"],"amp_enabled":true,"_links":{"self":[{"href":"https:\/\/imais.online\/portal\/wp-json\/wp\/v2\/posts\/29242","targetHints":{"allow":["GET"]}}],"collection":[{"href":"https:\/\/imais.online\/portal\/wp-json\/wp\/v2\/posts"}],"about":[{"href":"https:\/\/imais.online\/portal\/wp-json\/wp\/v2\/types\/post"}],"author":[{"embeddable":true,"href":"https:\/\/imais.online\/portal\/wp-json\/wp\/v2\/users\/7"}],"replies":[{"embeddable":true,"href":"https:\/\/imais.online\/portal\/wp-json\/wp\/v2\/comments?post=29242"}],"version-history":[{"count":1,"href":"https:\/\/imais.online\/portal\/wp-json\/wp\/v2\/posts\/29242\/revisions"}],"predecessor-version":[{"id":29244,"href":"https:\/\/imais.online\/portal\/wp-json\/wp\/v2\/posts\/29242\/revisions\/29244"}],"wp:featuredmedia":[{"embeddable":true,"href":"https:\/\/imais.online\/portal\/wp-json\/wp\/v2\/media\/29243"}],"wp:attachment":[{"href":"https:\/\/imais.online\/portal\/wp-json\/wp\/v2\/media?parent=29242"}],"wp:term":[{"taxonomy":"category","embeddable":true,"href":"https:\/\/imais.online\/portal\/wp-json\/wp\/v2\/categories?post=29242"},{"taxonomy":"post_tag","embeddable":true,"href":"https:\/\/imais.online\/portal\/wp-json\/wp\/v2\/tags?post=29242"}],"curies":[{"name":"wp","href":"https:\/\/api.w.org\/{rel}","templated":true}]}}