{"id":29349,"date":"2025-10-16T13:25:14","date_gmt":"2025-10-16T16:25:14","guid":{"rendered":"https:\/\/imais.online\/portal\/?p=29349"},"modified":"2025-10-16T13:25:15","modified_gmt":"2025-10-16T16:25:15","slug":"jardim-das-aventuras-no-plaza-shopping-itu-segue-ate-dia-26-de-outubro","status":"publish","type":"post","link":"https:\/\/imais.online\/portal\/jardim-das-aventuras-no-plaza-shopping-itu-segue-ate-dia-26-de-outubro\/","title":{"rendered":"Jardim das Aventuras no Plaza Shopping Itu segue at\u00e9 dia 26 de outubro"},"content":{"rendered":"<div class=\"imais-before-content-placement\" id=\"imais-2370689485\"><script async src=\"\/\/pagead2.googlesyndication.com\/pagead\/js\/adsbygoogle.js?client=ca-pub-8787528412751566\" crossorigin=\"anonymous\"><\/script><ins class=\"adsbygoogle\" style=\"display:block;\" data-ad-client=\"ca-pub-8787528412751566\" \ndata-ad-slot=\"\" \ndata-ad-format=\"auto\"><\/ins>\n<script> \n(adsbygoogle = window.adsbygoogle || []).push({}); \n<\/script>\n<\/div>\n<p class=\"has-text-align-center\"><em>Com apoio do McDonald&#8217;s, o circuito interativo transforma conceitos de reciclagem e sustentabilidade em experi\u00eancias acess\u00edveis e divertidas para toda a fam\u00edlia, aos s\u00e1bados e domingos<\/em><\/p>\n\n\n\n<p>Os shopping centers deixaram de ser apenas centos de compra e se consolidaram como espa\u00e7os de conviv\u00eancia, lazer e afeto. Dados da Associa\u00e7\u00e3o Brasileira de Shopping Centers (Abrasce) mostram que 52% dos visitantes buscam lazer e alimenta\u00e7\u00e3o, 76% s\u00e3o atra\u00eddos por \u00e1reas de recrea\u00e7\u00e3o infantil e 64% participam dos eventos promovidos pelos shoppings.<\/p>\n\n\n\n<p>Atento a esse comportamento, o<strong> Plaza Shopping Itu<\/strong> sempre promove atra\u00e7\u00f5es gratuitas de entretenimento. Neste m\u00eas de outubro, at\u00e9 o dia 26, o Jardim das Aventuras, um circuito l\u00fadico e educativo convida crian\u00e7as e adultos a experimentarem a sustentabilidade de forma pr\u00e1tica, criativa e divertida. As atividades s\u00e3o realizadas aos s\u00e1bados e domingos, das 12h \u00e0s 18h, na Pra\u00e7a de Alimenta\u00e7\u00e3o, integrando informa\u00e7\u00e3o, arte e brincadeiras para inspirar atitudes sustent\u00e1veis no dia a dia das fam\u00edlias.<\/p>\n\n\n\n<p>Ao longo da experi\u00eancia, as crian\u00e7as percorrem esta\u00e7\u00f5es tem\u00e1ticas que traduzem, de maneira leve e envolvente, conceitos como redu\u00e7\u00e3o de res\u00edduos, reaproveitamento de materiais e reciclagem. Nas oficinas, elas aprendem, por meio de jogos educativos, a reconhecer e separar res\u00edduos recicl\u00e1veis e org\u00e2nicos. H\u00e1 tamb\u00e9m um espa\u00e7o de desenho e pintura com materiais, estimulando a express\u00e3o art\u00edstica em contato com a natureza.<\/p>\n\n\n\n<p>Os mascotes do <strong>Plaza Shopping Itu<\/strong> acompanham essa jornada e, de forma did\u00e1tica e afetuosa, orientam sobre a destina\u00e7\u00e3o correta dos recicl\u00e1veis, refor\u00e7ando pequenas mudan\u00e7as de h\u00e1bito que, somadas, geram impacto positivo. O evento conta com o apoio do McDonald\u2019s.<\/p>\n\n\n\n<p>\u201cCom sucesso no primeiro fim de semana, o Jardim das Aventuras conta com uma arena exclusiva e foi preparada com o prop\u00f3sito de encantar, divertir e ensinar, ao mesmo tempo, conceitos de sustentabilidade em experi\u00eancias acess\u00edveis. Queremos que cada fam\u00edlia leve do Plaza para casa uma ideia pr\u00e1tica\u201d, afirma Edgar Silveira, gerente de Marketing do Plaza Shopping Itu.<\/p>\n\n\n\n<p><strong>Plaza Shopping Itu \u2013 Jardim das Aventuras<\/strong><\/p>\n\n\n\n<p>Data: 18, 19, 25 e 26 de outubro, das 12h \u00e0s 18h<\/p>\n\n\n\n<p>Onde: Pra\u00e7a de Alimenta\u00e7\u00e3o<\/p>\n\n\n\n<p>Entrada: Gratuita<\/p>\n\n\n\n<p><strong>Endere\u00e7o: <\/strong>Avenida Doutor Ermelindo Maffei, 1.199, Jardim Para\u00edso, Itu \u2013 SP<\/p>\n\n\n\n<p><strong>Hor\u00e1rio de funcionamento do Plaza Shopping Itu: <\/strong>de segunda a s\u00e1bado das 10h \u00e0s 22h e domingos e feriados das 14h \u00e0s 22h<\/p>\n\n\n\n<p><strong>Pra\u00e7a de alimenta\u00e7\u00e3o: <\/strong>de segunda \u00e0 s\u00e1bado das 10h \u00e0s 22h, domingos e feriados das 12h \u00e0s 22h<\/p>\n\n\n\n<p><strong>Site: <\/strong><a href=\"http:\/\/www.plazashoppingitu.com.br\">www.plazashoppingitu.com.br<\/a><\/p>\n\n\n\n<p><strong>Redes sociais: <\/strong>@plazashoppingitu<\/p>\n","protected":false},"excerpt":{"rendered":"<p>Com apoio do McDonald&#8217;s, o circuito interativo transforma conceitos de reciclagem e sustentabilidade em experi\u00eancias acess\u00edveis e divertidas para toda a fam\u00edlia, aos s\u00e1bados e domingos Os shopping centers deixaram de ser apenas centos de compra e se consolidaram como espa\u00e7os de conviv\u00eancia, lazer e afeto. Dados da Associa\u00e7\u00e3o Brasileira de Shopping Centers (Abrasce) mostram [&hellip;]<\/p>\n","protected":false},"author":7,"featured_media":29350,"comment_status":"closed","ping_status":"open","sticky":false,"template":"","format":"standard","meta":{"rop_custom_images_group":[],"rop_custom_messages_group":[],"rop_publish_now":"initial","rop_publish_now_accounts":[],"rop_publish_now_history":[],"rop_publish_now_status":"pending","footnotes":""},"categories":[271],"tags":[],"class_list":["post-29349","post","type-post","status-publish","format-standard","has-post-thumbnail","hentry","category-itu"],"amp_enabled":true,"_links":{"self":[{"href":"https:\/\/imais.online\/portal\/wp-json\/wp\/v2\/posts\/29349","targetHints":{"allow":["GET"]}}],"collection":[{"href":"https:\/\/imais.online\/portal\/wp-json\/wp\/v2\/posts"}],"about":[{"href":"https:\/\/imais.online\/portal\/wp-json\/wp\/v2\/types\/post"}],"author":[{"embeddable":true,"href":"https:\/\/imais.online\/portal\/wp-json\/wp\/v2\/users\/7"}],"replies":[{"embeddable":true,"href":"https:\/\/imais.online\/portal\/wp-json\/wp\/v2\/comments?post=29349"}],"version-history":[{"count":1,"href":"https:\/\/imais.online\/portal\/wp-json\/wp\/v2\/posts\/29349\/revisions"}],"predecessor-version":[{"id":29351,"href":"https:\/\/imais.online\/portal\/wp-json\/wp\/v2\/posts\/29349\/revisions\/29351"}],"wp:featuredmedia":[{"embeddable":true,"href":"https:\/\/imais.online\/portal\/wp-json\/wp\/v2\/media\/29350"}],"wp:attachment":[{"href":"https:\/\/imais.online\/portal\/wp-json\/wp\/v2\/media?parent=29349"}],"wp:term":[{"taxonomy":"category","embeddable":true,"href":"https:\/\/imais.online\/portal\/wp-json\/wp\/v2\/categories?post=29349"},{"taxonomy":"post_tag","embeddable":true,"href":"https:\/\/imais.online\/portal\/wp-json\/wp\/v2\/tags?post=29349"}],"curies":[{"name":"wp","href":"https:\/\/api.w.org\/{rel}","templated":true}]}}