{"id":29364,"date":"2025-10-18T20:34:59","date_gmt":"2025-10-18T23:34:59","guid":{"rendered":"https:\/\/imais.online\/portal\/?p=29364"},"modified":"2025-10-18T20:34:59","modified_gmt":"2025-10-18T23:34:59","slug":"campinas-atrai-grandes-eventos-e-impulsiona-o-turismo-de-negocios","status":"publish","type":"post","link":"https:\/\/imais.online\/portal\/campinas-atrai-grandes-eventos-e-impulsiona-o-turismo-de-negocios\/","title":{"rendered":"Campinas atrai grandes eventos e impulsiona o turismo de neg\u00f3cios"},"content":{"rendered":"<div class=\"imais-before-content-placement\" id=\"imais-3771405333\"><script async src=\"\/\/pagead2.googlesyndication.com\/pagead\/js\/adsbygoogle.js?client=ca-pub-8787528412751566\" crossorigin=\"anonymous\"><\/script><ins class=\"adsbygoogle\" style=\"display:block;\" data-ad-client=\"ca-pub-8787528412751566\" \ndata-ad-slot=\"\" \ndata-ad-format=\"auto\"><\/ins>\n<script> \n(adsbygoogle = window.adsbygoogle || []).push({}); \n<\/script>\n<\/div>\n<p class=\"has-text-align-center\"><em>Um dos maiores complexos de eventos do Estado, Expo D. Pedro se consolida como refer\u00eancia regional e recebe feiras de grande porte que antes ocorriam em outras cidades<\/em><\/p>\n\n\n\n<p>Campinas reafirma sua posi\u00e7\u00e3o como uma das cidades do Brasil que mais recebe eventos corporativos, ficando atr\u00e1s apenas de capitais como Rio de Janeiro, S\u00e3o Paulo e Bras\u00edlia. A cidade tamb\u00e9m \u00e9 um dos destinos mais estrat\u00e9gicos do interior paulista para o turismo de neg\u00f3cios. Nos pr\u00f3ximos meses, o Expo D. Pedro, um dos maiores e mais modernos centros de conven\u00e7\u00f5es da regi\u00e3o, ser\u00e1 palco de eventos de grande porte que originalmente tem sido realizados em outras cidades, como a Feira Criativa \u2013 evento regional ligado \u00e0 Mega Artesanal de SP, a maior feira de artesanato do pa\u00eds \u2013 e a PlayExpo, feira do segmento de brinquedos, voltada ao entretenimento e atra\u00e7\u00f5es recreativas.<\/p>\n\n\n\n<p>A chegada dessas feiras refor\u00e7a a import\u00e2ncia de Campinas no cen\u00e1rio MICE (Meetings, Incentives, Conferences &amp; Exhibitions) e movimenta toda a cadeia econ\u00f4mica local, impactando positivamente setores como hotelaria, gastronomia, transporte e servi\u00e7os corporativos.<\/p>\n\n\n\n<p>Segundo Marceli Oliveira, superintendente do Expo D. Pedro, o movimento \u00e9 um marco para a cidade. \u201c\u00c9 um orgulho para Campinas e para o Expo D. Pedro receber eventos que somente ocorriam em grandes capitais. Isso mostra a confian\u00e7a dos organizadores na infraestrutura e no potencial da cidade como polo de turismo de neg\u00f3cios. Nosso objetivo \u00e9 transformar cada evento em uma experi\u00eancia memor\u00e1vel para participantes e expositores\u201d, afirma.<\/p>\n\n\n\n<p>O Expo D. Pedro oferece uma infraestrutura completa e vers\u00e1til, com espa\u00e7os modulares, estacionamento amplo, f\u00e1cil acesso \u00e0s principais rodovias e proximidade com o Aeroporto Internacional de Viracopos. Al\u00e9m disso, conta com tecnologia de ponta e equipe especializada para a realiza\u00e7\u00e3o de eventos de diferentes tamanhos e formatos, o que tem atra\u00eddo cada vez mais promotores em busca de qualidade e efici\u00eancia.<\/p>\n\n\n\n<p>Entre os destaques da agenda est\u00e3o:<\/p>\n\n\n\n<p>&#8211; Feira Criativa (de 05 a 08 de novembro) \u2013 vers\u00e3o regional da Mega Artesanal, tradicional feira paulistana voltada para o artesanato e o mercado criativo, reunindo expositores, profissionais e p\u00fablico qualificado. Informa\u00e7\u00f5es pelo site <a href=\"https:\/\/www.wrsaopaulo.com.br\/criativa\">https:\/\/www.wrsaopaulo.com.br\/criativa<\/a><\/p>\n\n\n\n<p>&#8211; PlayExpo (03 a 05 de novembro) &#8211; feira de infl\u00e1veis, jogos e atra\u00e7\u00f5es recreativas que promete experi\u00eancias l\u00fadicas e interativas para toda a fam\u00edlia, ampliando o calend\u00e1rio de eventos de entretenimento em Campinas. Informa\u00e7\u00f5es pelo site <a href=\"https:\/\/playexpo.playpark.com.br\/playexpo2025\">https:\/\/playexpo.playpark.com.br\/playexpo2025<\/a><\/p>\n\n\n\n<p>\u201cQueremos trazer para o Expo D. Pedro e para a cidade de Campinas muito mais eventos como estes, que trazem atratividade para toda a regi\u00e3o, movimentam a RMC e toda a rede MICE atrelada ao segmento de eventos\u201d, encerra Marceli Oliveira.<\/p>\n","protected":false},"excerpt":{"rendered":"<p>Um dos maiores complexos de eventos do Estado, Expo D. Pedro se consolida como refer\u00eancia regional e recebe feiras de grande porte que antes ocorriam em outras cidades Campinas reafirma sua posi\u00e7\u00e3o como uma das cidades do Brasil que mais recebe eventos corporativos, ficando atr\u00e1s apenas de capitais como Rio de Janeiro, S\u00e3o Paulo e [&hellip;]<\/p>\n","protected":false},"author":7,"featured_media":29365,"comment_status":"closed","ping_status":"open","sticky":false,"template":"","format":"standard","meta":{"rop_custom_images_group":[],"rop_custom_messages_group":[],"rop_publish_now":"initial","rop_publish_now_accounts":[],"rop_publish_now_history":[],"rop_publish_now_status":"pending","footnotes":""},"categories":[272,194],"tags":[],"class_list":["post-29364","post","type-post","status-publish","format-standard","has-post-thumbnail","hentry","category-campinas","category-regia"],"amp_enabled":true,"_links":{"self":[{"href":"https:\/\/imais.online\/portal\/wp-json\/wp\/v2\/posts\/29364","targetHints":{"allow":["GET"]}}],"collection":[{"href":"https:\/\/imais.online\/portal\/wp-json\/wp\/v2\/posts"}],"about":[{"href":"https:\/\/imais.online\/portal\/wp-json\/wp\/v2\/types\/post"}],"author":[{"embeddable":true,"href":"https:\/\/imais.online\/portal\/wp-json\/wp\/v2\/users\/7"}],"replies":[{"embeddable":true,"href":"https:\/\/imais.online\/portal\/wp-json\/wp\/v2\/comments?post=29364"}],"version-history":[{"count":1,"href":"https:\/\/imais.online\/portal\/wp-json\/wp\/v2\/posts\/29364\/revisions"}],"predecessor-version":[{"id":29366,"href":"https:\/\/imais.online\/portal\/wp-json\/wp\/v2\/posts\/29364\/revisions\/29366"}],"wp:featuredmedia":[{"embeddable":true,"href":"https:\/\/imais.online\/portal\/wp-json\/wp\/v2\/media\/29365"}],"wp:attachment":[{"href":"https:\/\/imais.online\/portal\/wp-json\/wp\/v2\/media?parent=29364"}],"wp:term":[{"taxonomy":"category","embeddable":true,"href":"https:\/\/imais.online\/portal\/wp-json\/wp\/v2\/categories?post=29364"},{"taxonomy":"post_tag","embeddable":true,"href":"https:\/\/imais.online\/portal\/wp-json\/wp\/v2\/tags?post=29364"}],"curies":[{"name":"wp","href":"https:\/\/api.w.org\/{rel}","templated":true}]}}