{"id":29384,"date":"2025-10-19T09:39:21","date_gmt":"2025-10-19T12:39:21","guid":{"rendered":"https:\/\/imais.online\/portal\/?p=29384"},"modified":"2025-10-19T09:39:21","modified_gmt":"2025-10-19T12:39:21","slug":"campanha-de-multivacinacao-vai-ate-31-de-outubro-em-sp-para-criancas-e-adolescentes","status":"publish","type":"post","link":"https:\/\/imais.online\/portal\/campanha-de-multivacinacao-vai-ate-31-de-outubro-em-sp-para-criancas-e-adolescentes\/","title":{"rendered":"Campanha de Multivacina\u00e7\u00e3o vai at\u00e9 31 de outubro em SP para crian\u00e7as e adolescentes"},"content":{"rendered":"<div class=\"imais-before-content-placement\" id=\"imais-1983022259\"><script async src=\"\/\/pagead2.googlesyndication.com\/pagead\/js\/adsbygoogle.js?client=ca-pub-8787528412751566\" crossorigin=\"anonymous\"><\/script><ins class=\"adsbygoogle\" style=\"display:block;\" data-ad-client=\"ca-pub-8787528412751566\" \ndata-ad-slot=\"\" \ndata-ad-format=\"auto\"><\/ins>\n<script> \n(adsbygoogle = window.adsbygoogle || []).push({}); \n<\/script>\n<\/div>\n<p class=\"has-text-align-center\">Grupo dos imunizantes dispon\u00edveis inclui vacina contra HPV, que apresenta baixa ades\u00e3o no estado<\/p>\n\n\n\n<p>A campanha de multivacina\u00e7\u00e3o em S\u00e3o Paulo do Governo do Estado segue at\u00e9 o dia 31 de outubro e tem como p\u00fablico-alvo crian\u00e7as e adolescentes menores de 15 anos. A a\u00e7\u00e3o busca ampliar o acesso \u00e0 vacina\u00e7\u00e3o,\u00a0aumentar a cobertura vacinal\u00a0e reduzir o risco de doen\u00e7as imunopreven\u00edveis em todo o Estado.<\/p>\n\n\n\n<p>\u201cSer\u00e3o ofertadas todas as vacinas que fazem parte do calend\u00e1rio de vacina\u00e7\u00e3o da crian\u00e7a e do adolescente\u201d, explica L\u00edgia Nerger, diretora de Imuniza\u00e7\u00e3o da Secretaria de Sa\u00fade.<\/p>\n\n\n\n<p>Entre os imunizantes dispon\u00edveis est\u00e3o as vacinas contra sarampo, caxumba e rub\u00e9ola, a HPV e a dengue, voltadas especialmente ao p\u00fablico adolescente. As doses est\u00e3o dispon\u00edveis em todas as unidades de sa\u00fade da rede estadual e municipal.<\/p>\n\n\n\n<h2 class=\"wp-block-heading\">Vacina\u00e7\u00e3o contra febre amarela e sarampo tamb\u00e9m \u00e9 prioridade<\/h2>\n\n\n\n<p>Al\u00e9m da multivacina\u00e7\u00e3o, o Governo de S\u00e3o Paulo tamb\u00e9m realiza uma intensifica\u00e7\u00e3o da vacina\u00e7\u00e3o contra a\u00a0febre amarela, devido \u00e0 ocorr\u00eancia de casos e \u00f3bitos na regi\u00e3o de Campinas e em outras \u00e1reas do Estado.<\/p>\n\n\n\n<p>H\u00e1 ainda um refor\u00e7o na vacina\u00e7\u00e3o contra o sarampo, motivado pelo aumento de registros em pa\u00edses como Canad\u00e1, Estados Unidos, M\u00e9xico, Argentina e Bol\u00edvia. O Brasil recebeu o certificado de elimina\u00e7\u00e3o do sarampo em 2024, e o objetivo \u00e9 evitar a reintrodu\u00e7\u00e3o da doen\u00e7a no territ\u00f3rio nacional.<\/p>\n\n\n\n<p>Tamb\u00e9m est\u00e1 em andamento o resgate de adolescentes de 15 a 19 anos\u00a0n\u00e3o vacinados contra o HPV, para garantir a imuniza\u00e7\u00e3o de quem perdeu a oportunidade de receber a dose na idade recomendada.<\/p>\n\n\n\n<h2 class=\"wp-block-heading\">Dia D de vacina\u00e7\u00e3o ser\u00e1 neste s\u00e1bado (18)<\/h2>\n\n\n\n<p>Neste s\u00e1bado (18), S\u00e3o Paulo tem o Dia D de mobiliza\u00e7\u00e3o da multivacina\u00e7\u00e3o, com unidades de sa\u00fade abertos das 8h \u00e0s 17h. Todos os munic\u00edpios paulistas participar\u00e3o da a\u00e7\u00e3o, com estrat\u00e9gias diferenciadas para facilitar o acesso das fam\u00edlias e atualizar as carteirinhas de vacina\u00e7\u00e3o.<\/p>\n\n\n\n<blockquote class=\"wp-block-quote is-layout-flow wp-block-quote-is-layout-flow\">\n<p>\u201cO objetivo \u00e9 ampliar o acesso \u00e0 vacina\u00e7\u00e3o e diminuir o risco de circula\u00e7\u00e3o das doen\u00e7as imunopreven\u00edveis\u201d, refor\u00e7a L\u00edgia Nerger.<\/p>\n<\/blockquote>\n\n\n\n<h2 class=\"wp-block-heading\">Portal \u201cVacina 100 D\u00favidas\u201d orienta sobre imuniza\u00e7\u00e3o<\/h2>\n\n\n\n<p>Quem tiver d\u00favidas sobre vacinas pode acessar o portal Vacina Sem D\u00favidas, mantido pelo Governo do Estado de S\u00e3o Paulo. A plataforma re\u00fane informa\u00e7\u00f5es sobre todas as vacinas do calend\u00e1rio, as idades indicadas, contraindica\u00e7\u00f5es e orienta\u00e7\u00f5es confi\u00e1veis para reduzir a hesita\u00e7\u00e3o vacinal.<\/p>\n\n\n\n<p>\u201cO portal foi criado a partir das principais perguntas feitas pelas pessoas na internet. Ele ajuda a esclarecer d\u00favidas sobre vacinas de crian\u00e7as, adolescentes, adultos e idosos\u201d, explica a diretora de Imuniza\u00e7\u00e3o.<\/p>\n","protected":false},"excerpt":{"rendered":"<p>Grupo dos imunizantes dispon\u00edveis inclui vacina contra HPV, que apresenta baixa ades\u00e3o no estado A campanha de multivacina\u00e7\u00e3o em S\u00e3o Paulo do Governo do Estado segue at\u00e9 o dia 31 de outubro e tem como p\u00fablico-alvo crian\u00e7as e adolescentes menores de 15 anos. A a\u00e7\u00e3o busca ampliar o acesso \u00e0 vacina\u00e7\u00e3o,\u00a0aumentar a cobertura vacinal\u00a0e reduzir [&hellip;]<\/p>\n","protected":false},"author":7,"featured_media":29385,"comment_status":"closed","ping_status":"open","sticky":false,"template":"","format":"standard","meta":{"rop_custom_images_group":[],"rop_custom_messages_group":[],"rop_publish_now":"initial","rop_publish_now_accounts":[],"rop_publish_now_history":[],"rop_publish_now_status":"pending","footnotes":""},"categories":[205],"tags":[73],"class_list":["post-29384","post","type-post","status-publish","format-standard","has-post-thumbnail","hentry","category-saude","tag-featured"],"amp_enabled":true,"_links":{"self":[{"href":"https:\/\/imais.online\/portal\/wp-json\/wp\/v2\/posts\/29384","targetHints":{"allow":["GET"]}}],"collection":[{"href":"https:\/\/imais.online\/portal\/wp-json\/wp\/v2\/posts"}],"about":[{"href":"https:\/\/imais.online\/portal\/wp-json\/wp\/v2\/types\/post"}],"author":[{"embeddable":true,"href":"https:\/\/imais.online\/portal\/wp-json\/wp\/v2\/users\/7"}],"replies":[{"embeddable":true,"href":"https:\/\/imais.online\/portal\/wp-json\/wp\/v2\/comments?post=29384"}],"version-history":[{"count":1,"href":"https:\/\/imais.online\/portal\/wp-json\/wp\/v2\/posts\/29384\/revisions"}],"predecessor-version":[{"id":29386,"href":"https:\/\/imais.online\/portal\/wp-json\/wp\/v2\/posts\/29384\/revisions\/29386"}],"wp:featuredmedia":[{"embeddable":true,"href":"https:\/\/imais.online\/portal\/wp-json\/wp\/v2\/media\/29385"}],"wp:attachment":[{"href":"https:\/\/imais.online\/portal\/wp-json\/wp\/v2\/media?parent=29384"}],"wp:term":[{"taxonomy":"category","embeddable":true,"href":"https:\/\/imais.online\/portal\/wp-json\/wp\/v2\/categories?post=29384"},{"taxonomy":"post_tag","embeddable":true,"href":"https:\/\/imais.online\/portal\/wp-json\/wp\/v2\/tags?post=29384"}],"curies":[{"name":"wp","href":"https:\/\/api.w.org\/{rel}","templated":true}]}}