{"id":29422,"date":"2025-10-22T09:03:11","date_gmt":"2025-10-22T12:03:11","guid":{"rendered":"https:\/\/imais.online\/portal\/?p=29422"},"modified":"2025-10-22T09:03:11","modified_gmt":"2025-10-22T12:03:11","slug":"campinas-shopping-antecipa-a-chegada-do-papai-noel-com-festa","status":"publish","type":"post","link":"https:\/\/imais.online\/portal\/campinas-shopping-antecipa-a-chegada-do-papai-noel-com-festa\/","title":{"rendered":"Campinas Shopping antecipa a chegada do Papai Noel com festa"},"content":{"rendered":"<div class=\"imais-before-content-placement\" id=\"imais-3770245556\"><script async src=\"\/\/pagead2.googlesyndication.com\/pagead\/js\/adsbygoogle.js?client=ca-pub-8787528412751566\" crossorigin=\"anonymous\"><\/script><ins class=\"adsbygoogle\" style=\"display:block;\" data-ad-client=\"ca-pub-8787528412751566\" \ndata-ad-slot=\"\" \ndata-ad-format=\"auto\"><\/ins>\n<script> \n(adsbygoogle = window.adsbygoogle || []).push({}); \n<\/script>\n<\/div>\n<p class=\"has-text-align-center\"><em>No dia 8 de novembro, o querido personagem ser\u00e1 recebido com uma programa\u00e7\u00e3o especial, que este ano tem a &#8216;F\u00e1brica de Ursos&#8217; como tema de Natal<\/em><\/p>\n\n\n\n<p>O Campinas Shopping \u00e9 o primeiro da regi\u00e3o a anunciar a chegada do Papai Noel. Marcada para o dia 8 de novembro, a festa traz uma programa\u00e7\u00e3o voltada a adultos e crian\u00e7as e \u00e9 um convite para que os frequentadores conhe\u00e7am a decora\u00e7\u00e3o de Natal, que este ano tem como tema \u201cF\u00e1brica de Ursos\u201d. \u201cAo antecipar a chegada do querido personagem natalino, queremos dar ao p\u00fablico a oportunidade de se conectar com o esp\u00edrito da festa que \u00e9 t\u00e3o importante para reunir as fam\u00edlias\u201d, afirma Ariadne Lelis, gerente de Marketing do Campinas Shopping.<\/p>\n\n\n\n<p>A voca\u00e7\u00e3o para lazer e entretenimento do Campinas Shopping se reflete na programa\u00e7\u00e3o especialmente organizada para o Natal. Tudo come\u00e7a na tem\u00e1tica da decora\u00e7\u00e3o. A proposta de transformar as principais pra\u00e7as do shopping em \u201cF\u00e1brica de Ursos\u201d combina com elementos tradicionais da festa, como guirlandas, luzes e enfeites que valorizam as cores vermelha, verde e dourada.<\/p>\n\n\n\n<p>A prepara\u00e7\u00e3o da chegada do Papai Noel, no dia 8 de novembro, come\u00e7a com distribui\u00e7\u00e3o de bal\u00f5es para as crian\u00e7as \u00e0s 14h30. A entrada do bom velhinho, \u00e0s 15h, ser\u00e1 acompanhada de uma bandinha para animar o desfile pelo mall e a presen\u00e7a da Campi, a capivara mascote do shopping, est\u00e1 confirmada. \u00c0s 15h45, j\u00e1 no trono, Papai Noel recebe as crian\u00e7as para a sess\u00e3o de fotos. A oficina de meias de Natal \u00e9 outra atra\u00e7\u00e3o do evento, e come\u00e7a \u00e0s 16h30. Toda a programa\u00e7\u00e3o \u00e9 gratuita.<\/p>\n\n\n\n<p>Mais informa\u00e7\u00f5es pelo site <a href=\"http:\/\/www.campinasshopping.com.br\">www.campinasshopping.com.br<\/a><\/p>\n\n\n\n<p><strong>CHEGADA PAPAI NOEL \u2013 CAMPINAS SHOPPING<\/strong><\/p>\n\n\n\n<p>Data: 08\/11<\/p>\n\n\n\n<p>14h30 &#8211; Distribui\u00e7\u00e3o de bal\u00f5es<\/p>\n\n\n\n<p>15h \u2013 Chegada Papai Noel<\/p>\n\n\n\n<p>15h45 \u2013 Presen\u00e7a da Campi, capivara mascote do shopping<\/p>\n\n\n\n<p>15h45 \u2013 Sess\u00e3o de fotos com Papai Noel<\/p>\n\n\n\n<p>16h30 \u2013 Oficina de meias<\/p>\n\n\n\n<p><strong>SERVI\u00c7O<\/strong><\/p>\n\n\n\n<p><strong>Campinas Shopping<\/strong><\/p>\n\n\n\n<p>Jacy Teixeira de Camargo, 940 &#8211; Jardim do Lago, Campinas (SP)<\/p>\n\n\n\n<p><a href=\"http:\/\/www.campinasshopping.com.br\">www.campinasshopping.com.br<\/a><\/p>\n\n\n\n<p>Instagram e Facebook: @campinasshopping<\/p>\n","protected":false},"excerpt":{"rendered":"<p>No dia 8 de novembro, o querido personagem ser\u00e1 recebido com uma programa\u00e7\u00e3o especial, que este ano tem a &#8216;F\u00e1brica de Ursos&#8217; como tema de Natal O Campinas Shopping \u00e9 o primeiro da regi\u00e3o a anunciar a chegada do Papai Noel. Marcada para o dia 8 de novembro, a festa traz uma programa\u00e7\u00e3o voltada a [&hellip;]<\/p>\n","protected":false},"author":7,"featured_media":29423,"comment_status":"closed","ping_status":"open","sticky":false,"template":"","format":"standard","meta":{"rop_custom_images_group":[],"rop_custom_messages_group":[],"rop_publish_now":"initial","rop_publish_now_accounts":[],"rop_publish_now_history":[],"rop_publish_now_status":"pending","footnotes":""},"categories":[272],"tags":[],"class_list":["post-29422","post","type-post","status-publish","format-standard","has-post-thumbnail","hentry","category-campinas"],"amp_enabled":true,"_links":{"self":[{"href":"https:\/\/imais.online\/portal\/wp-json\/wp\/v2\/posts\/29422","targetHints":{"allow":["GET"]}}],"collection":[{"href":"https:\/\/imais.online\/portal\/wp-json\/wp\/v2\/posts"}],"about":[{"href":"https:\/\/imais.online\/portal\/wp-json\/wp\/v2\/types\/post"}],"author":[{"embeddable":true,"href":"https:\/\/imais.online\/portal\/wp-json\/wp\/v2\/users\/7"}],"replies":[{"embeddable":true,"href":"https:\/\/imais.online\/portal\/wp-json\/wp\/v2\/comments?post=29422"}],"version-history":[{"count":1,"href":"https:\/\/imais.online\/portal\/wp-json\/wp\/v2\/posts\/29422\/revisions"}],"predecessor-version":[{"id":29424,"href":"https:\/\/imais.online\/portal\/wp-json\/wp\/v2\/posts\/29422\/revisions\/29424"}],"wp:featuredmedia":[{"embeddable":true,"href":"https:\/\/imais.online\/portal\/wp-json\/wp\/v2\/media\/29423"}],"wp:attachment":[{"href":"https:\/\/imais.online\/portal\/wp-json\/wp\/v2\/media?parent=29422"}],"wp:term":[{"taxonomy":"category","embeddable":true,"href":"https:\/\/imais.online\/portal\/wp-json\/wp\/v2\/categories?post=29422"},{"taxonomy":"post_tag","embeddable":true,"href":"https:\/\/imais.online\/portal\/wp-json\/wp\/v2\/tags?post=29422"}],"curies":[{"name":"wp","href":"https:\/\/api.w.org\/{rel}","templated":true}]}}