{"id":29445,"date":"2025-10-27T13:37:42","date_gmt":"2025-10-27T16:37:42","guid":{"rendered":"https:\/\/imais.online\/portal\/?p=29445"},"modified":"2025-10-27T13:37:43","modified_gmt":"2025-10-27T16:37:43","slug":"1a-churrasco-modao-agita-a-cidade-de-hortolandia-com-grandes-shows","status":"publish","type":"post","link":"https:\/\/imais.online\/portal\/1a-churrasco-modao-agita-a-cidade-de-hortolandia-com-grandes-shows\/","title":{"rendered":"1\u00aa Churrasco &amp; Mod\u00e3o agita a cidade de Hortol\u00e2ndia com grandes shows"},"content":{"rendered":"<div class=\"imais-before-content-placement\" id=\"imais-1234343829\"><script async src=\"\/\/pagead2.googlesyndication.com\/pagead\/js\/adsbygoogle.js?client=ca-pub-8787528412751566\" crossorigin=\"anonymous\"><\/script><ins class=\"adsbygoogle\" style=\"display:block;\" data-ad-client=\"ca-pub-8787528412751566\" \ndata-ad-slot=\"\" \ndata-ad-format=\"auto\"><\/ins>\n<script> \n(adsbygoogle = window.adsbygoogle || []).push({}); \n<\/script>\n<\/div>\n<p>A cidade de Hortol\u00e2ndia, interior do Estado de S\u00e3o Paulo, se prepara para receber no dia 09 de novembro o 1\u00aa Churrasco &amp; Mod\u00e3o. O evento vai trazer quatro grandes shows no Espa\u00e7o Blue Eventos, a partir das 13h. Luiz Miguel &amp; Daniel, Luccas Fernandes, Elaine Mendon\u00e7a e Dezza ir\u00e3o cantar grandes cl\u00e1ssicos da m\u00fasica sertaneja para embalar o p\u00fablico presente. A realiza\u00e7\u00e3o do evento \u00e9 do Chic\u00e3o Shows e Rick Dias Produ\u00e7\u00f5es.<\/p>\n\n\n\n<p>Vale lembrar que a festa vai contar com Open Churras das 13h \u00e0s 16h, com os melhores cortes e prote\u00ednas como picanha, poledy pork, bristek, contra fil\u00e9, lingui\u00e7a, frango e p\u00e3o de alho. O churrasco vai ficar por conta do Dom Roasters. Para mais informa\u00e7\u00f5es sobre o evento, atrav\u00e9s do telefone (19) 9 9998 6633.<\/p>\n\n\n\n<p>Entre os artistas que ir\u00e3o se apresentar, al\u00e9m das pratas da casa, Elaine Mendon\u00e7a e Dezza que vem se apresentando nas principais casas de shows da regi\u00e3o, vale destacar o cantor Luccas Fernandes, nascido e criado na periferia de Campinas\/SP, trilhou um caminho na igreja evang\u00e9lica, se dedicou por metade da vida ao gospel e ao of\u00edcio de pastor e, s\u00f3 aos 30 anos, foi apresentado de verdade ao estilo musical, t\u00e3o popular no Brasil.<\/p>\n\n\n\n<p>Luccas Fernandes gravou os DVDs &#8220;Meu Mundo&#8221;, com participa\u00e7\u00e3o de Guilherme &amp; Benuto e Alexandre Pires, e &#8220;Mem\u00f3rias Ac\u00fastico&#8221;, para resgatar cl\u00e1ssicos de v\u00e1rias gera\u00e7\u00f5es do g\u00eanero. Realizou v\u00e1rios shows pelo o Brasil, como, por exemplo, aberturas para o espet\u00e1culo &#8220;Cabar\u00e9&#8221;, com Leonardo &amp; Bruno e Marrone.<\/p>\n\n\n\n<p>Considerada uma das duplas mais afinadas e queridas do Brasil, Luiz Miguel &amp; Daniel s\u00e3o figuras carimbadas nos principais palcos do Brasil e est\u00e3o trabalhando a divulga\u00e7\u00e3o da m\u00fasica \u201cPensamento nada a ver\u201d. A can\u00e7\u00e3o, que contou com a participa\u00e7\u00e3o da dupla Guilherme &amp; Benuto, faz parte do \u201cDVD Luiz Miguel &amp; Daniel Ao Vivo em Campinas\u201d, j\u00e1 est\u00e1 dispon\u00edvel em todas as plataformas de distribui\u00e7\u00e3o digital.<\/p>\n\n\n\n<p>Intitulado \u201cLuiz Miguel &amp; Daniel Ao Vivo em Campinas\u201d, o projeto contou com a participa\u00e7\u00e3o de Guilherme &amp; Benuto e do Sem ReZnha, al\u00e9m de Sereno, pai da dupla. Vale destacar as releituras de m\u00fasicas autorais como \u201cO que j\u00e1 era meu\u201d e o pot-pourri \u201cTem cachaceiro a\u00ed\u201d \/ \u201cUs mininu t\u00e3o chegando\u201d.<\/p>\n\n\n\n<p><strong>SERVI\u00c7O<\/strong><\/p>\n\n\n\n<p>Evento: 1\u00aa Churrasco &amp; Mod\u00e3o \u2013 Shows Luiz Miguel &amp; Daniel, Luccas Fernandes, Elaine Mendon\u00e7a e Dezza<\/p>\n\n\n\n<p>Data: 09 de novembro<\/p>\n\n\n\n<p>Hor\u00e1rio do show: 13h<\/p>\n\n\n\n<p>Local: Espa\u00e7o Blue Eventos &#8211; Rua Werner Habig, 175 &#8211; Ch\u00e1caras Luzitana &#8211; Hortol\u00e2ndia\/SP.<\/p>\n\n\n\n<p>Mais informa\u00e7\u00f5es: (19) 9 9998 6633.<\/p>\n","protected":false},"excerpt":{"rendered":"<p>A cidade de Hortol\u00e2ndia, interior do Estado de S\u00e3o Paulo, se prepara para receber no dia 09 de novembro o 1\u00aa Churrasco &amp; Mod\u00e3o. O evento vai trazer quatro grandes shows no Espa\u00e7o Blue Eventos, a partir das 13h. Luiz Miguel &amp; Daniel, Luccas Fernandes, Elaine Mendon\u00e7a e Dezza ir\u00e3o cantar grandes cl\u00e1ssicos da m\u00fasica [&hellip;]<\/p>\n","protected":false},"author":7,"featured_media":29446,"comment_status":"closed","ping_status":"open","sticky":false,"template":"","format":"standard","meta":{"rop_custom_images_group":[],"rop_custom_messages_group":[],"rop_publish_now":"initial","rop_publish_now_accounts":[],"rop_publish_now_history":[],"rop_publish_now_status":"pending","footnotes":""},"categories":[194],"tags":[],"class_list":["post-29445","post","type-post","status-publish","format-standard","has-post-thumbnail","hentry","category-regia"],"amp_enabled":true,"_links":{"self":[{"href":"https:\/\/imais.online\/portal\/wp-json\/wp\/v2\/posts\/29445","targetHints":{"allow":["GET"]}}],"collection":[{"href":"https:\/\/imais.online\/portal\/wp-json\/wp\/v2\/posts"}],"about":[{"href":"https:\/\/imais.online\/portal\/wp-json\/wp\/v2\/types\/post"}],"author":[{"embeddable":true,"href":"https:\/\/imais.online\/portal\/wp-json\/wp\/v2\/users\/7"}],"replies":[{"embeddable":true,"href":"https:\/\/imais.online\/portal\/wp-json\/wp\/v2\/comments?post=29445"}],"version-history":[{"count":1,"href":"https:\/\/imais.online\/portal\/wp-json\/wp\/v2\/posts\/29445\/revisions"}],"predecessor-version":[{"id":29447,"href":"https:\/\/imais.online\/portal\/wp-json\/wp\/v2\/posts\/29445\/revisions\/29447"}],"wp:featuredmedia":[{"embeddable":true,"href":"https:\/\/imais.online\/portal\/wp-json\/wp\/v2\/media\/29446"}],"wp:attachment":[{"href":"https:\/\/imais.online\/portal\/wp-json\/wp\/v2\/media?parent=29445"}],"wp:term":[{"taxonomy":"category","embeddable":true,"href":"https:\/\/imais.online\/portal\/wp-json\/wp\/v2\/categories?post=29445"},{"taxonomy":"post_tag","embeddable":true,"href":"https:\/\/imais.online\/portal\/wp-json\/wp\/v2\/tags?post=29445"}],"curies":[{"name":"wp","href":"https:\/\/api.w.org\/{rel}","templated":true}]}}