{"id":29480,"date":"2025-10-29T16:59:52","date_gmt":"2025-10-29T19:59:52","guid":{"rendered":"https:\/\/imais.online\/portal\/?p=29480"},"modified":"2025-10-29T17:13:42","modified_gmt":"2025-10-29T20:13:42","slug":"aposta-no-interior-hm-escolhe-campinas-para-terceira-loja-no-brasil","status":"publish","type":"post","link":"https:\/\/imais.online\/portal\/aposta-no-interior-hm-escolhe-campinas-para-terceira-loja-no-brasil\/","title":{"rendered":"Aposta no Interior: H&amp;M escolhe Campinas para terceira loja no Brasil"},"content":{"rendered":"<div class=\"imais-before-content-placement\" id=\"imais-4050140396\"><script async src=\"\/\/pagead2.googlesyndication.com\/pagead\/js\/adsbygoogle.js?client=ca-pub-8787528412751566\" crossorigin=\"anonymous\"><\/script><ins class=\"adsbygoogle\" style=\"display:block;\" data-ad-client=\"ca-pub-8787528412751566\" \ndata-ad-slot=\"\" \ndata-ad-format=\"auto\"><\/ins>\n<script> \n(adsbygoogle = window.adsbygoogle || []).push({}); \n<\/script>\n<\/div>\n<p class=\"has-text-align-center\"><strong>Em pr\u00e9-estreia, a terceira loja da gigante sueca revela o plano de consolidar a marca em um mercado estrat\u00e9gico, com 2 mil m\u00b2 de moda e artigos para o lar<\/strong><\/p>\n\n\n\n<p>A gigante sueca do varejo de moda, Hennes &amp; Mauritz (H&amp;M), inaugura nesta quinta-feira, 30 de outubro, sua mais nova e aguardada unidade no Brasil. A loja, localizada no Shopping Parque Dom Pedro, em Campinas, S\u00e3o Paulo, representa a terceira opera\u00e7\u00e3o f\u00edsica da marca no pa\u00eds e possui um significado estrat\u00e9gico adicional: ser\u00e1 a primeira a apresentar a cole\u00e7\u00e3o H&amp;M Home ao p\u00fablico brasileiro.<\/p>\n\n\n\n<figure class=\"wp-block-video\"><video height=\"1920\" style=\"aspect-ratio: 1080 \/ 1920;\" width=\"1080\" controls src=\"https:\/\/imais.online\/portal\/wp-content\/uploads\/2025\/10\/Post-com-video-1.mp4\"><\/video><\/figure>\n\n\n\n<p>Com uma \u00e1rea de aproximadamente 2.000 metros quadrados, a nova loja refor\u00e7a a ofensiva da H&amp;M no mercado nacional. A escolha por Campinas, um dos principais polos econ\u00f4micos do interior paulista, sublinha o planejamento de expans\u00e3o da varejista, que j\u00e1 anunciou planos para novas aberturas em 2026, incluindo cidades como Sorocaba, Rio de Janeiro e Porto Alegre.<\/p>\n\n\n\n<p>A inclus\u00e3o da <strong>H&amp;M Home<\/strong> nesta unidade de Campinas \u00e9 um marco para a opera\u00e7\u00e3o brasileira. A cole\u00e7\u00e3o de artigos para o lar da marca, que oferece desde roupas de cama e banho at\u00e9 utens\u00edlios de cozinha e itens de decora\u00e7\u00e3o, \u00e9 conhecida por seguir as tend\u00eancias de design escandinavo com pre\u00e7os acess\u00edveis. A estreia da linha Home no pa\u00eds sinaliza a inten\u00e7\u00e3o da H&amp;M de competir diretamente no segmento de decora\u00e7\u00e3o e utilidades dom\u00e9sticas, diversificando sua atua\u00e7\u00e3o para al\u00e9m do vestu\u00e1rio.<\/p>\n\n\n\n<p><strong>O Modelo de Neg\u00f3cio e a Sustentabilidade<\/strong><\/p>\n\n\n\n<p>Fundada em 1947, a H&amp;M \u00e9 reconhecida globalmente como uma das maiores varejistas de vestu\u00e1rio. Seu modelo de neg\u00f3cio \u00e9 baseado no conceito de oferecer moda com qualidade e pre\u00e7o acess\u00edvel, de uma forma mais sustent\u00e1vel.<\/p>\n\n\n\n<p>A chegada da H&amp;M Home a Campinas expande o portf\u00f3lio da marca para al\u00e9m da moda feminina, masculina e infantil, entrando no lucrativo segmento de artigos para o lar, que tem visto crescimento exponencial no Brasil.<\/p>\n\n\n\n<p><strong>Detalhes da Inaugura\u00e7\u00e3o<\/strong><\/p>\n\n\n\n<p>A abertura da loja est\u00e1 marcada para esta quinta-feira e \u00e9 cercada de grande expectativa. O Shopping Parque Dom Pedro tem divulgado o evento como um dos mais aguardados do ano, com a promessa de vale-compras especiais para os primeiros clientes na fila.<\/p>\n\n\n\n<p>A inaugura\u00e7\u00e3o em Campinas n\u00e3o \u00e9 apenas um evento comercial, mas um term\u00f4metro do apetite do consumidor brasileiro por marcas internacionais e um novo cap\u00edtulo na discuss\u00e3o sobre o futuro da moda e do consumo consciente no pa\u00eds.<\/p>\n","protected":false},"excerpt":{"rendered":"<p>Em pr\u00e9-estreia, a terceira loja da gigante sueca revela o plano de consolidar a marca em um mercado estrat\u00e9gico, com 2 mil m\u00b2 de moda e artigos para o lar A gigante sueca do varejo de moda, Hennes &amp; Mauritz (H&amp;M), inaugura nesta quinta-feira, 30 de outubro, sua mais nova e aguardada unidade no Brasil. [&hellip;]<\/p>\n","protected":false},"author":7,"featured_media":29481,"comment_status":"closed","ping_status":"open","sticky":false,"template":"","format":"standard","meta":{"rop_custom_images_group":[],"rop_custom_messages_group":[],"rop_publish_now":"initial","rop_publish_now_accounts":[],"rop_publish_now_history":[],"rop_publish_now_status":"pending","footnotes":""},"categories":[272],"tags":[],"class_list":["post-29480","post","type-post","status-publish","format-standard","has-post-thumbnail","hentry","category-campinas"],"amp_enabled":true,"_links":{"self":[{"href":"https:\/\/imais.online\/portal\/wp-json\/wp\/v2\/posts\/29480","targetHints":{"allow":["GET"]}}],"collection":[{"href":"https:\/\/imais.online\/portal\/wp-json\/wp\/v2\/posts"}],"about":[{"href":"https:\/\/imais.online\/portal\/wp-json\/wp\/v2\/types\/post"}],"author":[{"embeddable":true,"href":"https:\/\/imais.online\/portal\/wp-json\/wp\/v2\/users\/7"}],"replies":[{"embeddable":true,"href":"https:\/\/imais.online\/portal\/wp-json\/wp\/v2\/comments?post=29480"}],"version-history":[{"count":3,"href":"https:\/\/imais.online\/portal\/wp-json\/wp\/v2\/posts\/29480\/revisions"}],"predecessor-version":[{"id":29488,"href":"https:\/\/imais.online\/portal\/wp-json\/wp\/v2\/posts\/29480\/revisions\/29488"}],"wp:featuredmedia":[{"embeddable":true,"href":"https:\/\/imais.online\/portal\/wp-json\/wp\/v2\/media\/29481"}],"wp:attachment":[{"href":"https:\/\/imais.online\/portal\/wp-json\/wp\/v2\/media?parent=29480"}],"wp:term":[{"taxonomy":"category","embeddable":true,"href":"https:\/\/imais.online\/portal\/wp-json\/wp\/v2\/categories?post=29480"},{"taxonomy":"post_tag","embeddable":true,"href":"https:\/\/imais.online\/portal\/wp-json\/wp\/v2\/tags?post=29480"}],"curies":[{"name":"wp","href":"https:\/\/api.w.org\/{rel}","templated":true}]}}