{"id":29494,"date":"2025-10-30T14:33:20","date_gmt":"2025-10-30T17:33:20","guid":{"rendered":"https:\/\/imais.online\/portal\/?p=29494"},"modified":"2025-10-31T09:13:06","modified_gmt":"2025-10-31T12:13:06","slug":"hm-brasil-abre-loja-no-parque-dom-pedro-em-campinas","status":"publish","type":"post","link":"https:\/\/imais.online\/portal\/hm-brasil-abre-loja-no-parque-dom-pedro-em-campinas\/","title":{"rendered":"H&#038;M Brasil abre loja no Parque Dom Pedro, em Campinas"},"content":{"rendered":"<div class=\"imais-before-content-placement\" id=\"imais-1652477757\"><script async src=\"\/\/pagead2.googlesyndication.com\/pagead\/js\/adsbygoogle.js?client=ca-pub-8787528412751566\" crossorigin=\"anonymous\"><\/script><ins class=\"adsbygoogle\" style=\"display:block;\" data-ad-client=\"ca-pub-8787528412751566\" \ndata-ad-slot=\"\" \ndata-ad-format=\"auto\"><\/ins>\n<script> \n(adsbygoogle = window.adsbygoogle || []).push({}); \n<\/script>\n<\/div>\n<p>A H&amp;M inaugura sua primeira loja em Campinas, localizada no Parque Dom Pedro. Com mais de 2 mil m\u00b2, a unidade \u00e9 a terceira da marca no Brasil e a primeira a trazer H&amp;M Home em loja f\u00edsica ao pa\u00eds, com itens de decora\u00e7\u00e3o como roupas de cama, almofadas, acess\u00f3rios para mesa posta e objetos de design que unem funcionalidade e estilo.<\/p>\n\n\n\n<p>A H&amp;M inaugura sua primeira loja em Campinas, localizada no Parque Dom Pedro. Com mais<br>de 2 mil m\u00b2, a unidade \u00e9 a terceira da marca no Brasil e a primeira a trazer H&amp;M Home em<br>loja f\u00edsica ao pa\u00eds, com itens de decora\u00e7\u00e3o como roupas de cama, almofadas, acess\u00f3rios para<br>mesa posta e objetos de design que unem funcionalidade e estilo.<\/p>\n\n\n\n<figure class=\"wp-block-image size-large\"><img loading=\"lazy\" decoding=\"async\" width=\"1024\" height=\"724\" src=\"https:\/\/imais.online\/portal\/wp-content\/uploads\/2025\/10\/home-1024x724.png\" alt=\"\" class=\"wp-image-29498\" srcset=\"https:\/\/imais.online\/portal\/wp-content\/uploads\/2025\/10\/home-1024x724.png 1024w, https:\/\/imais.online\/portal\/wp-content\/uploads\/2025\/10\/home-300x212.png 300w, https:\/\/imais.online\/portal\/wp-content\/uploads\/2025\/10\/home-768x543.png 768w, https:\/\/imais.online\/portal\/wp-content\/uploads\/2025\/10\/home-1536x1086.png 1536w, https:\/\/imais.online\/portal\/wp-content\/uploads\/2025\/10\/home.png 2000w\" sizes=\"auto, (max-width: 1024px) 100vw, 1024px\" \/><figcaption class=\"wp-element-caption\">Foto: Pedro Lela Leme<\/figcaption><\/figure>\n\n\n\n<p>&#8220;A chegada da H&amp;M a Campinas, com a inaugura\u00e7\u00e3o da loja no Parque Dom Pedro, representa<br>um avan\u00e7o estrat\u00e9gico na nossa expans\u00e3o pelo Brasil. Estamos gerando cerca de 180<br>empregos diretos em regime 5&#215;2, al\u00e9m de diversas oportunidades indiretas, contribuindo<br>para o desenvolvimento econ\u00f4mico local. Pela primeira vez em loja fisica no pa\u00eds,<br>apresentamos a H&amp;M Home, com artigos para casa a partir de R$ 29,90, refor\u00e7ando nosso<br>compromisso em oferecer produtos de qualidade a pre\u00e7os acess\u00edveis. A loja tamb\u00e9m re\u00fane<br>as linhas feminina, masculina, H&amp;M Move e uma \u00e1rea de 300 m\u00b2 dedicada exclusivamente ao<br>p\u00fablico infantil Mais do que ampliar nossa presen\u00e7a, buscamos construir uma opera\u00e7\u00e3o que<br>evolui junto com o mercado brasileiro \u2014 com escuta ativa, adapta\u00e7\u00e3o e entrega consistente.\u201d,<br>afirma Joaquim Pereira, Country Manager H&amp;M Brasil.<\/p>\n\n\n\n<figure class=\"wp-block-image size-large\"><img loading=\"lazy\" decoding=\"async\" width=\"1024\" height=\"724\" src=\"https:\/\/imais.online\/portal\/wp-content\/uploads\/2025\/10\/fachada-1024x724.png\" alt=\"\" class=\"wp-image-29499\" srcset=\"https:\/\/imais.online\/portal\/wp-content\/uploads\/2025\/10\/fachada-1024x724.png 1024w, https:\/\/imais.online\/portal\/wp-content\/uploads\/2025\/10\/fachada-300x212.png 300w, https:\/\/imais.online\/portal\/wp-content\/uploads\/2025\/10\/fachada-768x543.png 768w, https:\/\/imais.online\/portal\/wp-content\/uploads\/2025\/10\/fachada-1536x1086.png 1536w, https:\/\/imais.online\/portal\/wp-content\/uploads\/2025\/10\/fachada.png 2000w\" sizes=\"auto, (max-width: 1024px) 100vw, 1024px\" \/><figcaption class=\"wp-element-caption\">Foto: Pedro Lela Leme<\/figcaption><\/figure>\n\n\n\n<p>\u201cParticipar da inaugura\u00e7\u00e3o da H&amp;M em Campinas \u00e9 uma grande conquista pessoal e profissional. A experi\u00eancia \u00e9 ainda mais especial, j\u00e1 que somos o primeiro espa\u00e7o f\u00edsico no<br>Brasil a receber a linha H&amp;M Home. Tamb\u00e9m temos a oportunidade de apresentar aos nossos<br>clientes a cole\u00e7\u00e3o H&amp;M Summer 2025, que traz uma est\u00e9tica mediterr\u00e2nea com pe\u00e7as  artesanais como franjas, croch\u00ea, bordados e kaftans leves. \u00c9 gratificante fazer parte desse<br>momento e contribuir para uma entrega completa, que une moda, decora\u00e7\u00e3o e uma  experi\u00eancia de compra diferenciada\u201d, comenta Claudiana Silva, Store Manager H&amp;M Parque<br>Dom Pedro.<\/p>\n\n\n\n<p>Para celebrar a inaugura\u00e7\u00e3o, a H&amp;M promoveu ativa\u00e7\u00f5es exclusivas para os presentes na fila,<br>al\u00e9m de brindes especiais, vales-compras de at\u00e9 R$ 500, bon\u00e9s e outras surpresas. Al\u00e9m disso<br>clientes puderam se cadastrar no Clube H&amp;M (https:\/\/www.hm.com.br\/clubehm), programa<br>de fidelidade que oferece benef\u00edcios exclusivos aos seus participantes. Com dois n\u00edveis de<br>engajamento, os participantes acumulam pontos a cada compra (R$1 = 1 ponto) e t\u00eam acesso<br>a benef\u00edcios como desconto na segunda compra e no m\u00eas de anivers\u00e1rio, cashback, frete<br>gr\u00e1tis, parcerias com marcas e acesso antecipado as cole\u00e7\u00f5es.<\/p>\n","protected":false},"excerpt":{"rendered":"<p>A H&amp;M inaugura sua primeira loja em Campinas, localizada no Parque Dom Pedro. Com mais de 2 mil m\u00b2, a unidade \u00e9 a terceira da marca no Brasil e a primeira a trazer H&amp;M Home em loja f\u00edsica ao pa\u00eds, com itens de decora\u00e7\u00e3o como roupas de cama, almofadas, acess\u00f3rios para mesa posta e objetos [&hellip;]<\/p>\n","protected":false},"author":7,"featured_media":29495,"comment_status":"closed","ping_status":"open","sticky":false,"template":"","format":"standard","meta":{"rop_custom_images_group":[],"rop_custom_messages_group":[],"rop_publish_now":"initial","rop_publish_now_accounts":[],"rop_publish_now_history":[],"rop_publish_now_status":"pending","footnotes":""},"categories":[272],"tags":[],"class_list":["post-29494","post","type-post","status-publish","format-standard","has-post-thumbnail","hentry","category-campinas"],"amp_enabled":true,"_links":{"self":[{"href":"https:\/\/imais.online\/portal\/wp-json\/wp\/v2\/posts\/29494","targetHints":{"allow":["GET"]}}],"collection":[{"href":"https:\/\/imais.online\/portal\/wp-json\/wp\/v2\/posts"}],"about":[{"href":"https:\/\/imais.online\/portal\/wp-json\/wp\/v2\/types\/post"}],"author":[{"embeddable":true,"href":"https:\/\/imais.online\/portal\/wp-json\/wp\/v2\/users\/7"}],"replies":[{"embeddable":true,"href":"https:\/\/imais.online\/portal\/wp-json\/wp\/v2\/comments?post=29494"}],"version-history":[{"count":1,"href":"https:\/\/imais.online\/portal\/wp-json\/wp\/v2\/posts\/29494\/revisions"}],"predecessor-version":[{"id":29500,"href":"https:\/\/imais.online\/portal\/wp-json\/wp\/v2\/posts\/29494\/revisions\/29500"}],"wp:featuredmedia":[{"embeddable":true,"href":"https:\/\/imais.online\/portal\/wp-json\/wp\/v2\/media\/29495"}],"wp:attachment":[{"href":"https:\/\/imais.online\/portal\/wp-json\/wp\/v2\/media?parent=29494"}],"wp:term":[{"taxonomy":"category","embeddable":true,"href":"https:\/\/imais.online\/portal\/wp-json\/wp\/v2\/categories?post=29494"},{"taxonomy":"post_tag","embeddable":true,"href":"https:\/\/imais.online\/portal\/wp-json\/wp\/v2\/tags?post=29494"}],"curies":[{"name":"wp","href":"https:\/\/api.w.org\/{rel}","templated":true}]}}