{"id":29505,"date":"2025-10-31T09:36:28","date_gmt":"2025-10-31T12:36:28","guid":{"rendered":"https:\/\/imais.online\/portal\/?p=29505"},"modified":"2025-10-31T09:36:28","modified_gmt":"2025-10-31T12:36:28","slug":"papai-noel-chega-no-parque-dom-pedro-no-dia-7-de-novembro-com-coro-contemporaneo-de-campinas-e-orquestra-sinfonica","status":"publish","type":"post","link":"https:\/\/imais.online\/portal\/papai-noel-chega-no-parque-dom-pedro-no-dia-7-de-novembro-com-coro-contemporaneo-de-campinas-e-orquestra-sinfonica\/","title":{"rendered":"Papai Noel chega no Parque Dom Pedro no dia 7 de novembro, com Coro Contempor\u00e2neo de Campinas e Orquestra Sinf\u00f4nica \u00a0"},"content":{"rendered":"<div class=\"imais-before-content-placement\" id=\"imais-1588991172\"><script async src=\"\/\/pagead2.googlesyndication.com\/pagead\/js\/adsbygoogle.js?client=ca-pub-8787528412751566\" crossorigin=\"anonymous\"><\/script><ins class=\"adsbygoogle\" style=\"display:block;\" data-ad-client=\"ca-pub-8787528412751566\" \ndata-ad-slot=\"\" \ndata-ad-format=\"auto\"><\/ins>\n<script> \n(adsbygoogle = window.adsbygoogle || []).push({}); \n<\/script>\n<\/div>\n<p class=\"has-text-align-center\"><em>Decora\u00e7\u00e3o natalina ter\u00e1 o tema \u201cUrsos pelo Mundo\u201d, em cen\u00e1rios repletos de cor, cultura e fantasia<\/em>\u00a0<\/p>\n\n\n\n<p>O momento mais esperado do ano j\u00e1 tem data marcada. No dia 7 de novembro, \u00e0s 19h30, na Pra\u00e7a de Alimenta\u00e7\u00e3o (Escadaria Fixa), o bom velhinho far\u00e1 sua grande chegada ao Parque Dom Pedro. Ser\u00e1 um espet\u00e1culo emocionante, com apresenta\u00e7\u00e3o do Coro Contempor\u00e2neo de Campinas e da Orquestra Sinf\u00f4nica de Campinas, marcando oficialmente o in\u00edcio das celebra\u00e7\u00f5es natalinas. No ano passado, cerca de 12 mil pessoas esperaram o Noel chegar, encantadas pelo clima e pela beleza criados pelo empreendimento.<\/p>\n\n\n\n<p>Neste ano, al\u00e9m do encanto da m\u00fasica, o Natal ganha um toque especial com o tema \u201cUrsos pelo Mundo\u201d, uma viagem m\u00e1gica por dez pa\u00edses, como Fran\u00e7a, Portugal, Holanda, M\u00e9xico, Brasil, Estados Unidos, Jap\u00e3o, It\u00e1lia, Inglaterra e Alemanha.<br><\/p>\n\n\n\n<figure class=\"wp-block-image size-full\"><img loading=\"lazy\" decoding=\"async\" width=\"850\" height=\"637\" src=\"https:\/\/imais.online\/portal\/wp-content\/uploads\/2025\/10\/ursos.png\" alt=\"\" class=\"wp-image-29507\" srcset=\"https:\/\/imais.online\/portal\/wp-content\/uploads\/2025\/10\/ursos.png 850w, https:\/\/imais.online\/portal\/wp-content\/uploads\/2025\/10\/ursos-300x225.png 300w, https:\/\/imais.online\/portal\/wp-content\/uploads\/2025\/10\/ursos-768x576.png 768w\" sizes=\"auto, (max-width: 850px) 100vw, 850px\" \/><figcaption class=\"wp-element-caption\"><em>Tatumes espalhados pelo mall antecipam o que vem por a\u00ed &#8211; Foto: Divulga\u00e7\u00e3o PDP<\/em>\u00a0<\/figcaption><\/figure>\n\n\n\n<p>A decora\u00e7\u00e3o j\u00e1 come\u00e7ou a tomar forma: os tapumes nos espa\u00e7os do trono do Papai Noel e da Pra\u00e7a de Eventos Alameda foram instalados, dando aos visitantes um gostinho do que vem por a\u00ed. A partir da chegada do Noel, o shopping ser\u00e1 transformado com quatro cen\u00e1rios distribu\u00eddos pelos corredores e seis grandes cen\u00e1rios na Pra\u00e7a de Eventos da Alameda, al\u00e9m do tradicional trono do Papai Noel, localizado no Anel \u00c1guas (entre a Claro e a Miniso), onde o p\u00fablico poder\u00e1 registrar seus momentos com o bom velhinho.<br>\u00a0 Um dos destaques ser\u00e1 o \u201cControle de Passaporte\u201d, na passarela do Anel \u00c1guas. Por meio de uma din\u00e2mica interativa, as fam\u00edlias poder\u00e3o utilizar os Mapas do Parque de Natal para carimbar seus passaportes e conhecer todos os cen\u00e1rios dessa volta ao mundo natalina.<\/p>\n\n\n\n<p>\u201cEstamos preparando uma temporada repleta de encantamento, emo\u00e7\u00e3o e experi\u00eancias memor\u00e1veis. Ao longo das semanas, queremos proporcionar \u00e0s fam\u00edlias momentos \u00fanicos que celebrem a diversidade, a uni\u00e3o e a magia do Natal, com cen\u00e1rios cuidadosamente elaborados e atra\u00e7\u00f5es que despertam o esp\u00edrito natalino em cada visitante\u201d, afirma Tatiane De Conto, gerente de marketing do Parque Dom Pedro, administrado pela ALLOS, a mais inovadora plataforma de experi\u00eancias, entretenimento, servi\u00e7os, lifestyle e compras da Am\u00e9rica Latina. A emo\u00e7\u00e3o j\u00e1 come\u00e7ou.<\/p>\n\n\n\n<p><strong>Chegada do Papai Noel<\/strong>&nbsp;<\/p>\n\n\n\n<p>Data: 7 de novembro (sexta-feira)<\/p>\n\n\n\n<p>Hor\u00e1rio: 19h30<\/p>\n\n\n\n<p>Local: Pra\u00e7a de Alimenta\u00e7\u00e3o \u2013 Escadaria Fixa<\/p>\n\n\n\n<p><em>Sobre o Parque Dom Pedro<\/em>\u202f\u202f<\/p>\n\n\n\n<p><em>Inaugurado em 2002, o Parque Dom Pedro \u00e9 o mais completo centro de compras, lazer, entretenimento, gastronomia e servi\u00e7os da Regi\u00e3o Metropolitana de Campinas, possibilitando novas experi\u00eancias e descobertas a cada visita. Com um espa\u00e7o moderno, vers\u00e1til e inclusivo com 126,5 mil m\u00b2 de ABL (\u00e1rea bruta loc\u00e1vel), possui mais de 400 op\u00e7\u00f5es aos clientes, entre lojas, lazer, restaurantes e servi\u00e7os, oferecendo jornadas de experi\u00eancia memor\u00e1veis para o p\u00fablico. Possui, ainda, 15 salas de cinemas, centro de conven\u00e7\u00f5es e 8 mil vagas de estacionamento. Mensalmente, o empreendimento recebe mais de 1,6 milh\u00e3o de pessoas. Em 2023, o Parque Dom Pedro superou R$ 2 bilh\u00f5es em vendas.<\/em>\u202f\u202f<\/p>\n\n\n\n<p>\u202f<em>Sobre a ALLOS<\/em>\u202f\u202f<\/p>\n\n\n\n<p><em>Somos\u202fa mais inovadora plataforma de experi\u00eancias, entretenimento, servi\u00e7os,\u202flifestyle\u202fe compras da Am\u00e9rica Latina. Nosso portf\u00f3lio tem 55 shoppings pr\u00f3prios e administrados &#8211; refer\u00eancia em todas as regi\u00f5es do pa\u00eds, hubs de solu\u00e7\u00f5es para as cidades e destinos de conviv\u00eancia e experi\u00eancia f\u00edgital. Somos ainda um grande espa\u00e7o de oportunidades para os empreendedores de varejo e servi\u00e7os. Continuaremos trabalhando com o compromisso de servir e encantar nossos consumidores e parceiros todos os dias, promovendo momentos que encantam e transformam. Nossa nova companhia integra o Mercado Novo da Bovespa, com mais alto n\u00edvel de Governan\u00e7a Corporativa, e possui iniciativas com certifica\u00e7\u00f5es internacionalmente reconhecidas, como o \u00cdndice de Sustentabilidade (ISE) da B3 e melhor avalia\u00e7\u00e3o do setor no Carbon Disclosure Project (CDP), al\u00e9m da ades\u00e3o ao Pacto Global da ONU. A empresa tamb\u00e9m foi reconhecida com o selo I-Diversa (B3) e o selo ouro GHG\u202fProtocol.<\/em>\u202f\u202f<\/p>\n\n\n\n<p class=\"has-text-align-center\"><br><br><\/p>\n","protected":false},"excerpt":{"rendered":"<p>Decora\u00e7\u00e3o natalina ter\u00e1 o tema \u201cUrsos pelo Mundo\u201d, em cen\u00e1rios repletos de cor, cultura e fantasia\u00a0 O momento mais esperado do ano j\u00e1 tem data marcada. No dia 7 de novembro, \u00e0s 19h30, na Pra\u00e7a de Alimenta\u00e7\u00e3o (Escadaria Fixa), o bom velhinho far\u00e1 sua grande chegada ao Parque Dom Pedro. Ser\u00e1 um espet\u00e1culo emocionante, com [&hellip;]<\/p>\n","protected":false},"author":7,"featured_media":29506,"comment_status":"closed","ping_status":"open","sticky":false,"template":"","format":"standard","meta":{"rop_custom_images_group":[],"rop_custom_messages_group":[],"rop_publish_now":"initial","rop_publish_now_accounts":[],"rop_publish_now_history":[],"rop_publish_now_status":"pending","footnotes":""},"categories":[272],"tags":[219],"class_list":["post-29505","post","type-post","status-publish","format-standard","has-post-thumbnail","hentry","category-campinas","tag-campinas"],"amp_enabled":true,"_links":{"self":[{"href":"https:\/\/imais.online\/portal\/wp-json\/wp\/v2\/posts\/29505","targetHints":{"allow":["GET"]}}],"collection":[{"href":"https:\/\/imais.online\/portal\/wp-json\/wp\/v2\/posts"}],"about":[{"href":"https:\/\/imais.online\/portal\/wp-json\/wp\/v2\/types\/post"}],"author":[{"embeddable":true,"href":"https:\/\/imais.online\/portal\/wp-json\/wp\/v2\/users\/7"}],"replies":[{"embeddable":true,"href":"https:\/\/imais.online\/portal\/wp-json\/wp\/v2\/comments?post=29505"}],"version-history":[{"count":1,"href":"https:\/\/imais.online\/portal\/wp-json\/wp\/v2\/posts\/29505\/revisions"}],"predecessor-version":[{"id":29508,"href":"https:\/\/imais.online\/portal\/wp-json\/wp\/v2\/posts\/29505\/revisions\/29508"}],"wp:featuredmedia":[{"embeddable":true,"href":"https:\/\/imais.online\/portal\/wp-json\/wp\/v2\/media\/29506"}],"wp:attachment":[{"href":"https:\/\/imais.online\/portal\/wp-json\/wp\/v2\/media?parent=29505"}],"wp:term":[{"taxonomy":"category","embeddable":true,"href":"https:\/\/imais.online\/portal\/wp-json\/wp\/v2\/categories?post=29505"},{"taxonomy":"post_tag","embeddable":true,"href":"https:\/\/imais.online\/portal\/wp-json\/wp\/v2\/tags?post=29505"}],"curies":[{"name":"wp","href":"https:\/\/api.w.org\/{rel}","templated":true}]}}