{"id":29589,"date":"2025-11-06T10:25:19","date_gmt":"2025-11-06T13:25:19","guid":{"rendered":"https:\/\/imais.online\/portal\/?p=29589"},"modified":"2025-11-06T10:25:20","modified_gmt":"2025-11-06T13:25:20","slug":"governo-de-sp-promove-dia-d-de-mobilizacao-contra-a-dengue-neste-sabado-8","status":"publish","type":"post","link":"https:\/\/imais.online\/portal\/governo-de-sp-promove-dia-d-de-mobilizacao-contra-a-dengue-neste-sabado-8\/","title":{"rendered":"Governo de SP promove \u2018Dia D\u2019 de mobiliza\u00e7\u00e3o contra a dengue neste s\u00e1bado (8)"},"content":{"rendered":"<div class=\"imais-before-content-placement\" id=\"imais-1865588201\"><script async src=\"\/\/pagead2.googlesyndication.com\/pagead\/js\/adsbygoogle.js?client=ca-pub-8787528412751566\" crossorigin=\"anonymous\"><\/script><ins class=\"adsbygoogle\" style=\"display:block;\" data-ad-client=\"ca-pub-8787528412751566\" \ndata-ad-slot=\"\" \ndata-ad-format=\"auto\"><\/ins>\n<script> \n(adsbygoogle = window.adsbygoogle || []).push({}); \n<\/script>\n<\/div>\n<p class=\"has-text-align-center\">A\u00e7\u00e3o mobiliza munic\u00edpios e a popula\u00e7\u00e3o em todo o estado para refor\u00e7ar medidas de preven\u00e7\u00e3o e eliminar criadouros do mosquito Aedes aegypti<\/p>\n\n\n\n<p>A Secretaria de Estado da Sa\u00fade de S\u00e3o Paulo (SES-SP) realiza, neste s\u00e1bado (8\/11), o Dia D de Mobiliza\u00e7\u00e3o Estadual contra a Dengue, para refor\u00e7ar as a\u00e7\u00f5es de preven\u00e7\u00e3o e elimina\u00e7\u00e3o dos focos do mosquito Aedes aegypti em todo o estado. At\u00e9 est\u00e1 quarta-feira (5), foram registrados mais de 3 milh\u00f5es de casos e 1.102 \u00f3bitos por dengue nos munic\u00edpios paulistas.<\/p>\n\n\n\n<p>Al\u00e9m das a\u00e7\u00f5es de mobiliza\u00e7\u00e3o promovida pelas vigil\u00e2ncias epidemiol\u00f3gicas estadual e municipais, ser\u00e1 realizada, de 10 a 14 de novembro, uma semana de intensifica\u00e7\u00e3o das atividades educativas, e tamb\u00e9m em rela\u00e7\u00e3o nos aos controle do vetor, nos 645 munic\u00edpios paulistas, com foco em a\u00e7\u00f5es comunit\u00e1rias e informativas. As recomenda\u00e7\u00f5es \u00e0s equipes de sa\u00fade s\u00e3o voltadas \u00e0 elimina\u00e7\u00e3o de criadouros, mutir\u00f5es de limpeza, visitas domiciliares, palestras em escolas e unidades de sa\u00fade, al\u00e9m da distribui\u00e7\u00e3o de materiais educativos.<\/p>\n\n\n\n<p>O objetivo do Governo de S\u00e3o Paulo \u00e9 antecipar e alertar a popula\u00e7\u00e3o sobre o risco de transmiss\u00e3o da doen\u00e7a, especialmente, diante das mudan\u00e7as clim\u00e1ticas, como o aumento da temperatura, da umidade e das chuvas, que favorecem a prolifera\u00e7\u00e3o do mosquito e a expans\u00e3o das arboviroses para novas \u00e1reas.<\/p>\n\n\n\n<p>\u201c\u00c9 fundamental mobilizar a sociedade e os munic\u00edpios neste Dia D. O combate aos criadouros do mosquito exige a uni\u00e3o de todos, o que contribui diretamente para a redu\u00e7\u00e3o dos casos da doen\u00e7a\u201d, destaca Tatiana Lang D\u2019Agostini, diretora do Centro de Vigil\u00e2ncia Epidemiol\u00f3gica (CVE).<\/p>\n\n\n\n<p>Os dados de registro da dengue no Estado s\u00e3o atualizados diariamente e podem ser acompanhados no N\u00facleo de Informa\u00e7\u00f5es Estrat\u00e9gicas em Sa\u00fade (NIES) da SES-SP: https:\/\/nies.saude.sp.gov.br\/ses\/publico\/dengue.<\/p>\n\n\n\n<h2 class=\"wp-block-heading\"><strong>Principais sintomas da dengue<\/strong><\/h2>\n\n\n\n<ul class=\"wp-block-list\">\n<li>Febre alta;<\/li>\n\n\n\n<li>Dor atr\u00e1s dos olhos;<\/li>\n\n\n\n<li>Dores no corpo, m\u00fasculos e articula\u00e7\u00f5es;<\/li>\n\n\n\n<li>Manchas avermelhadas na pele e coceira;<\/li>\n\n\n\n<li>N\u00e1useas.<\/li>\n<\/ul>\n\n\n\n<h3 class=\"wp-block-heading\"><strong>Vacina\u00e7\u00e3o<\/strong><\/h3>\n\n\n\n<p>O Instituto Butantan desenvolve a Butantan-DV, a primeira vacina de dose \u00fanica contra a dengue do mundo, que coloca S\u00e3o Paulo e o Brasil na vanguarda. O imunizante contra os quatro sorotipos de dengue teve seus dados de seguran\u00e7a e efic\u00e1cia divulgados no New England Journal of Medicine, que mostraram 79,6% de efic\u00e1cia geral para prevenir casos de dengue sintom\u00e1tica aos dois anos de acompanhamento. Resultados da fase 3 do ensaio cl\u00ednico publicados na The Lancet Infectious Diseases mostraram, ainda, uma prote\u00e7\u00e3o de 89% contra dengue grave e dengue com sinais de alarme. Atualmente, o Butantan aguarda a autoriza\u00e7\u00e3o da Ag\u00eancia Nacional de Vigil\u00e2ncia Sanit\u00e1ria (Anvisa) para o uso do imunizante.<\/p>\n\n\n\n<h4 class=\"wp-block-heading\">Tire suas d\u00favidas!<\/h4>\n\n\n\n<p>O Governo de SP lan\u00e7ou o portal \u201cDengue 100 D\u00favidas\u201d com as cem perguntas mais frequentes sobre dengue, Zika e chikungunya nos buscadores da internet. A ferramenta desmistifica as fake news que circulam nas redes sociais e orienta a popula\u00e7\u00e3o sobre as doen\u00e7as. O acesso est\u00e1 dispon\u00edvel no link: www.dengue100duvidas.sp.gov.br<\/p>\n","protected":false},"excerpt":{"rendered":"<p>A\u00e7\u00e3o mobiliza munic\u00edpios e a popula\u00e7\u00e3o em todo o estado para refor\u00e7ar medidas de preven\u00e7\u00e3o e eliminar criadouros do mosquito Aedes aegypti A Secretaria de Estado da Sa\u00fade de S\u00e3o Paulo (SES-SP) realiza, neste s\u00e1bado (8\/11), o Dia D de Mobiliza\u00e7\u00e3o Estadual contra a Dengue, para refor\u00e7ar as a\u00e7\u00f5es de preven\u00e7\u00e3o e elimina\u00e7\u00e3o dos focos [&hellip;]<\/p>\n","protected":false},"author":7,"featured_media":29590,"comment_status":"closed","ping_status":"open","sticky":false,"template":"","format":"standard","meta":{"rop_custom_images_group":[],"rop_custom_messages_group":[],"rop_publish_now":"initial","rop_publish_now_accounts":[],"rop_publish_now_history":[],"rop_publish_now_status":"pending","footnotes":""},"categories":[195],"tags":[73],"class_list":["post-29589","post","type-post","status-publish","format-standard","has-post-thumbnail","hentry","category-sao-paulo","tag-featured"],"amp_enabled":true,"_links":{"self":[{"href":"https:\/\/imais.online\/portal\/wp-json\/wp\/v2\/posts\/29589","targetHints":{"allow":["GET"]}}],"collection":[{"href":"https:\/\/imais.online\/portal\/wp-json\/wp\/v2\/posts"}],"about":[{"href":"https:\/\/imais.online\/portal\/wp-json\/wp\/v2\/types\/post"}],"author":[{"embeddable":true,"href":"https:\/\/imais.online\/portal\/wp-json\/wp\/v2\/users\/7"}],"replies":[{"embeddable":true,"href":"https:\/\/imais.online\/portal\/wp-json\/wp\/v2\/comments?post=29589"}],"version-history":[{"count":1,"href":"https:\/\/imais.online\/portal\/wp-json\/wp\/v2\/posts\/29589\/revisions"}],"predecessor-version":[{"id":29591,"href":"https:\/\/imais.online\/portal\/wp-json\/wp\/v2\/posts\/29589\/revisions\/29591"}],"wp:featuredmedia":[{"embeddable":true,"href":"https:\/\/imais.online\/portal\/wp-json\/wp\/v2\/media\/29590"}],"wp:attachment":[{"href":"https:\/\/imais.online\/portal\/wp-json\/wp\/v2\/media?parent=29589"}],"wp:term":[{"taxonomy":"category","embeddable":true,"href":"https:\/\/imais.online\/portal\/wp-json\/wp\/v2\/categories?post=29589"},{"taxonomy":"post_tag","embeddable":true,"href":"https:\/\/imais.online\/portal\/wp-json\/wp\/v2\/tags?post=29589"}],"curies":[{"name":"wp","href":"https:\/\/api.w.org\/{rel}","templated":true}]}}