{"id":29599,"date":"2025-11-07T14:31:58","date_gmt":"2025-11-07T17:31:58","guid":{"rendered":"https:\/\/imais.online\/portal\/?p=29599"},"modified":"2025-11-07T14:31:59","modified_gmt":"2025-11-07T17:31:59","slug":"concurso-da-policia-penal-de-sp-oferece-11-mil-vagas","status":"publish","type":"post","link":"https:\/\/imais.online\/portal\/concurso-da-policia-penal-de-sp-oferece-11-mil-vagas\/","title":{"rendered":"Concurso da Pol\u00edcia Penal de SP oferece 1,1 mil vagas"},"content":{"rendered":"<div class=\"imais-before-content-placement\" id=\"imais-388647684\"><script async src=\"\/\/pagead2.googlesyndication.com\/pagead\/js\/adsbygoogle.js?client=ca-pub-8787528412751566\" crossorigin=\"anonymous\"><\/script><ins class=\"adsbygoogle\" style=\"display:block;\" data-ad-client=\"ca-pub-8787528412751566\" \ndata-ad-slot=\"\" \ndata-ad-format=\"auto\"><\/ins>\n<script> \n(adsbygoogle = window.adsbygoogle || []).push({}); \n<\/script>\n<\/div>\n<p>A Secretaria da Administra\u00e7\u00e3o Penitenci\u00e1ria (SAP) abriu, nesta segunda-feira (3), o concurso da\u00a0Pol\u00edcia Penal de S\u00e3o Paulo. O processo visa o provimento de 1,1 mil cargos de\u00a0policial penal para o sexo masculino. O cargo exige n\u00edvel superior de escolaridade. As inscri\u00e7\u00f5es para o concurso p\u00fablico v\u00e3o at\u00e9 o dia 8 de dezembro. A remunera\u00e7\u00e3o inicial para a um policial penal no Estado de S\u00e3o Paulo \u00e9 de R$ 4.695,60.\u00a0<\/p>\n\n\n\n<h2 class=\"wp-block-heading\">Remunera\u00e7\u00e3o e Jornada<\/h2>\n\n\n\n<p>O vencimento inicial para o cargo \u00e9 de R$ 4.695,60.<\/p>\n\n\n\n<p>O regime de trabalho \u00e9 de dedica\u00e7\u00e3o exclusiva, o que veda o exerc\u00edcio de qualquer outra atividade remunerada, exceto aquelas relativas ao ensino e \u00e0 difus\u00e3o cultural.<\/p>\n\n\n\n<h2 class=\"wp-block-heading\">Processo de inscri\u00e7\u00e3o e taxa<\/h2>\n\n\n\n<p>O per\u00edodo de inscri\u00e7\u00f5es para o concurso da Pol\u00edcia Penal ocorre das 10h do dia 03 de novembro de 2025 at\u00e9 as 16h do dia 08 de dezembro de 2025.<\/p>\n\n\n\n<h3 class=\"wp-block-heading\">Como se inscrever no concurso da Pol\u00edcia Penal<\/h3>\n\n\n\n<p>As inscri\u00e7\u00f5es devem ser realizadas somente pela Internet, no site do Instituto AOCP:&nbsp;<a href=\"http:\/\/www.institutoaocp.org.br\/\" target=\"_blank\" rel=\"noreferrer noopener\">www.institutoaocp.org.br<\/a>.<\/p>\n\n\n\n<p>O valor da taxa de inscri\u00e7\u00e3o \u00e9 de R$ 122,17. O pagamento do boleto banc\u00e1rio dever\u00e1 ser efetuado at\u00e9 \u00e0s 23h59 do dia 08 de dezembro de 2025.<\/p>\n\n\n\n<h3 class=\"wp-block-heading\">Isen\u00e7\u00e3o e Redu\u00e7\u00e3o da Taxa<\/h3>\n\n\n\n<p>N\u00e3o haver\u00e1 devolu\u00e7\u00e3o da taxa de inscri\u00e7\u00e3o, mesmo que paga em duplicidade. A devolu\u00e7\u00e3o ocorrer\u00e1 somente se o concurso p\u00fablico n\u00e3o for realizado.<\/p>\n\n\n\n<p>O edital do concurso da Pol\u00edcia Penal prev\u00ea casos de isen\u00e7\u00e3o total e redu\u00e7\u00e3o parcial da taxa:<\/p>\n\n\n\n<ul class=\"wp-block-list\">\n<li>Isen\u00e7\u00e3o Total: para candidatos doadores de sangue, nos termos da Lei n.\u00ba 12.147\/2005. O candidato deve comprovar ao menos 3 (tr\u00eas) doa\u00e7\u00f5es em um per\u00edodo de 12 (doze) meses.<\/li>\n\n\n\n<li>Redu\u00e7\u00e3o de 50%: para candidatos que atendam, cumulativamente, aos seguintes requisitos:\n<ul class=\"wp-block-list\">\n<li>Sejam estudantes regularmente matriculados;<\/li>\n\n\n\n<li>Percebam remunera\u00e7\u00e3o mensal inferior a 2 (dois) sal\u00e1rios m\u00ednimos, ou estejam desempregados.<\/li>\n<\/ul>\n<\/li>\n<\/ul>\n\n\n\n<p>O prazo para solicita\u00e7\u00e3o de isen\u00e7\u00e3o ou redu\u00e7\u00e3o da taxa de inscri\u00e7\u00e3o \u00e9 mais curto: das 10h de 03\/11\/2025 \u00e0s 23h59 de 06\/11\/2025.<\/p>\n\n\n\n<p>Requisitos fundamentais para ser policial penal<\/p>\n\n\n\n<p>Os candidatos assumem o compromisso de cumprir as exig\u00eancias discriminadas em lei. Os principais pr\u00e9-requisitos para ingresso s\u00e3o:<\/p>\n\n\n\n<figure class=\"wp-block-table\"><table><tbody><tr><td><strong>Requisito<\/strong><\/td><td><strong>Detalhe<\/strong><\/td><td><strong>Data de Comprova\u00e7\u00e3o<\/strong><\/td><\/tr><tr><td>Escolaridade<\/td><td>Diploma de gradua\u00e7\u00e3o em qualquer curso de Ensino Superior ou equivalente, registrado pelo \u00f3rg\u00e3o competente.<\/td><td>Na data da posse.<\/td><\/tr><tr><td>Idade M\u00ednima<\/td><td>18 (dezoito) anos completos.<\/td><td>Na data da posse.<\/td><\/tr><tr><td>Idade M\u00e1xima<\/td><td>35 (trinta e cinco) anos no m\u00e1ximo.<\/td><td>At\u00e9 a data do encerramento das inscri\u00e7\u00f5es.<\/td><\/tr><tr><td>Estatura M\u00ednima<\/td><td>1,60m (um metro e sessenta cent\u00edmetros), descal\u00e7o, sem meias e descoberto.<\/td><td>Na data da Prova de Aptid\u00e3o F\u00edsica.<\/td><\/tr><tr><td>Habilita\u00e7\u00e3o<\/td><td>Possuir Carteira Nacional de Habilita\u00e7\u00e3o (CNH) na Categoria \u201cB\u201d, no m\u00ednimo.<\/td><td>Na data da posse.<\/td><\/tr><tr><td>Sa\u00fade<\/td><td>Ter boa sa\u00fade, capacidade f\u00edsica plena e aptid\u00e3o psicol\u00f3gica para o exerc\u00edcio do cargo, aferidas por exames m\u00e9dicos, psicol\u00f3gicos e toxicol\u00f3gicos.<\/td><td>Durante o concurso e o est\u00e1gio probat\u00f3rio.<\/td><\/tr><tr><td>Tatuagens<\/td><td>N\u00e3o possuir tatuagem que ofenda valores e deveres \u00e9ticos da Pol\u00edcia Penal, ou que fa\u00e7a alus\u00e3o a ideias ofensivas aos direitos humanos, ideologia terrorista ou extremista, viol\u00eancia, criminalidade, discrimina\u00e7\u00e3o ou preconceito, ou ato libidinoso.<\/td><td>Verificado durante o concurso.<\/td><\/tr><\/tbody><\/table><\/figure>\n\n\n\n<h2 class=\"wp-block-heading\">Etapas do concurso p\u00fablico<\/h2>\n\n\n\n<p>O concurso p\u00fablico para Policial Penal ser\u00e1 realizado em quatro fases eliminat\u00f3rias:<\/p>\n\n\n\n<figure class=\"wp-block-table\"><table><tbody><tr><td>Fase<\/td><\/tr><tr><td>I. Prova Objetiva<\/td><\/tr><tr><td>II. Aferimento da Estatura e Prova de Aptid\u00e3o F\u00edsica (TAF)<\/td><\/tr><tr><td>III. Prova de Aptid\u00e3o Psicol\u00f3gica<\/td><\/tr><tr><td>IV. Comprova\u00e7\u00e3o de Idoneidade e Conduta Ilibada e Investiga\u00e7\u00e3o Social<\/td><\/tr><\/tbody><\/table><\/figure>\n\n\n\n<h3 class=\"wp-block-heading\">1. Prova Objetiva (I Fase)<\/h3>\n\n\n\n<p>A prova objetiva da Pol\u00edcia Penal, de car\u00e1ter eliminat\u00f3rio e classificat\u00f3rio, est\u00e1 prevista para ser aplicada no dia 08 de fevereiro de 2026, das 14h \u00e0s 17h.<\/p>\n\n\n\n<ul class=\"wp-block-list\">\n<li>Dura\u00e7\u00e3o: 3 (tr\u00eas) horas.<\/li>\n\n\n\n<li>Composi\u00e7\u00e3o: 50 (cinquenta) quest\u00f5es de m\u00faltipla escolha (4 alternativas cada).<\/li>\n\n\n\n<li>Disciplinas:\n<ul class=\"wp-block-list\">\n<li>L\u00edngua Portuguesa: 20 quest\u00f5es.<\/li>\n\n\n\n<li>Matem\u00e1tica: 15 quest\u00f5es.<\/li>\n\n\n\n<li>Conhecimentos Gerais: 15 quest\u00f5es.<\/li>\n<\/ul>\n<\/li>\n\n\n\n<li>Pontua\u00e7\u00e3o: Avaliada na escala de 0 (zero) a 100 (cem) pontos.<\/li>\n\n\n\n<li>Aprova\u00e7\u00e3o: Ser\u00e1 considerado aprovado o candidato que obtiver nota igual ou superior a 50 (cinquenta) pontos.<\/li>\n\n\n\n<li>Locais de prova: Bauru, Campinas, Presidente Prudente, Ribeir\u00e3o Preto, S\u00e3o Jos\u00e9 do Rio Preto, S\u00e3o Paulo, Sorocaba e Taubat\u00e9.<\/li>\n<\/ul>\n\n\n\n<h4 class=\"wp-block-heading\">Conte\u00fado Program\u00e1tico (Resumo das Mat\u00e9rias):<\/h4>\n\n\n\n<p>O conte\u00fado program\u00e1tico inclui: L\u00edngua Portuguesa (compreens\u00e3o de texto, gram\u00e1tica, sintaxe), Matem\u00e1tica (conjuntos num\u00e9ricos, equa\u00e7\u00f5es, fun\u00e7\u00f5es, geometria, estat\u00edstica, an\u00e1lise combinat\u00f3ria), e Conhecimentos Gerais (Hist\u00f3ria Geral e do Brasil, Geografia Geral e do Brasil, Atualidades, No\u00e7\u00f5es B\u00e1sicas de Inform\u00e1tica, No\u00e7\u00f5es de Direito Administrativo, Constitucional Federal e Estadual, Direito Penal, e No\u00e7\u00f5es Gerais como a Lei de Execu\u00e7\u00e3o Penal e a Lei Org\u00e2nica da Pol\u00edcia Penal \u2013 LC 1.416\/2024).<\/p>\n\n\n\n<h3 class=\"wp-block-heading\">2. Aferimento da Estatura e Prova de Aptid\u00e3o F\u00edsica (TAF) (II Fase)<\/h3>\n\n\n\n<p>Ser\u00e3o convocados para esta fase os 7,5 mil candidatos melhor classificados na prova objetiva.<\/p>\n\n\n\n<ul class=\"wp-block-list\">\n<li>Requisito de sa\u00fade: o candidato deve apresentar atestado m\u00e9dico espec\u00edfico (original, emitido h\u00e1 no m\u00e1ximo 30 dias) declarando-o apto para realizar os testes de esfor\u00e7os f\u00edsicos.<\/li>\n\n\n\n<li>Aferimento de estatura: candidatos que n\u00e3o atingirem a estatura m\u00ednima de 1,60m (descal\u00e7o, descoberto e sem meias) ser\u00e3o eliminados.<\/li>\n\n\n\n<li>Testes aplicados: a prova de aptid\u00e3o f\u00edsica consiste em quatro testes:\n<ol class=\"wp-block-list\">\n<li>Barra Fixa (flex\u00e3o e extens\u00e3o de cotovelos, teste din\u00e2mico de barra).<\/li>\n\n\n\n<li>Resist\u00eancia Abdominal (em 60 segundos).<\/li>\n\n\n\n<li>Corrida de 50 metros.<\/li>\n\n\n\n<li>Corrida de 12 minutos.<\/li>\n<\/ol>\n<\/li>\n\n\n\n<li>Crit\u00e9rio de aptid\u00e3o: Para ser considerado \u201cAPTO\u201d, o candidato dever\u00e1 obter no m\u00ednimo 20 (vinte) pontos em cada um dos testes e perfazer nota igual ou superior a 201 (duzentos e um) pontos no somat\u00f3rio geral dos quatro testes, que totalizam at\u00e9 400 pontos.<\/li>\n\n\n\n<li>3. Prova de Aptid\u00e3o Psicol\u00f3gica (III Fase)<\/li>\n\n\n\n<li>Ser\u00e3o convocados os candidatos considerados \u201cAPTOS\u201d no TAF. O objetivo desta prova \u00e9 verificar a capacidade do candidato para utilizar as fun\u00e7\u00f5es psicol\u00f3gicas necess\u00e1rias ao desempenho do cargo.<\/li>\n\n\n\n<li>Perfil psicol\u00f3gico: a avalia\u00e7\u00e3o levar\u00e1 em conta um rol de caracter\u00edsticas de personalidade e intelig\u00eancia compat\u00edveis com a fun\u00e7\u00e3o, conforme Anexo II do edital.<\/li>\n\n\n\n<li>Caracter\u00edsticas necess\u00e1rias: estabilidade emocional, capacidade de trabalho em equipe, agressividade controlada, baixa impulsividade, disciplina, responsabilidade e resist\u00eancia \u00e0 press\u00e3o.<\/li>\n\n\n\n<li>Caracter\u00edsticas incompat\u00edveis: descontrole emocional, dificuldade de coopera\u00e7\u00e3o, agressividade inadequada, impulsividade e dificuldade em seguir ordens.<\/li>\n\n\n\n<li>Resultado: resultar\u00e1 em conceito \u201cAPTO\u201d ou \u201cINAPTO\u201d. Inaptid\u00e3o indica que o candidato n\u00e3o atendeu aos requisitos exigidos para o exerc\u00edcio das fun\u00e7\u00f5es do cargo \u00e0 \u00e9poca da prova.<\/li>\n\n\n\n<li>4. Comprova\u00e7\u00e3o de Idoneidade e Conduta Ilibada e Investiga\u00e7\u00e3o Social (IV Fase)<\/li>\n\n\n\n<li>Convocados os candidatos considerados \u201cAPTOS\u201d na prova psicol\u00f3gica.<\/li>\n\n\n\n<li>Objetivo: averiguar a vida pregressa e atual do candidato (social, moral, profissional, escolar, etc.), buscando identificar condutas inadequadas ou reprov\u00e1veis incompat\u00edveis com a profiss\u00e3o policial penal.<\/li>\n\n\n\n<li>Procedimento: envolve o preenchimento de question\u00e1rio e a entrega de documenta\u00e7\u00e3o, incluindo c\u00f3pias do RG e certid\u00f5es de distribui\u00e7\u00e3o criminal das Justi\u00e7as Estadual e Federal dos \u00faltimos 5 (cinco) anos de resid\u00eancia.<\/li>\n\n\n\n<li>Elimina\u00e7\u00e3o: ser\u00e1 considerado \u201cINAPTO\u201d o candidato que n\u00e3o comparecer, n\u00e3o entregar o question\u00e1rio completo\/documentos, ou apresentar conduta incompat\u00edvel com as exig\u00eancias do edital (ex.: envolvimento com crimes, explora\u00e7\u00e3o de jogos de azar ou prostitui\u00e7\u00e3o, ou uso de drogas).<\/li>\n\n\n\n<li>O cargo de policial penal no Estado de S\u00e3o Paulo<\/li>\n\n\n\n<li>O cargo de Policial Penal foi institu\u00eddo pela Lei Complementar (LC) n.\u00ba 1.416, de 26 de setembro de 2024, que estabelece a Lei Org\u00e2nica da Pol\u00edcia Penal e define o Estatuto de seus integrantes.<\/li>\n\n\n\n<li>A Pol\u00edcia Penal do Estado de S\u00e3o Paulo (PPESP) \u00e9 um \u00f3rg\u00e3o permanente de seguran\u00e7a p\u00fablica, subordinado \u00e0 Secretaria da Administra\u00e7\u00e3o Penitenci\u00e1ria (SAP). A cria\u00e7\u00e3o da Pol\u00edcia Penal no \u00e2mbito federal, estadual e distrital ocorreu devido \u00e0 Emenda Constitucional n.\u00ba 104\/2019, que incluiu essa categoria no Artigo 144 da Constitui\u00e7\u00e3o Federal, referente aos \u00f3rg\u00e3os que comp\u00f5em a seguran\u00e7a p\u00fablica.<\/li>\n\n\n\n<li>O preenchimento do quadro de servidores da Pol\u00edcia Penal deve ser feito exclusivamente por meio de concurso p\u00fablico. O policial penal exercer\u00e1 suas atividades em regime de dedica\u00e7\u00e3o exclusiva, estando sujeito a plant\u00f5es ou expediente administrativo, conforme a necessidade do servi\u00e7o.<\/li>\n\n\n\n<li>Informa\u00e7\u00f5es Adicionais e Canais Oficiais<\/li>\n\n\n\n<li>As publica\u00e7\u00f5es e os atos oficiais do concurso podem ser acompanhados por meio dos canais de comunica\u00e7\u00e3o da Administra\u00e7\u00e3o P\u00fablica e da banca organizadora:<\/li>\n\n\n\n<li>Di\u00e1rio Oficial do Estado (DOE):&nbsp;<a href=\"http:\/\/www.doe.sp.gov.br\/\" target=\"_blank\" rel=\"noreferrer noopener\">www.doe.sp.gov.br<\/a>.<\/li>\n\n\n\n<li>Portal de Concursos P\u00fablicos do Estado:&nbsp;<a href=\"http:\/\/www.concursopublico.sp.gov.br\/\" target=\"_blank\" rel=\"noreferrer noopener\">www.concursopublico.sp.gov.br<\/a>.<\/li>\n\n\n\n<li>Secretaria da Administra\u00e7\u00e3o Penitenci\u00e1ria (SAP):&nbsp;<a href=\"http:\/\/www.sap.sp.gov.br\/\" target=\"_blank\" rel=\"noreferrer noopener\">www.sap.sp.gov.br<\/a>.<\/li>\n\n\n\n<li>Instituto AOCP:&nbsp;<a href=\"https:\/\/www.institutoaocp.org.br\/\" target=\"_blank\" rel=\"noreferrer noopener\">www.institutoaocp.org.br<\/a>.<\/li>\n\n\n\n<li>Para d\u00favidas espec\u00edficas, o candidato pode entrar em contato com o Instituto AOCP por meio do telefone (44) 3013-4900 ou do e-mail candidato@institutoaocp.org.br, de segunda a sexta-feira, das 9h00min \u00e0s 17h00min (hor\u00e1rio de Bras\u00edlia).<\/li>\n\n\n\n<li>Pr\u00f3ximos Eventos (Cronograma Previsto)<\/li>\n\n\n\n<li>Entendendo a relev\u00e2ncia do Policial Penal<\/li>\n\n\n\n<li>Com a\u00a0<a href=\"https:\/\/www.agenciasp.sp.gov.br\/radiosp\/governo-de-sao-paulo-cria-a-policia-penal-do-estado\/\">regulamenta\u00e7\u00e3o da Pol\u00edcia Penal em S\u00e3o Paulo<\/a>, a carreira assume um papel vital na seguran\u00e7a p\u00fablica, e o concurso da Pol\u00edcia Penal \u00e9 a porta de entrada para essa fun\u00e7\u00e3o. O policial penal \u00e9 o respons\u00e1vel pela seguran\u00e7a dos estabelecimentos penais.<\/li>\n\n\n\n<li>Entre as atribui\u00e7\u00f5es institucionais do Policial Penal, destacam-se:<\/li>\n\n\n\n<li>Realizar vigil\u00e2ncia, seguran\u00e7a, preven\u00e7\u00e3o e repress\u00e3o imediata de ocorr\u00eancias no estabelecimento penal.<\/li>\n\n\n\n<li>Promover a cust\u00f3dia das pessoas privadas de liberdade e a guarda dos estabelecimentos penais, visando evitar fugas e evas\u00f5es.<\/li>\n\n\n\n<li>Planejar, coordenar e executar escoltas e movimenta\u00e7\u00f5es de pessoas privadas de liberdade no \u00e2mbito estadual e interestadual.<\/li>\n\n\n\n<li>Atuar na preven\u00e7\u00e3o e repress\u00e3o imediata de crimes, contraven\u00e7\u00f5es e infra\u00e7\u00f5es disciplinares no \u00e2mbito da execu\u00e7\u00e3o penal.<\/li>\n\n\n\n<li>Coordenar e executar o gerenciamento de crises e a interven\u00e7\u00e3o t\u00e1tica nos estabelecimentos penais.<\/li>\n<\/ul>\n","protected":false},"excerpt":{"rendered":"<p>A Secretaria da Administra\u00e7\u00e3o Penitenci\u00e1ria (SAP) abriu, nesta segunda-feira (3), o concurso da\u00a0Pol\u00edcia Penal de S\u00e3o Paulo. O processo visa o provimento de 1,1 mil cargos de\u00a0policial penal para o sexo masculino. O cargo exige n\u00edvel superior de escolaridade. As inscri\u00e7\u00f5es para o concurso p\u00fablico v\u00e3o at\u00e9 o dia 8 de dezembro. A remunera\u00e7\u00e3o inicial [&hellip;]<\/p>\n","protected":false},"author":7,"featured_media":29600,"comment_status":"closed","ping_status":"open","sticky":false,"template":"","format":"standard","meta":{"rop_custom_images_group":[],"rop_custom_messages_group":[],"rop_publish_now":"initial","rop_publish_now_accounts":[],"rop_publish_now_history":[],"rop_publish_now_status":"pending","footnotes":""},"categories":[195],"tags":[73],"class_list":["post-29599","post","type-post","status-publish","format-standard","has-post-thumbnail","hentry","category-sao-paulo","tag-featured"],"amp_enabled":true,"_links":{"self":[{"href":"https:\/\/imais.online\/portal\/wp-json\/wp\/v2\/posts\/29599","targetHints":{"allow":["GET"]}}],"collection":[{"href":"https:\/\/imais.online\/portal\/wp-json\/wp\/v2\/posts"}],"about":[{"href":"https:\/\/imais.online\/portal\/wp-json\/wp\/v2\/types\/post"}],"author":[{"embeddable":true,"href":"https:\/\/imais.online\/portal\/wp-json\/wp\/v2\/users\/7"}],"replies":[{"embeddable":true,"href":"https:\/\/imais.online\/portal\/wp-json\/wp\/v2\/comments?post=29599"}],"version-history":[{"count":1,"href":"https:\/\/imais.online\/portal\/wp-json\/wp\/v2\/posts\/29599\/revisions"}],"predecessor-version":[{"id":29601,"href":"https:\/\/imais.online\/portal\/wp-json\/wp\/v2\/posts\/29599\/revisions\/29601"}],"wp:featuredmedia":[{"embeddable":true,"href":"https:\/\/imais.online\/portal\/wp-json\/wp\/v2\/media\/29600"}],"wp:attachment":[{"href":"https:\/\/imais.online\/portal\/wp-json\/wp\/v2\/media?parent=29599"}],"wp:term":[{"taxonomy":"category","embeddable":true,"href":"https:\/\/imais.online\/portal\/wp-json\/wp\/v2\/categories?post=29599"},{"taxonomy":"post_tag","embeddable":true,"href":"https:\/\/imais.online\/portal\/wp-json\/wp\/v2\/tags?post=29599"}],"curies":[{"name":"wp","href":"https:\/\/api.w.org\/{rel}","templated":true}]}}