{"id":29605,"date":"2025-11-09T16:14:01","date_gmt":"2025-11-09T19:14:01","guid":{"rendered":"https:\/\/imais.online\/portal\/?p=29605"},"modified":"2025-11-09T16:14:02","modified_gmt":"2025-11-09T19:14:02","slug":"enem-2025-mec-divulga-tema-da-redacao-saiba-qual-e","status":"publish","type":"post","link":"https:\/\/imais.online\/portal\/enem-2025-mec-divulga-tema-da-redacao-saiba-qual-e\/","title":{"rendered":"Enem 2025: MEC divulga tema da reda\u00e7\u00e3o; saiba qual \u00e9"},"content":{"rendered":"<div class=\"imais-before-content-placement\" id=\"imais-2289502157\"><script async src=\"\/\/pagead2.googlesyndication.com\/pagead\/js\/adsbygoogle.js?client=ca-pub-8787528412751566\" crossorigin=\"anonymous\"><\/script><ins class=\"adsbygoogle\" style=\"display:block;\" data-ad-client=\"ca-pub-8787528412751566\" \ndata-ad-slot=\"\" \ndata-ad-format=\"auto\"><\/ins>\n<script> \n(adsbygoogle = window.adsbygoogle || []).push({}); \n<\/script>\n<\/div>\n<h2 class=\"wp-block-heading\">Professora Paula Nogueira, do Cursinho Objetivo, comenta o tema deste ano<\/h2>\n\n\n\n<p>A prova de reda\u00e7\u00e3o no primeiro dia do Enem 2025 (Exame Nacional do Ensino M\u00e9dio) teve como tema\u00a0<strong>&#8220;Perspectivas acerca do envelhecimento na sociedade brasileira&#8221;<\/strong>, revelou o ministro Camilo Santana em suas redes sociais.<\/p>\n\n\n\n<p>Para a professora do cursinho Objetivo Paula Nogueira, a banca espera que os candidatos falem sobre o conceito de envelhecimento. A reda\u00e7\u00e3o &#8220;tem que incluir prote\u00e7\u00e3o, garantias constitucionais de sa\u00fade, de trabalho. Tem que ser inclusiva e democr\u00e1tica&#8221;.<\/p>\n\n\n\n<p>Ela acredita que muitos estudantes v\u00e3o falar sobre o preconceito chamado etarismo, da necessidade da Previd\u00eancia Social se adaptar ao aumento de idosos no Brasil e no mundo. &#8220;\u00c9 uma perspectiva que precisa se adequar ao momento que a gente vive, precisa da aten\u00e7\u00e3o do Poder P\u00fablico e da sociedade cobrando o envelhecimento de forma justa e saud\u00e1vel&#8221;.<\/p>\n\n\n\n<p>Independentemente do tema espec\u00edfico proposto a cada ano, a professora do cursinho Objetivo Paula Nogueira explica que a reda\u00e7\u00e3o do Enem mant\u00e9m uma linha pedag\u00f3gica e avaliativa consistente, que vai muito al\u00e9m da mera verifica\u00e7\u00e3o de habilidades lingu\u00edsticas.<\/p>\n\n\n\n<p>&#8220;A reda\u00e7\u00e3o no Enem \u00e9 avaliada por meio de compet\u00eancias, que incluem assimila\u00e7\u00e3o de conte\u00fados adquiridos ao longo do ensino m\u00e9dio, dom\u00ednio do texto escrito e formas variadas de articula\u00e7\u00e3o entre ideias&#8221;, afirma Paula.<\/p>\n\n\n\n<p>Contudo, a professora enfatiza que o prop\u00f3sito da prova \u00e9 mais abrangente. &#8220;Mas, sobretudo, essa prova de reda\u00e7\u00e3o tamb\u00e9m mira na forma\u00e7\u00e3o cidad\u00e3, que capacita o candidato a entender e avaliar a situa\u00e7\u00e3o dos temas mais caros \u00e0 vida em sociedade no Brasil: povos tradicionais, trabalho de cuidado, heran\u00e7a africana entre outros.&#8221;<\/p>\n\n\n\n<h2 class=\"wp-block-heading\">Tend\u00eancia da prova<\/h2>\n\n\n\n<p>Essa perspectiva demonstra uma tend\u00eancia clara do exame em pautar discuss\u00f5es que exigem dos estudantes uma vis\u00e3o cr\u00edtica e engajada com as realidades sociais do pa\u00eds.<\/p>\n\n\n\n<p>Para a professora, a prova de reda\u00e7\u00e3o do Enem desafia os candidatos a &#8220;inferir a partir de dados, teorias, fatos reais e ficcionais, que a harmonia social s\u00f3 existe se todos forem reconhecidos, visibilizados e valorizados, sem discrimina\u00e7\u00f5es de qualquer esp\u00e9cie&#8221;.<\/p>\n\n\n\n<p>Desse modo, o objetivo maior \u00e9 que o texto produzido pelo candidato n\u00e3o apenas demonstre dom\u00ednio da escrita, mas que &#8220;exalte a sociedade justa, inclusiva e democr\u00e1tica, de modo que, para isso, ele possa expressar um racioc\u00ednio l\u00f3gico e bem fundamentado em vers\u00e3o escrita, traduzindo os princ\u00edpios constitucionais&#8221;.<\/p>\n\n\n\n<p>A reda\u00e7\u00e3o do Enem, portanto, se consolida como um espa\u00e7o para o exerc\u00edcio da cidadania e a proposi\u00e7\u00e3o de solu\u00e7\u00f5es para os grandes desafios nacionais.<\/p>\n\n\n\n<p>Fonte CNN Brasil <\/p>\n\n\n\n<p><\/p>\n","protected":false},"excerpt":{"rendered":"<p>Professora Paula Nogueira, do Cursinho Objetivo, comenta o tema deste ano A prova de reda\u00e7\u00e3o no primeiro dia do Enem 2025 (Exame Nacional do Ensino M\u00e9dio) teve como tema\u00a0&#8220;Perspectivas acerca do envelhecimento na sociedade brasileira&#8221;, revelou o ministro Camilo Santana em suas redes sociais. Para a professora do cursinho Objetivo Paula Nogueira, a banca espera [&hellip;]<\/p>\n","protected":false},"author":8,"featured_media":29606,"comment_status":"closed","ping_status":"open","sticky":false,"template":"","format":"standard","meta":{"rop_custom_images_group":[],"rop_custom_messages_group":[],"rop_publish_now":"initial","rop_publish_now_accounts":[],"rop_publish_now_history":[],"rop_publish_now_status":"pending","footnotes":""},"categories":[189],"tags":[73],"class_list":["post-29605","post","type-post","status-publish","format-standard","has-post-thumbnail","hentry","category-brasil","tag-featured"],"amp_enabled":true,"_links":{"self":[{"href":"https:\/\/imais.online\/portal\/wp-json\/wp\/v2\/posts\/29605","targetHints":{"allow":["GET"]}}],"collection":[{"href":"https:\/\/imais.online\/portal\/wp-json\/wp\/v2\/posts"}],"about":[{"href":"https:\/\/imais.online\/portal\/wp-json\/wp\/v2\/types\/post"}],"author":[{"embeddable":true,"href":"https:\/\/imais.online\/portal\/wp-json\/wp\/v2\/users\/8"}],"replies":[{"embeddable":true,"href":"https:\/\/imais.online\/portal\/wp-json\/wp\/v2\/comments?post=29605"}],"version-history":[{"count":1,"href":"https:\/\/imais.online\/portal\/wp-json\/wp\/v2\/posts\/29605\/revisions"}],"predecessor-version":[{"id":29607,"href":"https:\/\/imais.online\/portal\/wp-json\/wp\/v2\/posts\/29605\/revisions\/29607"}],"wp:featuredmedia":[{"embeddable":true,"href":"https:\/\/imais.online\/portal\/wp-json\/wp\/v2\/media\/29606"}],"wp:attachment":[{"href":"https:\/\/imais.online\/portal\/wp-json\/wp\/v2\/media?parent=29605"}],"wp:term":[{"taxonomy":"category","embeddable":true,"href":"https:\/\/imais.online\/portal\/wp-json\/wp\/v2\/categories?post=29605"},{"taxonomy":"post_tag","embeddable":true,"href":"https:\/\/imais.online\/portal\/wp-json\/wp\/v2\/tags?post=29605"}],"curies":[{"name":"wp","href":"https:\/\/api.w.org\/{rel}","templated":true}]}}