{"id":29608,"date":"2025-11-09T16:18:07","date_gmt":"2025-11-09T19:18:07","guid":{"rendered":"https:\/\/imais.online\/portal\/?p=29608"},"modified":"2025-11-09T16:18:07","modified_gmt":"2025-11-09T19:18:07","slug":"parana-vai-liberar-r-50-milhoes-para-reconstrucao-de-cidade-apos-tornado","status":"publish","type":"post","link":"https:\/\/imais.online\/portal\/parana-vai-liberar-r-50-milhoes-para-reconstrucao-de-cidade-apos-tornado\/","title":{"rendered":"Paran\u00e1 vai liberar R$ 50 milh\u00f5es para reconstru\u00e7\u00e3o de cidade ap\u00f3s tornado"},"content":{"rendered":"<div class=\"imais-before-content-placement\" id=\"imais-2410229052\"><script async src=\"\/\/pagead2.googlesyndication.com\/pagead\/js\/adsbygoogle.js?client=ca-pub-8787528412751566\" crossorigin=\"anonymous\"><\/script><ins class=\"adsbygoogle\" style=\"display:block;\" data-ad-client=\"ca-pub-8787528412751566\" \ndata-ad-slot=\"\" \ndata-ad-format=\"auto\"><\/ins>\n<script> \n(adsbygoogle = window.adsbygoogle || []).push({}); \n<\/script>\n<\/div>\n<h2 class=\"wp-block-heading\">Pelo menos 90% do munic\u00edpio foi afetado pelo tornado, com a destrui\u00e7\u00e3o de resid\u00eancias e pr\u00e9dios p\u00fablicos; fam\u00edlias devem receber at\u00e9 R$ 50 mil cada para reconstru\u00e7\u00e3o de casas<\/h2>\n\n\n\n<p>O Governo do Paran\u00e1 anunciou, neste domingo (9), que<strong>\u00a0deve liberar cerca de R$ 50 milh\u00f5es<\/strong>\u00a0do Fecap (Fundo Estadual de Calamidade P\u00fablica)\u00a0<strong>para a reconstru\u00e7\u00e3o da cidade de Rio Bonito do Igua\u00e7u<\/strong>, no Centro-Sul do\u00a0<strong>Paran\u00e1, destru\u00edda<\/strong>\u00a0por um tornado no na sexta-feira (7).<\/p>\n\n\n\n<p>O desastre resultou em\u00a0<strong>seis mortes confirmadas<\/strong>\u00a0e deixou outros\u00a0<strong>750 cidad\u00e3os feridos<\/strong>.<\/p>\n\n\n\n<p>De acordo com a administra\u00e7\u00e3o do estado,&nbsp;<strong>pelo menos 90% do munic\u00edpio foi afetado pelo fen\u00f4meno, com a destrui\u00e7\u00e3o de resid\u00eancias e pr\u00e9dios p\u00fablicos.<\/strong>&nbsp;Um dia ap\u00f3s o acontecimento, foi encaminhado \u00e0 Assembleia Legislativa um projeto de lei que altera as regras de repasse do Fecap.<\/p>\n\n\n\n<p>O objetivo da medida \u00e9 que os recursos possam ser<strong>\u00a0repassados diretamente \u00e0s fam\u00edlias<\/strong>, que devem receber\u00a0<strong>at\u00e9 R$ 50 mil cada para reconstru\u00e7\u00e3o de suas casas<\/strong>.<\/p>\n\n\n\n<p>Ainda segundo o governo, tamb\u00e9m j\u00e1 foi autorizado o processo de reconstru\u00e7\u00e3o das escolas destru\u00eddas. Por conta do desastre, a Secretaria de Estado da Educa\u00e7\u00e3o tinha anunciado no s\u00e1bado (8) que&nbsp;<strong>a aplica\u00e7\u00e3o da prova do Enem, no domingo (9), seria adiada na cidade.<\/strong><\/p>\n\n\n\n<h2 class=\"wp-block-heading\">&#8220;Situa\u00e7\u00e3o de guerra&#8221;<\/h2>\n\n\n\n<p>O secret\u00e1rio de Sa\u00fade do estado, Beto Preto, classificou o acontecimento como uma &#8220;situa\u00e7\u00e3o de guerra&#8221;. Al\u00e9m das v\u00edtimas fatais \u2014 sendo cinco em Rio Bonito do Igua\u00e7u e uma em Guarapuava \u2014, a cat\u00e1strofe deixou\u00a0<strong>ao menos 1.000 pessoas desalojadas<\/strong>\u00a0e cerca de 28\u00a0<strong>desabrigadas<\/strong>, conforme a Defesa Civil.<\/p>\n\n\n\n<p>O\u00a0<strong>tornado no Paran\u00e1<\/strong>\u00a0foi confirmado pelo Simepar (Sistema de Tecnologia e Monitoramento Ambiental do Paran\u00e1) e classificado como um fen\u00f4meno meteorol\u00f3gico de n\u00edvel\u00a0<strong>F3<\/strong>. Em Rio Bonito do Igua\u00e7u, o tornado provocou\u00a0<strong>ventos superiores a 250 km\/h<\/strong>, uma intensidade que devastou cerca de\u00a0<strong>90% dos edif\u00edcios<\/strong>\u00a0na cidade.<\/p>\n\n\n\n<p>Em meio ao cen\u00e1rio de devasta\u00e7\u00e3o, o governador Ratinho J\u00fanior (PSD) decretou\u00a0<strong>estado de calamidade p\u00fablica<\/strong>\u00a0no munic\u00edpio, chamando o evento de uma\u00a0<strong>cat\u00e1strofe &#8220;sem precedentes&#8221; na hist\u00f3ria do estado<\/strong>.<\/p>\n\n\n\n<h2 class=\"wp-block-heading\">Outras medidas do Governo<\/h2>\n\n\n\n<p>O Governo do Paran\u00e1 informou que\u00a0<strong>deve priorizar a instala\u00e7\u00e3o de um Centro de Triagem e outro de Acolhimento Psicol\u00f3gico<\/strong>\u00a0para prestar apoio \u00e0s fam\u00edlias da cidade atingida.<\/p>\n\n\n\n<p>Al\u00e9m disso, outra prioridade \u00e9<strong>&nbsp;a limpeza das ruas e casas, al\u00e9m do levantamento das condi\u00e7\u00f5es das casas com apoio da CREA\/PR<\/strong>&nbsp;(Cohapar e do Conselho Regional de Engenharia e Agronomia do Paran\u00e1).<\/p>\n\n\n\n<p>Tamb\u00e9m\u00a0<strong>devem ser instalados banheiros qu\u00edmicos em diversas \u00e1reas da cidade<\/strong>, tanto para atender a popula\u00e7\u00e3o como para dar suporte \u00e0s equipes de limpeza.<\/p>\n\n\n\n<p>Fonte CNN Brasil <\/p>\n","protected":false},"excerpt":{"rendered":"<p>Pelo menos 90% do munic\u00edpio foi afetado pelo tornado, com a destrui\u00e7\u00e3o de resid\u00eancias e pr\u00e9dios p\u00fablicos; fam\u00edlias devem receber at\u00e9 R$ 50 mil cada para reconstru\u00e7\u00e3o de casas O Governo do Paran\u00e1 anunciou, neste domingo (9), que\u00a0deve liberar cerca de R$ 50 milh\u00f5es\u00a0do Fecap (Fundo Estadual de Calamidade P\u00fablica)\u00a0para a reconstru\u00e7\u00e3o da cidade de [&hellip;]<\/p>\n","protected":false},"author":8,"featured_media":29609,"comment_status":"closed","ping_status":"open","sticky":false,"template":"","format":"standard","meta":{"rop_custom_images_group":[],"rop_custom_messages_group":[],"rop_publish_now":"initial","rop_publish_now_accounts":[],"rop_publish_now_history":[],"rop_publish_now_status":"pending","footnotes":""},"categories":[189],"tags":[],"class_list":["post-29608","post","type-post","status-publish","format-standard","has-post-thumbnail","hentry","category-brasil"],"amp_enabled":true,"_links":{"self":[{"href":"https:\/\/imais.online\/portal\/wp-json\/wp\/v2\/posts\/29608","targetHints":{"allow":["GET"]}}],"collection":[{"href":"https:\/\/imais.online\/portal\/wp-json\/wp\/v2\/posts"}],"about":[{"href":"https:\/\/imais.online\/portal\/wp-json\/wp\/v2\/types\/post"}],"author":[{"embeddable":true,"href":"https:\/\/imais.online\/portal\/wp-json\/wp\/v2\/users\/8"}],"replies":[{"embeddable":true,"href":"https:\/\/imais.online\/portal\/wp-json\/wp\/v2\/comments?post=29608"}],"version-history":[{"count":1,"href":"https:\/\/imais.online\/portal\/wp-json\/wp\/v2\/posts\/29608\/revisions"}],"predecessor-version":[{"id":29610,"href":"https:\/\/imais.online\/portal\/wp-json\/wp\/v2\/posts\/29608\/revisions\/29610"}],"wp:featuredmedia":[{"embeddable":true,"href":"https:\/\/imais.online\/portal\/wp-json\/wp\/v2\/media\/29609"}],"wp:attachment":[{"href":"https:\/\/imais.online\/portal\/wp-json\/wp\/v2\/media?parent=29608"}],"wp:term":[{"taxonomy":"category","embeddable":true,"href":"https:\/\/imais.online\/portal\/wp-json\/wp\/v2\/categories?post=29608"},{"taxonomy":"post_tag","embeddable":true,"href":"https:\/\/imais.online\/portal\/wp-json\/wp\/v2\/tags?post=29608"}],"curies":[{"name":"wp","href":"https:\/\/api.w.org\/{rel}","templated":true}]}}