{"id":29614,"date":"2025-11-09T16:42:07","date_gmt":"2025-11-09T19:42:07","guid":{"rendered":"https:\/\/imais.online\/portal\/?p=29614"},"modified":"2025-11-09T16:42:07","modified_gmt":"2025-11-09T19:42:07","slug":"brasil-tem-historico-de-tornados-e-o-que-destruiu-cidade-no-parana-pode-ser-um-dos-mais-fortes-ja-registrados","status":"publish","type":"post","link":"https:\/\/imais.online\/portal\/brasil-tem-historico-de-tornados-e-o-que-destruiu-cidade-no-parana-pode-ser-um-dos-mais-fortes-ja-registrados\/","title":{"rendered":"Brasil tem hist\u00f3rico de tornados, e o que destruiu cidade no Paran\u00e1 pode ser um dos mais fortes j\u00e1 registrados"},"content":{"rendered":"<div class=\"imais-before-content-placement\" id=\"imais-1973184210\"><script async src=\"\/\/pagead2.googlesyndication.com\/pagead\/js\/adsbygoogle.js?client=ca-pub-8787528412751566\" crossorigin=\"anonymous\"><\/script><ins class=\"adsbygoogle\" style=\"display:block;\" data-ad-client=\"ca-pub-8787528412751566\" \ndata-ad-slot=\"\" \ndata-ad-format=\"auto\"><\/ins>\n<script> \n(adsbygoogle = window.adsbygoogle || []).push({}); \n<\/script>\n<\/div>\n<h2 class=\"wp-block-heading\">Pesquisador da Unicamp que catalogou 205 tornados no pa\u00eds em tese de doutorado explica por que as regi\u00f5es Sul e Sudeste do pa\u00eds s\u00e3o mais suscet\u00edveis a esse fen\u00f4meno.<\/h2>\n\n\n\n<p>O tornado que devastou cidades da regi\u00e3o Centro-Sul do Paran\u00e1 nesta sexta-feira (7) \u2013\u00a0e atingiu o \u00edndice EF3 em uma escala que vai at\u00e9 5\u00a0\u2013 pode estar entre\u00a0<strong>os mais fortes j\u00e1 registrados no Brasil<\/strong>. A avalia\u00e7\u00e3o \u00e9 do pesquisador Daniel Henrique C\u00e2ndido, doutor em geografia pela\u00a0Unicamp.<\/p>\n\n\n\n<p>Segundo ele,\u00a0o pa\u00eds tem um hist\u00f3rico expressivo de tornados e ocupa uma posi\u00e7\u00e3o de destaque no cen\u00e1rio mundial. \u201cContinua sendo a segunda \u00e1rea de risco mais intenso de ocorr\u00eancia de tornados no mundo. Ela s\u00f3 fica atr\u00e1s do chamado corredor dos tornados nos Estados Unidos\u201d.<\/p>\n\n\n\n<p>Em 2012, Candido defendeu uma tese de doutorado em que\u00a0<strong>catalogou 205 desses fen\u00f4menos ocorridos entre 1990 e 2011<\/strong>. Entre eles est\u00e1 um registro de maio de 1992, que atingiu\u00a0Almirante Tamandar\u00e9 (PR)\u00a0e tamb\u00e9m chegou a EF3, com seis mortos.<\/p>\n\n\n\n<p>Para ele, o de sexta,\u00a0que tamb\u00e9m deixou seis v\u00edtimas fatais e destruiu 90% do munic\u00edpio de Rio Bonito do Igua\u00e7u (PR), pode estar entre os\u00a0<strong>10 piores j\u00e1 registrados<\/strong>. A lista inclui, ainda, tornados\u00a0Itu (SP), que deixou 15 mortos em 1991, e de\u00a0Nova Laranjeiras (PR), com quatro em 1997.<\/p>\n\n\n\n<p><em>\ud83c\udf2a\ufe0f Os tornados s\u00e3o fen\u00f4menos atmosf\u00e9ricos menores, mas muito intensos. Eles surgem geralmente de tempestades severas em \u00e1reas com grandes varia\u00e7\u00f5es de vento.\u00a0<\/em><\/p>\n\n\n\n<p>Fonte G1 <\/p>\n","protected":false},"excerpt":{"rendered":"<p>Pesquisador da Unicamp que catalogou 205 tornados no pa\u00eds em tese de doutorado explica por que as regi\u00f5es Sul e Sudeste do pa\u00eds s\u00e3o mais suscet\u00edveis a esse fen\u00f4meno. O tornado que devastou cidades da regi\u00e3o Centro-Sul do Paran\u00e1 nesta sexta-feira (7) \u2013\u00a0e atingiu o \u00edndice EF3 em uma escala que vai at\u00e9 5\u00a0\u2013 pode [&hellip;]<\/p>\n","protected":false},"author":8,"featured_media":29615,"comment_status":"closed","ping_status":"open","sticky":false,"template":"","format":"standard","meta":{"rop_custom_images_group":[],"rop_custom_messages_group":[],"rop_publish_now":"initial","rop_publish_now_accounts":[],"rop_publish_now_history":[],"rop_publish_now_status":"pending","footnotes":""},"categories":[189],"tags":[73],"class_list":["post-29614","post","type-post","status-publish","format-standard","has-post-thumbnail","hentry","category-brasil","tag-featured"],"amp_enabled":true,"_links":{"self":[{"href":"https:\/\/imais.online\/portal\/wp-json\/wp\/v2\/posts\/29614","targetHints":{"allow":["GET"]}}],"collection":[{"href":"https:\/\/imais.online\/portal\/wp-json\/wp\/v2\/posts"}],"about":[{"href":"https:\/\/imais.online\/portal\/wp-json\/wp\/v2\/types\/post"}],"author":[{"embeddable":true,"href":"https:\/\/imais.online\/portal\/wp-json\/wp\/v2\/users\/8"}],"replies":[{"embeddable":true,"href":"https:\/\/imais.online\/portal\/wp-json\/wp\/v2\/comments?post=29614"}],"version-history":[{"count":1,"href":"https:\/\/imais.online\/portal\/wp-json\/wp\/v2\/posts\/29614\/revisions"}],"predecessor-version":[{"id":29616,"href":"https:\/\/imais.online\/portal\/wp-json\/wp\/v2\/posts\/29614\/revisions\/29616"}],"wp:featuredmedia":[{"embeddable":true,"href":"https:\/\/imais.online\/portal\/wp-json\/wp\/v2\/media\/29615"}],"wp:attachment":[{"href":"https:\/\/imais.online\/portal\/wp-json\/wp\/v2\/media?parent=29614"}],"wp:term":[{"taxonomy":"category","embeddable":true,"href":"https:\/\/imais.online\/portal\/wp-json\/wp\/v2\/categories?post=29614"},{"taxonomy":"post_tag","embeddable":true,"href":"https:\/\/imais.online\/portal\/wp-json\/wp\/v2\/tags?post=29614"}],"curies":[{"name":"wp","href":"https:\/\/api.w.org\/{rel}","templated":true}]}}