{"id":29621,"date":"2025-11-10T17:03:10","date_gmt":"2025-11-10T20:03:10","guid":{"rendered":"https:\/\/imais.online\/portal\/?p=29621"},"modified":"2025-11-10T17:03:10","modified_gmt":"2025-11-10T20:03:10","slug":"governo-de-sp-reforca-importancia-da-vacinacao-contra-hpv-sarampo-e-febre-amarela","status":"publish","type":"post","link":"https:\/\/imais.online\/portal\/governo-de-sp-reforca-importancia-da-vacinacao-contra-hpv-sarampo-e-febre-amarela\/","title":{"rendered":"Governo de SP refor\u00e7a import\u00e2ncia da vacina\u00e7\u00e3o contra HPV, sarampo e febre amarela"},"content":{"rendered":"<div class=\"imais-before-content-placement\" id=\"imais-772779901\"><script async src=\"\/\/pagead2.googlesyndication.com\/pagead\/js\/adsbygoogle.js?client=ca-pub-8787528412751566\" crossorigin=\"anonymous\"><\/script><ins class=\"adsbygoogle\" style=\"display:block;\" data-ad-client=\"ca-pub-8787528412751566\" \ndata-ad-slot=\"\" \ndata-ad-format=\"auto\"><\/ins>\n<script> \n(adsbygoogle = window.adsbygoogle || []).push({}); \n<\/script>\n<\/div>\n<p class=\"has-text-align-center\">Estado intensifica a\u00e7\u00f5es para ampliar a prote\u00e7\u00e3o contra doen\u00e7as imunopreven\u00edveis<\/p>\n\n\n\n<p>A Secretaria de Estado da Sa\u00fade de S\u00e3o Paulo (SES-SP) refor\u00e7a a orienta\u00e7\u00e3o para que pais e respons\u00e1veis atualizem a caderneta de vacina\u00e7\u00e3o de adolescentes com idade entre 15 e 19 anos. A prioridade est\u00e1 no resgate de n\u00e3o vacinados contra HPV (papilomav\u00edrus humano),\u00a0febre amarela\u00a0e sarampo.<\/p>\n\n\n\n<p>\u201cManter altas coberturas vacinais \u00e9 uma prioridade. Por isso, contamos com o apoio das fam\u00edlias e das escolas para que todas as crian\u00e7as e adolescentes estejam protegidos contra doen\u00e7as j\u00e1 controladas, como o sarampo e a poliomielite\u201d, destaca Tatiana Lang, diretora do Centro de Vigil\u00e2ncia Epidemiol\u00f3gica da SES-SP.<\/p>\n\n\n\n<p>A diretora ressaltou que o HPV \u00e9 o principal causador do c\u00e2ncer do colo do \u00fatero e tamb\u00e9m pode estar relacionado a casos de c\u00e2ncer de vulva, vagina, p\u00eanis, \u00e2nus e orofaringe. Ela refor\u00e7ou ainda que a vacina contra o HPV \u00e9 uma medida fundamental de preven\u00e7\u00e3o, pois protege contra doen\u00e7as graves, incluindo o c\u00e2ncer.<\/p>\n\n\n\n<p>Dados parciais da Pasta registram que, at\u00e9 5 de novembro, 76,32% das crian\u00e7as e adolescentes de 9 a 14 anos foram vacinados contra o HPV, percentual ainda abaixo da meta preconizada pelo Minist\u00e9rio da Sa\u00fade, que \u00e9 de 90%. A amplia\u00e7\u00e3o da cobertura vacinal \u00e9 essencial para garantir a prote\u00e7\u00e3o individual e coletiva, especialmente de pessoas que n\u00e3o podem ser imunizadas, como aquelas com o sistema imunol\u00f3gico comprometido ou com alergia a componentes das vacinas. A vacina\u00e7\u00e3o tamb\u00e9m \u00e9 uma das principais estrat\u00e9gias de preven\u00e7\u00e3o contra surtos e epidemias de doen\u00e7as imunopreven\u00edveis.<\/p>\n\n\n\n<p><strong>Quem deve se vacinar contra o HPV:<\/strong><\/p>\n\n\n\n<ul class=\"wp-block-list\">\n<li>Meninas e meninos de 9 a 14 anos e, at\u00e9 dezembro deste ano, de 15 a 19 anos;<\/li>\n\n\n\n<li>Pessoas de 9 a 45 anos em condi\u00e7\u00f5es cl\u00ednicas especiais, como as que vivem com HIV\/Aids, transplantados de \u00f3rg\u00e3os s\u00f3lidos ou medula \u00f3ssea e pacientes oncol\u00f3gicos (imunossuprimidos);<\/li>\n\n\n\n<li>V\u00edtimas de abuso sexual;<\/li>\n\n\n\n<li>Pessoas portadoras de papilomatose respirat\u00f3ria recorrente (PRR).<\/li>\n<\/ul>\n\n\n\n<p><strong>Quem deve se vacinar contra febre amarela:<\/strong><\/p>\n\n\n\n<ul class=\"wp-block-list\">\n<li>Crian\u00e7as: uma dose \u00e9 recomendada aos 9 meses de idade e um refor\u00e7o aos 4 anos;<\/li>\n\n\n\n<li>Pessoas que receberam apenas uma dose antes dos 5 anos: devem tomar uma dose de refor\u00e7o;<\/li>\n\n\n\n<li>Pessoas de 5 a 59 anos que ainda n\u00e3o foram vacinadas devem receber uma dose \u00fanica.<\/li>\n<\/ul>\n\n\n\n<p><strong>Quem deve se vacinar contra sarampo:<\/strong><\/p>\n\n\n\n<ul class=\"wp-block-list\">\n<li>Crian\u00e7as: a vacina\u00e7\u00e3o contra o sarampo faz parte do Calend\u00e1rio Nacional de Vacina\u00e7\u00e3o. A administra\u00e7\u00e3o da primeira dose deve ser aplicada aos 12 meses de idade (tr\u00edplice viral \u2013 sarampo, caxumba e rub\u00e9ola) e a segunda aos 15 meses (tetra viral\u2013 sarampo, caxumba, rub\u00e9ola e varicela);<\/li>\n\n\n\n<li>Pessoas de 5 at\u00e9 29 anos devem tomar duas doses da vacina com intervalo m\u00ednimo de 30 dias entre as doses. A pessoa que comprovar 2 doses da vacina tr\u00edplice viral ser\u00e1 considerada vacinada;<\/li>\n\n\n\n<li>Pessoas de 30 aos 59 anos de idade devem tomar uma dose da vacina. A pessoa que comprovar 1 dose da tr\u00edplice viral ser\u00e1 considerada vacinada;<\/li>\n\n\n\n<li>Trabalhadores da sa\u00fade: Devem receber 2 doses de tr\u00edplice viral, a depender da situa\u00e7\u00e3o vacinal encontrada, independentemente da idade. Considerar vacinado o trabalhador da sa\u00fade que comprovar 2 doses da tr\u00edplice viral.<\/li>\n<\/ul>\n\n\n\n<p><strong>Onde se vacinar?<\/strong><\/p>\n\n\n\n<p>Procure a Unidade B\u00e1sica de Sa\u00fade (UBS) mais pr\u00f3xima e leve a caderneta de vacina\u00e7\u00e3o junto com um documento com foto.<\/p>\n\n\n\n<p><strong>Aumento na cobertura vacinal do calend\u00e1rio b\u00e1sico<\/strong><\/p>\n\n\n\n<p>Em 2024, com o suporte do IGM SUS Paulista, que possui o objetivo de fortalecer os indicadores de sa\u00fade nos munic\u00edpios, todos os imunizantes tiveram crescimento no \u00edndice vacinal, quando comparado com 2022. Um exemplo disso, \u00e9 cobertura da vacina BCG, que protege contra as formas graves da tuberculose, foi de 82,2% para 94,8%. No caso da vacina contra rotav\u00edrus, a cobertura foi de 77,2% para 91,1%. J\u00e1 a tr\u00edplice viral, contra sarampo, caxumba e rub\u00e9ola, aumentou de 78,4% para 99,2%.<\/p>\n\n\n\n<p><strong>Vacina 100 d\u00favidas<\/strong><\/p>\n\n\n\n<p>O Governo de SP, por meio da Secretaria de Estado da Sa\u00fade, criou o portal \u201cVacina 100 D\u00favidas\u201d com as 100 perguntas mais frequentes sobre vacina\u00e7\u00e3o nos buscadores da internet. A ferramenta esclarece quest\u00f5es como efeitos colaterais, efic\u00e1cia das vacinas, doen\u00e7as imunopreven\u00edveis e quais os perigos ao n\u00e3o se imunizar. O acesso est\u00e1 dispon\u00edvel no link: https:\/\/www.vacina100duvidas.sp.gov.br\/<\/p>\n\n\n\n<p><\/p>\n","protected":false},"excerpt":{"rendered":"<p>Estado intensifica a\u00e7\u00f5es para ampliar a prote\u00e7\u00e3o contra doen\u00e7as imunopreven\u00edveis A Secretaria de Estado da Sa\u00fade de S\u00e3o Paulo (SES-SP) refor\u00e7a a orienta\u00e7\u00e3o para que pais e respons\u00e1veis atualizem a caderneta de vacina\u00e7\u00e3o de adolescentes com idade entre 15 e 19 anos. A prioridade est\u00e1 no resgate de n\u00e3o vacinados contra HPV (papilomav\u00edrus humano),\u00a0febre amarela\u00a0e [&hellip;]<\/p>\n","protected":false},"author":7,"featured_media":29622,"comment_status":"closed","ping_status":"open","sticky":false,"template":"","format":"standard","meta":{"rop_custom_images_group":[],"rop_custom_messages_group":[],"rop_publish_now":"initial","rop_publish_now_accounts":[],"rop_publish_now_history":[],"rop_publish_now_status":"pending","footnotes":""},"categories":[195],"tags":[73],"class_list":["post-29621","post","type-post","status-publish","format-standard","has-post-thumbnail","hentry","category-sao-paulo","tag-featured"],"amp_enabled":true,"_links":{"self":[{"href":"https:\/\/imais.online\/portal\/wp-json\/wp\/v2\/posts\/29621","targetHints":{"allow":["GET"]}}],"collection":[{"href":"https:\/\/imais.online\/portal\/wp-json\/wp\/v2\/posts"}],"about":[{"href":"https:\/\/imais.online\/portal\/wp-json\/wp\/v2\/types\/post"}],"author":[{"embeddable":true,"href":"https:\/\/imais.online\/portal\/wp-json\/wp\/v2\/users\/7"}],"replies":[{"embeddable":true,"href":"https:\/\/imais.online\/portal\/wp-json\/wp\/v2\/comments?post=29621"}],"version-history":[{"count":1,"href":"https:\/\/imais.online\/portal\/wp-json\/wp\/v2\/posts\/29621\/revisions"}],"predecessor-version":[{"id":29623,"href":"https:\/\/imais.online\/portal\/wp-json\/wp\/v2\/posts\/29621\/revisions\/29623"}],"wp:featuredmedia":[{"embeddable":true,"href":"https:\/\/imais.online\/portal\/wp-json\/wp\/v2\/media\/29622"}],"wp:attachment":[{"href":"https:\/\/imais.online\/portal\/wp-json\/wp\/v2\/media?parent=29621"}],"wp:term":[{"taxonomy":"category","embeddable":true,"href":"https:\/\/imais.online\/portal\/wp-json\/wp\/v2\/categories?post=29621"},{"taxonomy":"post_tag","embeddable":true,"href":"https:\/\/imais.online\/portal\/wp-json\/wp\/v2\/tags?post=29621"}],"curies":[{"name":"wp","href":"https:\/\/api.w.org\/{rel}","templated":true}]}}