{"id":29679,"date":"2025-11-16T22:11:47","date_gmt":"2025-11-17T01:11:47","guid":{"rendered":"https:\/\/imais.online\/portal\/?p=29679"},"modified":"2025-11-16T22:11:48","modified_gmt":"2025-11-17T01:11:48","slug":"inmet-alerta-para-tempestades-em-tres-estados-ate-amanha-veja-onde","status":"publish","type":"post","link":"https:\/\/imais.online\/portal\/inmet-alerta-para-tempestades-em-tres-estados-ate-amanha-veja-onde\/","title":{"rendered":"Inmet alerta para tempestades em tr\u00eas estados at\u00e9 amanh\u00e3; veja onde"},"content":{"rendered":"<div class=\"imais-before-content-placement\" id=\"imais-2134136203\"><script async src=\"\/\/pagead2.googlesyndication.com\/pagead\/js\/adsbygoogle.js?client=ca-pub-8787528412751566\" crossorigin=\"anonymous\"><\/script><ins class=\"adsbygoogle\" style=\"display:block;\" data-ad-client=\"ca-pub-8787528412751566\" \ndata-ad-slot=\"\" \ndata-ad-format=\"auto\"><\/ins>\n<script> \n(adsbygoogle = window.adsbygoogle || []).push({}); \n<\/script>\n<\/div>\n<h2 class=\"wp-block-heading\">H\u00e1 previs\u00e3o de chuvas e ventos intensos no Paran\u00e1<\/h2>\n\n\n\n<p>O Instituto Nacional de Meteorologia (Inmet) alerta para tempestades no sul e sudeste de S\u00e3o Paulo, todo o estado de Mato Grosso do Sul e no Rio Grande do Sul at\u00e9 a manh\u00e3 desta segunda-feira (17).<\/p>\n\n\n\n<p>Est\u00e3o previstas chuvas intensas entre 30 e 60 mil\u00edmetros, podendo chegar a 100 mil\u00edmetros, e ventos de intensidade forte, entre 60 e 100 km\/h. Condi\u00e7\u00f5es que elevam o risco para pessoas e animais desabrigados e aten\u00e7\u00e3o para aqueles que precisarem transitar nessas regi\u00f5es.<\/p>\n\n\n\n<p>Para uma faixa menor, entre as regi\u00f5es central e oeste do Paran\u00e1 e o Rio Grande do Sul, foi emitido alerta severo, com ventos acima de 100km\/h e chuvas superiores a 100 mil\u00edmetros por dia, com possibilidade de precipita\u00e7\u00f5es de at\u00e9 60 mm\/hora.<\/p>\n\n\n\n<p>Em nota t\u00e9cnica, o Inmet informa que h\u00e1 &#8220;grande risco de danos em edifica\u00e7\u00f5es, corte de energia el\u00e9trica, estragos em planta\u00e7\u00f5es, queda de \u00e1rvores, alagamentos e transtornos no transporte rodovi\u00e1rio&#8221; para a regi\u00e3o.<\/p>\n\n\n\n<p>Na semana passada, a cidade de Rio Bonito do Igua\u00e7u (PR) foi atingida por um tornado, deixando diversas pessoas desabrigadas.<\/p>\n\n\n\n<p>Ainda no Rio Grande do Sul, h\u00e1 previs\u00e3o de queda brusca de temperatura durante a madrugada, de at\u00e9 5 graus Celsius, afetando cidades como Alegrete, S\u00e3o Gabriel e Uruguaiana.\u00a0<\/p>\n\n\n\n<p>No litoral, na faixa entre Paranagu\u00e1 (PR) at\u00e9 o extremo sul, a previs\u00e3o \u00e9 de ventos fortes at\u00e9 o final da tarde de segunda-feira.&nbsp;<\/p>\n\n\n\n<p>\u00c1reas como S\u00e3o Paulo, Rio de Janeiro, sul de Minas Gerais, centro e sul do Esp\u00edrito Santo, Mato \u00a0Grosso, Rond\u00f4nia, Acre e a regi\u00e3o leste do Amazonas est\u00e3o sob alerta moderado para tempestade, com possibilidade de pancadas de chuva isoladas hoje e amanh\u00e3.\u00a0<\/p>\n","protected":false},"excerpt":{"rendered":"<p>H\u00e1 previs\u00e3o de chuvas e ventos intensos no Paran\u00e1 O Instituto Nacional de Meteorologia (Inmet) alerta para tempestades no sul e sudeste de S\u00e3o Paulo, todo o estado de Mato Grosso do Sul e no Rio Grande do Sul at\u00e9 a manh\u00e3 desta segunda-feira (17). Est\u00e3o previstas chuvas intensas entre 30 e 60 mil\u00edmetros, podendo [&hellip;]<\/p>\n","protected":false},"author":8,"featured_media":29680,"comment_status":"closed","ping_status":"open","sticky":false,"template":"","format":"standard","meta":{"rop_custom_images_group":[],"rop_custom_messages_group":[],"rop_publish_now":"initial","rop_publish_now_accounts":[],"rop_publish_now_history":[],"rop_publish_now_status":"pending","footnotes":""},"categories":[189],"tags":[],"class_list":["post-29679","post","type-post","status-publish","format-standard","has-post-thumbnail","hentry","category-brasil"],"amp_enabled":true,"_links":{"self":[{"href":"https:\/\/imais.online\/portal\/wp-json\/wp\/v2\/posts\/29679","targetHints":{"allow":["GET"]}}],"collection":[{"href":"https:\/\/imais.online\/portal\/wp-json\/wp\/v2\/posts"}],"about":[{"href":"https:\/\/imais.online\/portal\/wp-json\/wp\/v2\/types\/post"}],"author":[{"embeddable":true,"href":"https:\/\/imais.online\/portal\/wp-json\/wp\/v2\/users\/8"}],"replies":[{"embeddable":true,"href":"https:\/\/imais.online\/portal\/wp-json\/wp\/v2\/comments?post=29679"}],"version-history":[{"count":1,"href":"https:\/\/imais.online\/portal\/wp-json\/wp\/v2\/posts\/29679\/revisions"}],"predecessor-version":[{"id":29681,"href":"https:\/\/imais.online\/portal\/wp-json\/wp\/v2\/posts\/29679\/revisions\/29681"}],"wp:featuredmedia":[{"embeddable":true,"href":"https:\/\/imais.online\/portal\/wp-json\/wp\/v2\/media\/29680"}],"wp:attachment":[{"href":"https:\/\/imais.online\/portal\/wp-json\/wp\/v2\/media?parent=29679"}],"wp:term":[{"taxonomy":"category","embeddable":true,"href":"https:\/\/imais.online\/portal\/wp-json\/wp\/v2\/categories?post=29679"},{"taxonomy":"post_tag","embeddable":true,"href":"https:\/\/imais.online\/portal\/wp-json\/wp\/v2\/tags?post=29679"}],"curies":[{"name":"wp","href":"https:\/\/api.w.org\/{rel}","templated":true}]}}