{"id":29688,"date":"2025-11-17T06:49:27","date_gmt":"2025-11-17T09:49:27","guid":{"rendered":"https:\/\/imais.online\/portal\/?p=29688"},"modified":"2025-11-17T06:49:28","modified_gmt":"2025-11-17T09:49:28","slug":"cantora-dua-lipa-e-flagrada-curtindo-balada-em-indaiatuba","status":"publish","type":"post","link":"https:\/\/imais.online\/portal\/cantora-dua-lipa-e-flagrada-curtindo-balada-em-indaiatuba\/","title":{"rendered":"Cantora Dua Lipa \u00e9 flagrada curtindo balada em Indaiatuba"},"content":{"rendered":"<div class=\"imais-before-content-placement\" id=\"imais-2236804\"><script async src=\"\/\/pagead2.googlesyndication.com\/pagead\/js\/adsbygoogle.js?client=ca-pub-8787528412751566\" crossorigin=\"anonymous\"><\/script><ins class=\"adsbygoogle\" style=\"display:block;\" data-ad-client=\"ca-pub-8787528412751566\" \ndata-ad-slot=\"\" \ndata-ad-format=\"auto\"><\/ins>\n<script> \n(adsbygoogle = window.adsbygoogle || []).push({}); \n<\/script>\n<\/div>\n<p><span data-slate-node=\"text\" style=\"font-size: 17.6px;\"><span class=\"\" data-slate-leaf=\"true\" style=\"white-space-collapse: break-spaces; word-break: break-word;\">A turn\u00ea &#8220;Radical Optimism&#8221; de Dua Lipa pode ter tido seu ponto alto no palco do Morumbis, em S\u00e3o Paulo, no \u00faltimo s\u00e1bado (15), mas o after-party da estrela pop reservou uma surpresa inesperada para os f\u00e3s do interior paulista. Horas ap\u00f3s um show aclamado pela cr\u00edtica, a cantora trocou os holofotes por uma pista de dan\u00e7a, sendo flagrada em uma badalada festa de m\u00fasica eletr\u00f4nica em Indaiatuba, na madrugada de domingo (16).<\/span><\/span><\/p>\n\n\n\n<p><div class=\"w-full my-[1px]\"><div data-slate-node=\"element\" class=\"py-[3px]\"><span data-slate-node=\"text\"><span data-slate-leaf=\"true\" class=\"\" style=\"white-space-collapse: break-spaces; word-break: break-word;\">A apari\u00e7\u00e3o da artista aconteceu na edi\u00e7\u00e3o brasileira da Circoloco, a ic\u00f4nica festa nascida em Ibiza, que agitou o Aut\u00f3dromo Capuava. Longe do glamour de seu figurino de palco, Dua Lipa foi vista em um momento descontra\u00eddo, vestindo um moletom com as cores do Brasil e na companhia de seus irm\u00e3os.O flagrante, que rapidamente viralizou nas redes sociais, foi feito por f\u00e3s que mal podiam acreditar na presen\u00e7a da diva pop. O festival Circoloco contou com um line-up de peso, incluindo nomes internacionais como Carlita, Chris Stussy, DJ Tennis, Omoloko, Pawsa, Prospa, Saoirse e Seth Troxler.Sucesso no Palco e Surpresas no Aeroporto.<\/span><\/span><\/div><\/div><\/p>\n\n\n\n<p><div class=\"w-full my-[1px]\"><div data-slate-node=\"element\" class=\"py-[3px]\"><span data-slate-node=\"text\"><span data-slate-leaf=\"true\" class=\"\" style=\"white-space-collapse: break-spaces; word-break: break-word;\">O show de Dua Lipa em S\u00e3o Paulo foi um espet\u00e1culo pop, recheado de hits e momentos especiais. A cantora interagiu com o p\u00fablico em portugu\u00eas e surpreendeu ao convidar \u00edcones da m\u00fasica brasileira: Carlinhos Brown para um dueto em &#8220;Magalenha&#8221; e Caetano Veloso para cantar &#8220;Margarida Perfumada&#8221;.A movimenta\u00e7\u00e3o de celebridades na regi\u00e3o n\u00e3o parou por a\u00ed. No mesmo final de semana, o cantor e compositor canadense Shawn Mendes tamb\u00e9m foi visto no Aeroporto Internacional de Viracopos, em Campinas (SP). Mendes, que desembarcou de um voo vindo de Bel\u00e9m (PA), foi fotografado em um momento tipicamente brasileiro: saboreando um pastel e tirando fotos com admiradores.A passagem de Dua Lipa pelo interior de S\u00e3o Paulo, culminando na festa eletr\u00f4nica, adiciona um cap\u00edtulo inusitado e vibrante \u00e0 sua turn\u00ea, mostrando que a estrela pop sabe como aproveitar a noite brasileira com autenticidade e discri\u00e7\u00e3o.<\/span><\/span><\/div><\/div><\/p>\n","protected":false},"excerpt":{"rendered":"<p>A turn\u00ea &#8220;Radical Optimism&#8221; de Dua Lipa pode ter tido seu ponto alto no palco do Morumbis, em S\u00e3o Paulo, no \u00faltimo s\u00e1bado (15), mas o after-party da estrela pop reservou uma surpresa inesperada para os f\u00e3s do interior paulista. Horas ap\u00f3s um show aclamado pela cr\u00edtica, a cantora trocou os holofotes por uma pista [&hellip;]<\/p>\n","protected":false},"author":7,"featured_media":29689,"comment_status":"closed","ping_status":"open","sticky":false,"template":"","format":"standard","meta":{"rop_custom_images_group":[],"rop_custom_messages_group":[],"rop_publish_now":"initial","rop_publish_now_accounts":[],"rop_publish_now_history":[],"rop_publish_now_status":"pending","footnotes":""},"categories":[16],"tags":[],"class_list":["post-29688","post","type-post","status-publish","format-standard","has-post-thumbnail","hentry","category-entertainment"],"amp_enabled":true,"_links":{"self":[{"href":"https:\/\/imais.online\/portal\/wp-json\/wp\/v2\/posts\/29688","targetHints":{"allow":["GET"]}}],"collection":[{"href":"https:\/\/imais.online\/portal\/wp-json\/wp\/v2\/posts"}],"about":[{"href":"https:\/\/imais.online\/portal\/wp-json\/wp\/v2\/types\/post"}],"author":[{"embeddable":true,"href":"https:\/\/imais.online\/portal\/wp-json\/wp\/v2\/users\/7"}],"replies":[{"embeddable":true,"href":"https:\/\/imais.online\/portal\/wp-json\/wp\/v2\/comments?post=29688"}],"version-history":[{"count":1,"href":"https:\/\/imais.online\/portal\/wp-json\/wp\/v2\/posts\/29688\/revisions"}],"predecessor-version":[{"id":29690,"href":"https:\/\/imais.online\/portal\/wp-json\/wp\/v2\/posts\/29688\/revisions\/29690"}],"wp:featuredmedia":[{"embeddable":true,"href":"https:\/\/imais.online\/portal\/wp-json\/wp\/v2\/media\/29689"}],"wp:attachment":[{"href":"https:\/\/imais.online\/portal\/wp-json\/wp\/v2\/media?parent=29688"}],"wp:term":[{"taxonomy":"category","embeddable":true,"href":"https:\/\/imais.online\/portal\/wp-json\/wp\/v2\/categories?post=29688"},{"taxonomy":"post_tag","embeddable":true,"href":"https:\/\/imais.online\/portal\/wp-json\/wp\/v2\/tags?post=29688"}],"curies":[{"name":"wp","href":"https:\/\/api.w.org\/{rel}","templated":true}]}}