{"id":29694,"date":"2025-11-17T16:26:40","date_gmt":"2025-11-17T19:26:40","guid":{"rendered":"https:\/\/imais.online\/portal\/?p=29694"},"modified":"2025-11-17T16:26:40","modified_gmt":"2025-11-17T19:26:40","slug":"ipva-2026-veja-datas-de-pagamento-e-como-obter-desconto","status":"publish","type":"post","link":"https:\/\/imais.online\/portal\/ipva-2026-veja-datas-de-pagamento-e-como-obter-desconto\/","title":{"rendered":"IPVA 2026: veja datas de pagamento e como obter desconto"},"content":{"rendered":"<div class=\"imais-before-content-placement\" id=\"imais-2488748058\"><script async src=\"\/\/pagead2.googlesyndication.com\/pagead\/js\/adsbygoogle.js?client=ca-pub-8787528412751566\" crossorigin=\"anonymous\"><\/script><ins class=\"adsbygoogle\" style=\"display:block;\" data-ad-client=\"ca-pub-8787528412751566\" \ndata-ad-slot=\"\" \ndata-ad-format=\"auto\"><\/ins>\n<script> \n(adsbygoogle = window.adsbygoogle || []).push({}); \n<\/script>\n<\/div>\n<p class=\"has-text-align-center\">Pagamento do Imposto sobre Propriedades de Ve\u00edculos Automotores come\u00e7a em 12 de janeiro<\/p>\n\n\n\n<p>O Governo de S\u00e3o Paulo liberou o novo calend\u00e1rio para pagamento do<a href=\"https:\/\/www.agenciasp.sp.gov.br\/ipva-governo-de-sp-divulga-calendario-do-pagamento-para-2026\/\">&nbsp;<strong>IPVA 2026<\/strong><\/a>&nbsp;(Imposto sobre Propriedades de Ve\u00edculos Automotores), cujo vencimento, de acordo com o final de cada placa, come\u00e7a em 12 de janeiro.<\/p>\n\n\n\n<p>Para ter direito ao desconto de 3%, o propriet\u00e1rio dever\u00e1 fazer o pagamento \u00e0 vista at\u00e9 a data de vencimento. Quem preferir parcelar deve efetuar o pagamento seguindo as datas previstas, de acordo com o final da placa, mas perder\u00e1 o desconto.<\/p>\n\n\n\n<h2 class=\"wp-block-heading\"><strong>As datas de vencimento \u00e0 vista ou do parcelamento para 2026 s\u00e3o:<\/strong><\/h2>\n\n\n\n<figure class=\"wp-block-table\"><table><tbody><tr><td><strong>PLACA<\/strong><\/td><td><strong>DATA LIMITE<\/strong>&nbsp;<strong>(DIA)<\/strong><\/td><\/tr><tr><td><strong>Final 1<\/strong><\/td><td><strong>12<\/strong><\/td><\/tr><tr><td><strong>Final 2<\/strong><\/td><td><strong>13<\/strong><\/td><\/tr><tr><td><strong>Final 3<\/strong><\/td><td><strong>14<\/strong><\/td><\/tr><tr><td><strong>Final 4<\/strong><\/td><td><strong>15<\/strong><\/td><\/tr><tr><td><strong>Final 5<\/strong><\/td><td><strong>16<\/strong><\/td><\/tr><tr><td><strong>Final 6<\/strong><\/td><td><strong>19<\/strong><\/td><\/tr><tr><td><strong>Final 7<\/strong><\/td><td><strong>20<\/strong><\/td><\/tr><tr><td><strong>Final 8<\/strong><\/td><td><strong>21<\/strong><\/td><\/tr><tr><td><strong>Final 9<\/strong><\/td><td><strong>22<\/strong><\/td><\/tr><tr><td><strong>Final 0<\/strong><\/td><td><strong>23<\/strong><\/td><\/tr><\/tbody><\/table><\/figure>\n\n\n\n<p>Quem optar pelo parcelamento deve efetuar o pagamento de janeiro a maio, nas mesmas datas de vencimento previstas para quem quita em janeiro. A quantidade de parcelas depender\u00e1 do valor do imposto a ser pago. Para dividir em cinco vezes, \u00e9 necess\u00e1rio que o valor do IPVA seja igual ou superior a 10 Unidades Fiscais do Estado de S\u00e3o Paulo (Ufesp). Abaixo disso, at\u00e9 8 unidades, o parcelamento cai para 4 vezes, e depois para tr\u00eas parcelas. Valores abaixo de 6 unidades n\u00e3o podem ser parcelados.&nbsp;&nbsp;<\/p>\n\n\n\n<p>Outra op\u00e7\u00e3o \u00e9 o pagamento \u00e0 vista no m\u00eas de fevereiro, sem desconto, ainda seguindo as datas do final de cada placa.<\/p>\n\n\n\n<h3 class=\"wp-block-heading\"><strong>COMO \u00c9 CALCULADO O IPVA<\/strong><\/h3>\n\n\n\n<p>O c\u00e1lculo do valor a ser pago \u00e9 feito com base no valor venal do ve\u00edculo, cuja tabela \u00e9 atualizada e divulgada anualmente pela Secretaria Estadual da Fazenda (<a href=\"https:\/\/portal.fazenda.sp.gov.br\/Paginas\/default.aspx\" target=\"_blank\" rel=\"noreferrer noopener\">Sefaz-SP<\/a>), multiplicado pela al\u00edquota, que para os carros de passeio \u00e9 de 4%. Motocicletas e \u00f4nibus pagam 2%, e caminh\u00f5es, 1,5%.<\/p>\n\n\n\n<h3 class=\"wp-block-heading\"><strong>LICENCIAMENTO ANTECIPADO<\/strong><\/h3>\n\n\n\n<p>O propriet\u00e1rio que quiser poder\u00e1 antecipar o pagamento do licenciamento de 2026, desde que esteja em dia com o IPVA. A antecipa\u00e7\u00e3o pode ser feita:<\/p>\n\n\n\n<ul class=\"wp-block-list\">\n<li>Em cota \u00fanica, com desconto, at\u00e9 23 de janeiro<\/li>\n\n\n\n<li>Em cota \u00fanica, sem desconto, at\u00e9 23 de fevereiro.<\/li>\n\n\n\n<li>At\u00e9 dia 23 do m\u00eas do vencimento, no caso de pagamento parcelado.<\/li>\n<\/ul>\n\n\n\n<h3 class=\"wp-block-heading\"><strong>CAMINH\u00d5ES<\/strong><\/h3>\n\n\n\n<p>A tabela de pagamento para propriet\u00e1rios de ve\u00edculos de carga \u00e9 diferente. O pagamento pode ser feito, sem desconto, at\u00e9 22 de abril, ou parcelado em at\u00e9 cinco vezes, com data fixada no dia 20 de cada m\u00eas.<\/p>\n\n\n\n<p><strong>COMO \u00c9 FEITO O PAGAMENTO<\/strong><\/p>\n\n\n\n<p>O IPVA pode ser pago pelo internet banking ou diretamente nos caixas 24h apresentando o n\u00famero do Renavam do ve\u00edculo e selecionando a op\u00e7\u00e3o \u00e0 vista ou parcelado.<\/p>\n","protected":false},"excerpt":{"rendered":"<p>Pagamento do Imposto sobre Propriedades de Ve\u00edculos Automotores come\u00e7a em 12 de janeiro O Governo de S\u00e3o Paulo liberou o novo calend\u00e1rio para pagamento do&nbsp;IPVA 2026&nbsp;(Imposto sobre Propriedades de Ve\u00edculos Automotores), cujo vencimento, de acordo com o final de cada placa, come\u00e7a em 12 de janeiro. Para ter direito ao desconto de 3%, o propriet\u00e1rio [&hellip;]<\/p>\n","protected":false},"author":7,"featured_media":29695,"comment_status":"closed","ping_status":"open","sticky":false,"template":"","format":"standard","meta":{"rop_custom_images_group":[],"rop_custom_messages_group":[],"rop_publish_now":"initial","rop_publish_now_accounts":[],"rop_publish_now_history":[],"rop_publish_now_status":"pending","footnotes":""},"categories":[195],"tags":[],"class_list":["post-29694","post","type-post","status-publish","format-standard","has-post-thumbnail","hentry","category-sao-paulo"],"amp_enabled":true,"_links":{"self":[{"href":"https:\/\/imais.online\/portal\/wp-json\/wp\/v2\/posts\/29694","targetHints":{"allow":["GET"]}}],"collection":[{"href":"https:\/\/imais.online\/portal\/wp-json\/wp\/v2\/posts"}],"about":[{"href":"https:\/\/imais.online\/portal\/wp-json\/wp\/v2\/types\/post"}],"author":[{"embeddable":true,"href":"https:\/\/imais.online\/portal\/wp-json\/wp\/v2\/users\/7"}],"replies":[{"embeddable":true,"href":"https:\/\/imais.online\/portal\/wp-json\/wp\/v2\/comments?post=29694"}],"version-history":[{"count":1,"href":"https:\/\/imais.online\/portal\/wp-json\/wp\/v2\/posts\/29694\/revisions"}],"predecessor-version":[{"id":29696,"href":"https:\/\/imais.online\/portal\/wp-json\/wp\/v2\/posts\/29694\/revisions\/29696"}],"wp:featuredmedia":[{"embeddable":true,"href":"https:\/\/imais.online\/portal\/wp-json\/wp\/v2\/media\/29695"}],"wp:attachment":[{"href":"https:\/\/imais.online\/portal\/wp-json\/wp\/v2\/media?parent=29694"}],"wp:term":[{"taxonomy":"category","embeddable":true,"href":"https:\/\/imais.online\/portal\/wp-json\/wp\/v2\/categories?post=29694"},{"taxonomy":"post_tag","embeddable":true,"href":"https:\/\/imais.online\/portal\/wp-json\/wp\/v2\/tags?post=29694"}],"curies":[{"name":"wp","href":"https:\/\/api.w.org\/{rel}","templated":true}]}}