{"id":29709,"date":"2025-11-18T20:13:21","date_gmt":"2025-11-18T23:13:21","guid":{"rendered":"https:\/\/imais.online\/portal\/?p=29709"},"modified":"2025-11-18T20:41:22","modified_gmt":"2025-11-18T23:41:22","slug":"feriado-d-deve-movimentar-mais-de-18-milhoes-de-veiculos-nas-rodovias-estaduais","status":"publish","type":"post","link":"https:\/\/imais.online\/portal\/feriado-d-deve-movimentar-mais-de-18-milhoes-de-veiculos-nas-rodovias-estaduais\/","title":{"rendered":"Feriado deve movimentar mais de 18 milh\u00f5es de ve\u00edculos nas rodovias estaduais"},"content":{"rendered":"<div class=\"imais-before-content-placement\" id=\"imais-23233022\"><script async src=\"\/\/pagead2.googlesyndication.com\/pagead\/js\/adsbygoogle.js?client=ca-pub-8787528412751566\" crossorigin=\"anonymous\"><\/script><ins class=\"adsbygoogle\" style=\"display:block;\" data-ad-client=\"ca-pub-8787528412751566\" \ndata-ad-slot=\"\" \ndata-ad-format=\"auto\"><\/ins>\n<script> \n(adsbygoogle = window.adsbygoogle || []).push({}); \n<\/script>\n<\/div>\n<p class=\"has-text-align-center\">Motorista poder\u00e1 acompanhar o tr\u00e1fego de cada uma das rodovias em tempo real, no portal do Centro de Controle Multimodal da Artesp, para evitar congestionamentos.<\/p>\n\n\n\n<p>O feriado prolongado do Dia da Consci\u00eancia Negra, de 20 a 23 de novembro, deve intensificar o movimento nas rodovias concedidas do Estado de S\u00e3o Paulo. A&nbsp;<a href=\"https:\/\/www.artesp.sp.gov.br\/artesp\" target=\"_blank\" rel=\"noreferrer noopener\">proje\u00e7\u00e3o<\/a>&nbsp;indica que mais de 18,1 milh\u00f5es de ve\u00edculos devem circular pelos corredores que ligam a capital, o interior e o litoral durante o per\u00edodo.<\/p>\n\n\n\n<p>No Sistema Anchieta-Imigrantes (SAI), administrado pela Ecovias, a estimativa \u00e9 de pouco mais de 600 mil ve\u00edculos. Para garantir a fluidez, a concession\u00e1ria refor\u00e7ar\u00e1 equipes de inspe\u00e7\u00e3o, guinchos e viaturas de atendimento. Conforme a demanda, poder\u00e3o ser implantadas opera\u00e7\u00f5es especiais na Serra, como as configura\u00e7\u00f5es 7\u00d73 e 2\u00d78, que ampliam a capacidade no sentido de maior fluxo.<\/p>\n\n\n\n<p>O Sistema Anhanguera\u2013Bandeirantes, sob gest\u00e3o da AutoBan, deve receber 3,1 milh\u00f5es ve\u00edculos. J\u00e1 o Sistema Castello\u2013Raposo, operado pela Ecovias Raposo Castello, prev\u00ea a circula\u00e7\u00e3o de 1,6 mi ve\u00edculos, um dos maiores volumes projetados no interior.<\/p>\n\n\n\n<p>No Corredor Ayrton Senna\/Carvalho Pinto, administrado pela Ecovias Leste Paulista, s\u00e3o esperados 1,3 mi ve\u00edculos.<\/p>\n\n\n\n<p>A Rodovia dos Tamoios deve receber cerca de 378 mil ve\u00edculos, com opera\u00e7\u00e3o refor\u00e7ada e manuten\u00e7\u00e3o do esquema com duas faixas para subida e duas para descida.<\/p>\n\n\n\n<p>A Concession\u00e1ria Novo Litoral (CNL), que atua nas rodovias SP-088 (Mogi\/Dutra), SP-098 (Mogi\/Bertioga), SP-055 (Riviera\/Santos), SP-055 (Praia Grande\/Miracatu), SPA-291 (Via Expressa Sul) e SPA-344 (Rodovia Coronel Rodolpho Petten\u00e1), estima a passagem de 170 mil ve\u00edculos ao longo do feriado.<\/p>\n\n\n\n<h3 class=\"wp-block-heading\"><strong>Rodoanel<\/strong><\/h3>\n\n\n\n<p>O Rodoanel M\u00e1rio Covas deve registrar um fluxo superior a 2,2 milh\u00f5es de ve\u00edculos, considerando os trechos Oeste (1.4 mi) e Sul\/Leste (743 mil).<\/p>\n\n\n\n<h3 class=\"wp-block-heading\"><strong>Opera\u00e7\u00e3o e seguran\u00e7a<\/strong><\/h3>\n\n\n\n<p>Para atender ao aumento de circula\u00e7\u00e3o, todas as concession\u00e1rias mobilizar\u00e3o equipes completas de Atendimento ao Usu\u00e1rio, Centros de Controle Operacional (CCO) e Pra\u00e7as de Ped\u00e1gio, que operar\u00e3o com capacidade total. Em hor\u00e1rios de pico, podem ser acionados papa-filas para agilizar a passagem.<\/p>\n\n\n\n<p>Obras ser\u00e3o suspensas nos per\u00edodos de maior fluxo, evitando interfer\u00eancias no tr\u00e2nsito. O monitoramento das rodovias ser\u00e1 realizado 24 horas por dia, de forma integrada com o Policiamento Rodovi\u00e1rio.<\/p>\n\n\n\n<p>\u201cEstamos diante de um dos feriados mais movimentados do ano e o volume previsto demonstra a import\u00e2ncia do planejamento operacional. Ampliamos recursos para garantir que o usu\u00e1rio tenha uma viagem segura, bem assistida e com o m\u00ednimo de interfer\u00eancias. \u00c9 um trabalho integrado, pensado para que as rodovias estejam preparadas para atender o aumento expressivo do tr\u00e1fego durante todo o per\u00edodo\u201d, pontua o diretor-presidente Andr\u00e9 Isper.<\/p>\n\n\n\n<p>O motorista que vai trafegar pelas rodovias concessionadas do estado podem acessar o site do Centro de Controle Multimodal da Artesp para acompanhar o tr\u00e1fego (cci.artesp.sp.gov.br).<\/p>\n\n\n\n<h3 class=\"wp-block-heading\"><strong>Ped\u00e1gio eletr\u00f4nico (Siga F\u00e1cil)<\/strong><\/h3>\n\n\n\n<p>Nos trechos com o sistema de ped\u00e1gio eletr\u00f4nico, o pagamento pode ser realizado automaticamente por tag ou, para quem n\u00e3o utiliza o dispositivo, por meio da leitura da placa. O motorista tem at\u00e9 30 dias para efetuar o pagamento, dispon\u00edvel pela plataforma Siga F\u00e1cil ou pelos canais digitais das concession\u00e1rias. O n\u00e3o pagamento dentro do prazo constitui infra\u00e7\u00e3o de tr\u00e2nsito, conforme resolu\u00e7\u00e3o federal do Contran. Para consultar seus d\u00e9bitos, acesse https:\/\/www.sigafacil.sp.gov.br\/<\/p>\n","protected":false},"excerpt":{"rendered":"<p>Motorista poder\u00e1 acompanhar o tr\u00e1fego de cada uma das rodovias em tempo real, no portal do Centro de Controle Multimodal da Artesp, para evitar congestionamentos. O feriado prolongado do Dia da Consci\u00eancia Negra, de 20 a 23 de novembro, deve intensificar o movimento nas rodovias concedidas do Estado de S\u00e3o Paulo. A&nbsp;proje\u00e7\u00e3o&nbsp;indica que mais de [&hellip;]<\/p>\n","protected":false},"author":7,"featured_media":29710,"comment_status":"closed","ping_status":"open","sticky":false,"template":"","format":"standard","meta":{"rop_custom_images_group":[],"rop_custom_messages_group":[],"rop_publish_now":"initial","rop_publish_now_accounts":[],"rop_publish_now_history":[],"rop_publish_now_status":"pending","footnotes":""},"categories":[195],"tags":[73],"class_list":["post-29709","post","type-post","status-publish","format-standard","has-post-thumbnail","hentry","category-sao-paulo","tag-featured"],"amp_enabled":true,"_links":{"self":[{"href":"https:\/\/imais.online\/portal\/wp-json\/wp\/v2\/posts\/29709","targetHints":{"allow":["GET"]}}],"collection":[{"href":"https:\/\/imais.online\/portal\/wp-json\/wp\/v2\/posts"}],"about":[{"href":"https:\/\/imais.online\/portal\/wp-json\/wp\/v2\/types\/post"}],"author":[{"embeddable":true,"href":"https:\/\/imais.online\/portal\/wp-json\/wp\/v2\/users\/7"}],"replies":[{"embeddable":true,"href":"https:\/\/imais.online\/portal\/wp-json\/wp\/v2\/comments?post=29709"}],"version-history":[{"count":2,"href":"https:\/\/imais.online\/portal\/wp-json\/wp\/v2\/posts\/29709\/revisions"}],"predecessor-version":[{"id":29712,"href":"https:\/\/imais.online\/portal\/wp-json\/wp\/v2\/posts\/29709\/revisions\/29712"}],"wp:featuredmedia":[{"embeddable":true,"href":"https:\/\/imais.online\/portal\/wp-json\/wp\/v2\/media\/29710"}],"wp:attachment":[{"href":"https:\/\/imais.online\/portal\/wp-json\/wp\/v2\/media?parent=29709"}],"wp:term":[{"taxonomy":"category","embeddable":true,"href":"https:\/\/imais.online\/portal\/wp-json\/wp\/v2\/categories?post=29709"},{"taxonomy":"post_tag","embeddable":true,"href":"https:\/\/imais.online\/portal\/wp-json\/wp\/v2\/tags?post=29709"}],"curies":[{"name":"wp","href":"https:\/\/api.w.org\/{rel}","templated":true}]}}