{"id":29726,"date":"2025-11-20T15:01:10","date_gmt":"2025-11-20T18:01:10","guid":{"rendered":"https:\/\/imais.online\/portal\/?p=29726"},"modified":"2025-11-20T15:01:11","modified_gmt":"2025-11-20T18:01:11","slug":"incendio-atinge-pavilhao-da-cop30-em-belem","status":"publish","type":"post","link":"https:\/\/imais.online\/portal\/incendio-atinge-pavilhao-da-cop30-em-belem\/","title":{"rendered":"Inc\u00eandio atinge pavilh\u00e3o da COP30, em Bel\u00e9m"},"content":{"rendered":"<div class=\"imais-before-content-placement\" id=\"imais-2903708172\"><script async src=\"\/\/pagead2.googlesyndication.com\/pagead\/js\/adsbygoogle.js?client=ca-pub-8787528412751566\" crossorigin=\"anonymous\"><\/script><ins class=\"adsbygoogle\" style=\"display:block;\" data-ad-client=\"ca-pub-8787528412751566\" \ndata-ad-slot=\"\" \ndata-ad-format=\"auto\"><\/ins>\n<script> \n(adsbygoogle = window.adsbygoogle || []).push({}); \n<\/script>\n<\/div>\n<p class=\"has-text-align-center\">Chamas come\u00e7aram na \u00e1rea da Blue Zone<\/p>\n\n\n\n<p>Um inc\u00eandio atingiu a \u00e1rea da Blue Zone da\u00a0Confer\u00eancia das Na\u00e7\u00f5es Unidas sobre Mudan\u00e7as Clim\u00e1ticas (COP30), em Bel\u00e9m. N\u00e3o h\u00e1 informa\u00e7\u00f5es sobre feridos e o p\u00fablico foi evacuado do local.\u00a0<img decoding=\"async\" src=\"https:\/\/agenciabrasil.ebc.com.br\/ebc.png?id=1668811&amp;o=node\"><img decoding=\"async\" src=\"https:\/\/agenciabrasil.ebc.com.br\/ebc.gif?id=1668811&amp;o=node\"><\/p>\n\n\n\n<p>As atividades do evento, que est\u00e1 na fase final de negocia\u00e7\u00e3o, foram temporariamente suspensa.<\/p>\n\n\n\n<p>O ministro do Turismo, Celso Sabino, disse que as primeiras informa\u00e7\u00f5es indicam que o fogo come\u00e7ou na \u00e1rea do stand da China. Segundo ele, as lonas do pavilh\u00e3o s\u00e3o anti-chamas, o que impediu a propaga\u00e7\u00e3o do fogo.&nbsp;<\/p>\n\n\n\n<blockquote class=\"wp-block-quote is-layout-flow wp-block-quote-is-layout-flow\">\n<p>&#8220;Em breve vamos saber se os trabalhos recome\u00e7ar\u00e3o aqui na Blue Zone ainda hoje ou a partir de amanh\u00e3&#8221;, destacou Sabino.<\/p>\n<\/blockquote>\n\n\n\n<p>De acordo com o ministro, n\u00e3o h\u00e1 feridos.&nbsp;<\/p>\n","protected":false},"excerpt":{"rendered":"<p>Chamas come\u00e7aram na \u00e1rea da Blue Zone Um inc\u00eandio atingiu a \u00e1rea da Blue Zone da\u00a0Confer\u00eancia das Na\u00e7\u00f5es Unidas sobre Mudan\u00e7as Clim\u00e1ticas (COP30), em Bel\u00e9m. N\u00e3o h\u00e1 informa\u00e7\u00f5es sobre feridos e o p\u00fablico foi evacuado do local.\u00a0 As atividades do evento, que est\u00e1 na fase final de negocia\u00e7\u00e3o, foram temporariamente suspensa. O ministro do Turismo, [&hellip;]<\/p>\n","protected":false},"author":7,"featured_media":29727,"comment_status":"closed","ping_status":"open","sticky":false,"template":"","format":"standard","meta":{"rop_custom_images_group":[],"rop_custom_messages_group":[],"rop_publish_now":"initial","rop_publish_now_accounts":[],"rop_publish_now_history":[],"rop_publish_now_status":"pending","footnotes":""},"categories":[189],"tags":[73],"class_list":["post-29726","post","type-post","status-publish","format-standard","has-post-thumbnail","hentry","category-brasil","tag-featured"],"amp_enabled":true,"_links":{"self":[{"href":"https:\/\/imais.online\/portal\/wp-json\/wp\/v2\/posts\/29726","targetHints":{"allow":["GET"]}}],"collection":[{"href":"https:\/\/imais.online\/portal\/wp-json\/wp\/v2\/posts"}],"about":[{"href":"https:\/\/imais.online\/portal\/wp-json\/wp\/v2\/types\/post"}],"author":[{"embeddable":true,"href":"https:\/\/imais.online\/portal\/wp-json\/wp\/v2\/users\/7"}],"replies":[{"embeddable":true,"href":"https:\/\/imais.online\/portal\/wp-json\/wp\/v2\/comments?post=29726"}],"version-history":[{"count":1,"href":"https:\/\/imais.online\/portal\/wp-json\/wp\/v2\/posts\/29726\/revisions"}],"predecessor-version":[{"id":29728,"href":"https:\/\/imais.online\/portal\/wp-json\/wp\/v2\/posts\/29726\/revisions\/29728"}],"wp:featuredmedia":[{"embeddable":true,"href":"https:\/\/imais.online\/portal\/wp-json\/wp\/v2\/media\/29727"}],"wp:attachment":[{"href":"https:\/\/imais.online\/portal\/wp-json\/wp\/v2\/media?parent=29726"}],"wp:term":[{"taxonomy":"category","embeddable":true,"href":"https:\/\/imais.online\/portal\/wp-json\/wp\/v2\/categories?post=29726"},{"taxonomy":"post_tag","embeddable":true,"href":"https:\/\/imais.online\/portal\/wp-json\/wp\/v2\/tags?post=29726"}],"curies":[{"name":"wp","href":"https:\/\/api.w.org\/{rel}","templated":true}]}}