{"id":29732,"date":"2025-11-21T21:13:48","date_gmt":"2025-11-22T00:13:48","guid":{"rendered":"https:\/\/imais.online\/portal\/?p=29732"},"modified":"2025-11-21T21:13:48","modified_gmt":"2025-11-22T00:13:48","slug":"instituto-butantan-firma-parceria-para-desenvolver-terapia-de-anticorpos-pioneira-contra-febre-amarela","status":"publish","type":"post","link":"https:\/\/imais.online\/portal\/instituto-butantan-firma-parceria-para-desenvolver-terapia-de-anticorpos-pioneira-contra-febre-amarela\/","title":{"rendered":"Instituto Butantan firma parceria para desenvolver terapia de anticorpos pioneira contra febre amarela"},"content":{"rendered":"<div class=\"imais-before-content-placement\" id=\"imais-140474354\"><script async src=\"\/\/pagead2.googlesyndication.com\/pagead\/js\/adsbygoogle.js?client=ca-pub-8787528412751566\" crossorigin=\"anonymous\"><\/script><ins class=\"adsbygoogle\" style=\"display:block;\" data-ad-client=\"ca-pub-8787528412751566\" \ndata-ad-slot=\"\" \ndata-ad-format=\"auto\"><\/ins>\n<script> \n(adsbygoogle = window.adsbygoogle || []).push({}); \n<\/script>\n<\/div>\n<p class=\"has-text-align-center\">Medicamento MBL-YFV-01 ser\u00e1 indicado como tratamento da doen\u00e7a para moradores de \u00e1reas end\u00eamicas que n\u00e3o foram vacinados e acabaram sendo infectados<\/p>\n\n\n\n<p>Com o objetivo de aprimorar seu portf\u00f3lio de produtos imunobiol\u00f3gicos, com foco especial em doen\u00e7as negligenciadas e infecciosas, o Instituto Butantan firmou uma parceria estrat\u00e9gica com a empresa de biotecnologia Mabloc, sediada em Washington, nos Estados Unidos, para co-desenvolver e fabricar o MBL-YFV-01 \u2014 uma terapia inovadora com anticorpos monoclonais para infec\u00e7\u00e3o pelo v\u00edrus da&nbsp;<a href=\"https:\/\/www.agenciasp.sp.gov.br\/febre-amarela-duvidas-sobre-a-doenca\/\">febre amarela<\/a>&nbsp;(YFV).<\/p>\n\n\n\n<p>O medicamento MBL-YFV-01 ser\u00e1 indicado como tratamento da doen\u00e7a para moradores de \u00e1reas end\u00eamicas que n\u00e3o foram vacinados e acabaram sendo infectados.<\/p>\n\n\n\n<p>A parceria ocorre em meio \u00e0 escalada de surtos de febre amarela no Brasil, incluindo casos humanos confirmados em S\u00e3o Paulo, Minas Gerais e Esp\u00edrito Santo. Apesar da disponibilidade de uma vacina viva atenuada, milh\u00f5es de pessoas permanecem em risco devido \u00e0 baixa imuniza\u00e7\u00e3o. Uma op\u00e7\u00e3o terap\u00eautica p\u00f3s-exposi\u00e7\u00e3o continua sendo uma necessidade m\u00e9dica.<\/p>\n\n\n\n<p>\u201cEnquanto o mercado tradicional se concentra em terapias de alto retorno financeiro, o Butantan direciona seus esfor\u00e7os para onde a necessidade \u00e9 maior \u2014 desenvolver anticorpos monoclonais, medicamentos altamente eficazes, mas de custo elevado, reafirmando nosso compromisso de transformar pesquisa em impacto social e colocar a sa\u00fade p\u00fablica acima de qualquer interesse econ\u00f4mico\u201d, afirma o diretor de Inova\u00e7\u00e3o e Licenciamento de Tecnologia do Instituto Butantan, Cristiano Gon\u00e7alves.<\/p>\n\n\n\n<p>A Mabloc, empresa de biotecnologia impulsionada por intelig\u00eancia artificial, que desenvolve terapias com anticorpos monoclonais para doen\u00e7as infecciosas, det\u00e9m licen\u00e7as e patentes relacionadas a anticorpos monoclonais altamente espec\u00edficos com grande capacidade de neutraliza\u00e7\u00e3o viral.&nbsp;<\/p>\n\n\n\n<p>O MBL-YFV-01 \u00e9 um&nbsp;<a href=\"https:\/\/butantan.gov.br\/covid\/butantan-tira-duvida\/tira-duvida-noticias\/o-que-sao-anticorpos-monoclonais-e-como-sua-tecnologia-evolui-para-tratamentos-de-doencas-graves\" target=\"_blank\" rel=\"noreferrer noopener\">anticorpo monoclonal humano<\/a>&nbsp;descoberto por meio da plataforma BRAID\u2122, de propriedade da Mabloc, que utiliza intelig\u00eancia artificial para identificar e otimizar rapidamente potenciais anticorpos. Em um estudo com modelos animais publicado em 2023 na&nbsp;<em>Science Translational Medicine<\/em>, uma dose \u00fanica de 50 mg\/kg de MBL-YFV-01 controlou totalmente a viremia e preveniu a doen\u00e7a grave e a morte.<\/p>\n\n\n\n<p>\u201cA capacidade de intervir durante a fase aguda da doen\u00e7a, com risco de vida, \u00e9 o que torna o MBL-YFV-01 \u00fanico. Embora a vacina\u00e7\u00e3o proteja a maioria da popula\u00e7\u00e3o, ainda h\u00e1 locais onde a imuniza\u00e7\u00e3o n\u00e3o \u00e9 largamente acess\u00edvel\u201d, afirma o diretor de Desenvolvimento de Produtos da Mabloc, Michael Ricciardi. \u201cCom a comprovada capacidade do Butantan de fabrica\u00e7\u00e3o de produtos biol\u00f3gicos e de ensaios cl\u00ednicos, esta parceria nos permite responder rapidamente a surtos reais e levar uma terapia extremamente necess\u00e1ria \u00e0s m\u00e3os de m\u00e9dicos e pacientes. Este ser\u00e1 o primeiro medicamento espec\u00edfico para o tratamento da febre amarela\u201d, ressalta.<\/p>\n\n\n\n<p>Os&nbsp;<a href=\"https:\/\/butantan.gov.br\/covid\/butantan-tira-duvida\/tira-duvida-noticias\/o-que-sao-anticorpos-monoclonais-e-como-sua-tecnologia-evolui-para-tratamentos-de-doencas-graves\" target=\"_blank\" rel=\"noreferrer noopener\">anticorpos monoclonais<\/a>&nbsp;(mAbs) s\u00e3o uma classe de medicamentos produzidos a partir de diferentes tecnologias que identificam uma sequ\u00eancia gen\u00e9tica e tratam uma variedade de doen\u00e7as infecciosas, autoimunes e cancer\u00edgenas com efeitos colaterais m\u00ednimos ou inexistentes. O Butantan possui um Laborat\u00f3rio de Biof\u00e1rmacos que estuda novos anticorpos monoclonais e uma f\u00e1brica onde podem ser produzidos diferentes anticorpos monoclonais.<\/p>\n\n\n\n<h2 class=\"wp-block-heading\"><strong>Termos da Parceria<\/strong><\/h2>\n\n\n\n<p>O acordo estabelece a concess\u00e3o de uma licen\u00e7a exclusiva ao Butantan para o desenvolvimento do anticorpo monoclonal contra a febre amarela, bem como para sua futura comercializa\u00e7\u00e3o em pa\u00edses de baixa e m\u00e9dia renda.<\/p>\n\n\n\n<p>\u201cAnticorpos monoclonais s\u00e3o medicamentos inovadores e altamente espec\u00edficos, cuja relev\u00e2ncia para preven\u00e7\u00e3o e tratamento de doen\u00e7as infecciosas tem crescido nos \u00faltimos anos. Desenvolver este produto passando por toda a rota tecnol\u00f3gica, n\u00e3o s\u00f3 se alinha com a miss\u00e3o do Butantan, como tamb\u00e9m gera muito aprendizado e compet\u00eancia t\u00e9cnica para o pa\u00eds por meio do investimento em P&amp;D de \u00e1reas pouco exploradas pela ind\u00fastria \u2013 o que reafirma nosso compromisso de transformar ci\u00eancia em impacto social entregando mais uma solu\u00e7\u00e3o em benef\u00edcio da sa\u00fade p\u00fablica\u201d, complementa Cristiano Gon\u00e7alves.\u00a0<\/p>\n\n\n\n<h2 class=\"wp-block-heading\"><strong>Import\u00e2ncia Cl\u00ednica&nbsp;<\/strong><\/h2>\n\n\n\n<p>Um estudo de 2019 com pacientes de febre amarela, publicado no&nbsp;<em>The Lancet Infectious Diseases<\/em>, demonstrou que a alta carga viral poderia ser uma vari\u00e1vel preditora independente de mortalidade. Segundo a pesquisa, 100% dos pacientes investigados com alta carga viral e contagens elevadas de neutr\u00f3filos morreram durante a hospitaliza\u00e7\u00e3o. O MBL-YFV-01 reduz a carga viral e pode oferecer uma maneira de diminuir as mortes em casos graves.<\/p>\n\n\n\n<p>\u201cCom o MBL-YFV-01, finalmente teremos o potencial de atingir diretamente o v\u00edrus e dar aos pacientes muito doentes uma chance real de sobreviv\u00eancia\u201d, completa Cristiano.<\/p>\n\n\n\n<h2 class=\"wp-block-heading\"><strong>Situa\u00e7\u00e3o da febre amarela no Brasil<\/strong><\/h2>\n\n\n\n<p>A febre amarela \u00e9 causada por um v\u00edrus transmitido por mosquitos e tem dois ciclos de transmiss\u00e3o: urbano e silvestre. De acordo com a&nbsp;Organiza\u00e7\u00e3o Pan-Americana da Sa\u00fade&nbsp;(OPAS), h\u00e1 47 pa\u00edses end\u00eamicos ou com regi\u00f5es end\u00eamicas de febre amarela, 34 dos quais na \u00c1frica e 13 na Am\u00e9rica Central e do Sul. Um&nbsp;estudo&nbsp;modelo baseado em fontes de dados do continente africano estima que, em 2013, houve entre 84 mil e 170 mil casos graves e entre 29 mil e 60 mil mortes por febre amarela naquela regi\u00e3o.<\/p>\n\n\n\n<p>Em 2025, a OPAS alertou para um aumento de casos humanos de febre amarela em pa\u00edses das Am\u00e9ricas, incluindo a identifica\u00e7\u00e3o de ocorr\u00eancias fora da regi\u00e3o amaz\u00f4nica, em seu&nbsp;Alerta Epidemiol\u00f3gico Febre Amarela na Regi\u00e3o das Am\u00e9ricas. Dos 235 casos e 96 mortes por febre amarela notificados em cinco pa\u00edses das Am\u00e9ricas at\u00e9 maio deste ano, representando uma taxa de letalidade de 41%, 111 casos e 44 mortes ocorreram no Brasil, o maior percentual na regi\u00e3o.<\/p>\n\n\n\n<p>\u201cEm 2024, casos humanos de febre amarela foram notificados principalmente na regi\u00e3o amaz\u00f4nica da Bol\u00edvia, Brasil, Col\u00f4mbia, Guiana e Peru. Em 2025, no entanto, os casos foram detectados principalmente no estado de S\u00e3o Paulo e no departamento de Tolima, na Col\u00f4mbia, regi\u00f5es fora da regi\u00e3o amaz\u00f4nica de ambos os pa\u00edses\u201d, destaca o documento da OPAS.<\/p>\n\n\n\n<p>No Brasil, o ciclo da doen\u00e7a \u00e9 atualmente silvestre, transmitido por mosquitos dos g\u00eaneros Haemagogus e Sabethes. Os \u00faltimos casos registrados de febre amarela urbana no Brasil datam de 1942, e todos os casos confirmados desde ent\u00e3o se devem ao ciclo de transmiss\u00e3o silvestre,&nbsp;segundo o Minist\u00e9rio da Sa\u00fade.<\/p>\n\n\n\n<p>Os sintomas mais comuns da febre amarela s\u00e3o dores no corpo e de cabe\u00e7a, n\u00e1useas, febre, perda de apetite e v\u00f4mitos, que desaparecem em 3 a 4 dias. Em m\u00e9dia, 20% dos casos podem evoluir para uma forma grave, com sintomas como pele e fundo dos olhos amarelados, urina escura, dor abdominal e v\u00f4mito com sangue, segundo a&nbsp;OPAS.<\/p>\n\n\n\n<p>A vacina\u00e7\u00e3o \u00e9 a principal ferramenta de preven\u00e7\u00e3o da doen\u00e7a e, no Brasil, \u00e9 oferecida pelo Sistema \u00danico de Sa\u00fade (SUS) a toda a popula\u00e7\u00e3o.<\/p>\n\n\n\n<p>A OPAS alerta que viajantes que visitam regi\u00f5es end\u00eamicas podem, ocasionalmente, trazer febre amarela para outros pa\u00edses livres da doen\u00e7a. Para evitar a importa\u00e7\u00e3o da doen\u00e7a, muitos pa\u00edses exigem comprovante de vacina\u00e7\u00e3o contra a doen\u00e7a antes da emiss\u00e3o de vistos, principalmente para viajantes provenientes ou que visitaram essas \u00e1reas.<\/p>\n\n\n\n<p><\/p>\n","protected":false},"excerpt":{"rendered":"<p>Medicamento MBL-YFV-01 ser\u00e1 indicado como tratamento da doen\u00e7a para moradores de \u00e1reas end\u00eamicas que n\u00e3o foram vacinados e acabaram sendo infectados Com o objetivo de aprimorar seu portf\u00f3lio de produtos imunobiol\u00f3gicos, com foco especial em doen\u00e7as negligenciadas e infecciosas, o Instituto Butantan firmou uma parceria estrat\u00e9gica com a empresa de biotecnologia Mabloc, sediada em Washington, [&hellip;]<\/p>\n","protected":false},"author":7,"featured_media":29733,"comment_status":"closed","ping_status":"open","sticky":false,"template":"","format":"standard","meta":{"rop_custom_images_group":[],"rop_custom_messages_group":[],"rop_publish_now":"initial","rop_publish_now_accounts":[],"rop_publish_now_history":[],"rop_publish_now_status":"pending","footnotes":""},"categories":[195],"tags":[],"class_list":["post-29732","post","type-post","status-publish","format-standard","has-post-thumbnail","hentry","category-sao-paulo"],"amp_enabled":true,"_links":{"self":[{"href":"https:\/\/imais.online\/portal\/wp-json\/wp\/v2\/posts\/29732","targetHints":{"allow":["GET"]}}],"collection":[{"href":"https:\/\/imais.online\/portal\/wp-json\/wp\/v2\/posts"}],"about":[{"href":"https:\/\/imais.online\/portal\/wp-json\/wp\/v2\/types\/post"}],"author":[{"embeddable":true,"href":"https:\/\/imais.online\/portal\/wp-json\/wp\/v2\/users\/7"}],"replies":[{"embeddable":true,"href":"https:\/\/imais.online\/portal\/wp-json\/wp\/v2\/comments?post=29732"}],"version-history":[{"count":1,"href":"https:\/\/imais.online\/portal\/wp-json\/wp\/v2\/posts\/29732\/revisions"}],"predecessor-version":[{"id":29734,"href":"https:\/\/imais.online\/portal\/wp-json\/wp\/v2\/posts\/29732\/revisions\/29734"}],"wp:featuredmedia":[{"embeddable":true,"href":"https:\/\/imais.online\/portal\/wp-json\/wp\/v2\/media\/29733"}],"wp:attachment":[{"href":"https:\/\/imais.online\/portal\/wp-json\/wp\/v2\/media?parent=29732"}],"wp:term":[{"taxonomy":"category","embeddable":true,"href":"https:\/\/imais.online\/portal\/wp-json\/wp\/v2\/categories?post=29732"},{"taxonomy":"post_tag","embeddable":true,"href":"https:\/\/imais.online\/portal\/wp-json\/wp\/v2\/tags?post=29732"}],"curies":[{"name":"wp","href":"https:\/\/api.w.org\/{rel}","templated":true}]}}