{"id":29735,"date":"2025-11-22T07:58:05","date_gmt":"2025-11-22T10:58:05","guid":{"rendered":"https:\/\/imais.online\/portal\/?p=29735"},"modified":"2025-11-22T07:58:05","modified_gmt":"2025-11-22T10:58:05","slug":"bolsonaro-e-preso-preventivamente-pela-policia-federal-em-brasilia","status":"publish","type":"post","link":"https:\/\/imais.online\/portal\/bolsonaro-e-preso-preventivamente-pela-policia-federal-em-brasilia\/","title":{"rendered":"Bolsonaro \u00e9 preso preventivamente pela Pol\u00edcia Federal em Bras\u00edlia"},"content":{"rendered":"<div class=\"imais-before-content-placement\" id=\"imais-3426977136\"><script async src=\"\/\/pagead2.googlesyndication.com\/pagead\/js\/adsbygoogle.js?client=ca-pub-8787528412751566\" crossorigin=\"anonymous\"><\/script><ins class=\"adsbygoogle\" style=\"display:block;\" data-ad-client=\"ca-pub-8787528412751566\" \ndata-ad-slot=\"\" \ndata-ad-format=\"auto\"><\/ins>\n<script> \n(adsbygoogle = window.adsbygoogle || []).push({}); \n<\/script>\n<\/div>\n<p>O ex-presidente Jair Bolsonaro (PL) foi preso preventivamente na manh\u00e3 deste s\u00e1bado (22) pela Pol\u00edcia Federal (PF), em Bras\u00edlia. A pris\u00e3o, determinada pelo Supremo Tribunal Federal (STF), n\u00e3o est\u00e1 diretamente ligada \u00e0 sua condena\u00e7\u00e3o anterior por tentativa de golpe de Estado, mas sim a uma medida cautelar para garantia da ordem p\u00fablica.<\/p>\n\n\n\n<p>A decis\u00e3o do STF, a pedido da PF, ocorreu ap\u00f3s o senador Fl\u00e1vio Bolsonaro (PL-RJ) convocar uma vig\u00edlia em frente \u00e0 resid\u00eancia do ex-presidente na noite de sexta-feira (21). Fontes da PF indicaram que o ato foi avaliado como um risco \u00e0 seguran\u00e7a dos participantes e dos agentes policiais, motivando a decreta\u00e7\u00e3o da pris\u00e3o preventiva.<\/p>\n\n\n\n<p>Bolsonaro, que j\u00e1 estava em pris\u00e3o domiciliar desde agosto por descumprimento de medidas cautelares, foi detido em sua casa e levado para a Superintend\u00eancia da PF no Distrito Federal. Ele foi encaminhado para uma &#8220;Sala de Estado&#8221;, um espa\u00e7o reservado para autoridades.<\/p>\n\n\n\n<p>A defesa do ex-presidente, que na v\u00e9spera havia solicitado ao STF a convers\u00e3o de sua pena em pris\u00e3o domiciliar humanit\u00e1ria por quest\u00f5es de sa\u00fade, ainda n\u00e3o havia sido formalmente notificada da pris\u00e3o no momento da deten\u00e7\u00e3o. A not\u00edcia gerou rea\u00e7\u00f5es imediatas no cen\u00e1rio pol\u00edtico, com parlamentares aliados classificando a medida como um &#8220;absurdo&#8221;.<\/p>\n\n\n\n<p>A pris\u00e3o preventiva \u00e9 uma medida sem prazo fixo e deve ser reavaliada periodicamente pela Justi\u00e7a. O ex-presidente havia sido condenado a 27 anos e 3 meses de pris\u00e3o por tentativa de golpe de Estado em setembro, mas a senten\u00e7a ainda est\u00e1 em fase de recursos.<\/p>\n","protected":false},"excerpt":{"rendered":"<p>O ex-presidente Jair Bolsonaro (PL) foi preso preventivamente na manh\u00e3 deste s\u00e1bado (22) pela Pol\u00edcia Federal (PF), em Bras\u00edlia. A pris\u00e3o, determinada pelo Supremo Tribunal Federal (STF), n\u00e3o est\u00e1 diretamente ligada \u00e0 sua condena\u00e7\u00e3o anterior por tentativa de golpe de Estado, mas sim a uma medida cautelar para garantia da ordem p\u00fablica. A decis\u00e3o do [&hellip;]<\/p>\n","protected":false},"author":7,"featured_media":29736,"comment_status":"closed","ping_status":"open","sticky":false,"template":"","format":"standard","meta":{"rop_custom_images_group":[],"rop_custom_messages_group":[],"rop_publish_now":"initial","rop_publish_now_accounts":[],"rop_publish_now_history":[],"rop_publish_now_status":"pending","footnotes":""},"categories":[189],"tags":[73],"class_list":["post-29735","post","type-post","status-publish","format-standard","has-post-thumbnail","hentry","category-brasil","tag-featured"],"amp_enabled":true,"_links":{"self":[{"href":"https:\/\/imais.online\/portal\/wp-json\/wp\/v2\/posts\/29735","targetHints":{"allow":["GET"]}}],"collection":[{"href":"https:\/\/imais.online\/portal\/wp-json\/wp\/v2\/posts"}],"about":[{"href":"https:\/\/imais.online\/portal\/wp-json\/wp\/v2\/types\/post"}],"author":[{"embeddable":true,"href":"https:\/\/imais.online\/portal\/wp-json\/wp\/v2\/users\/7"}],"replies":[{"embeddable":true,"href":"https:\/\/imais.online\/portal\/wp-json\/wp\/v2\/comments?post=29735"}],"version-history":[{"count":1,"href":"https:\/\/imais.online\/portal\/wp-json\/wp\/v2\/posts\/29735\/revisions"}],"predecessor-version":[{"id":29737,"href":"https:\/\/imais.online\/portal\/wp-json\/wp\/v2\/posts\/29735\/revisions\/29737"}],"wp:featuredmedia":[{"embeddable":true,"href":"https:\/\/imais.online\/portal\/wp-json\/wp\/v2\/media\/29736"}],"wp:attachment":[{"href":"https:\/\/imais.online\/portal\/wp-json\/wp\/v2\/media?parent=29735"}],"wp:term":[{"taxonomy":"category","embeddable":true,"href":"https:\/\/imais.online\/portal\/wp-json\/wp\/v2\/categories?post=29735"},{"taxonomy":"post_tag","embeddable":true,"href":"https:\/\/imais.online\/portal\/wp-json\/wp\/v2\/tags?post=29735"}],"curies":[{"name":"wp","href":"https:\/\/api.w.org\/{rel}","templated":true}]}}