{"id":29744,"date":"2025-11-22T19:02:31","date_gmt":"2025-11-22T22:02:31","guid":{"rendered":"https:\/\/imais.online\/portal\/?p=29744"},"modified":"2025-11-22T19:02:32","modified_gmt":"2025-11-22T22:02:32","slug":"wicked-3-roteirista-revela-desejo-de-produzir-mais-uma-sequencia","status":"publish","type":"post","link":"https:\/\/imais.online\/portal\/wicked-3-roteirista-revela-desejo-de-produzir-mais-uma-sequencia\/","title":{"rendered":"\u2018Wicked 3\u2019: Roteirista revela desejo de produzir mais uma sequ\u00eancia"},"content":{"rendered":"<div class=\"imais-before-content-placement\" id=\"imais-574169751\"><script async src=\"\/\/pagead2.googlesyndication.com\/pagead\/js\/adsbygoogle.js?client=ca-pub-8787528412751566\" crossorigin=\"anonymous\"><\/script><ins class=\"adsbygoogle\" style=\"display:block;\" data-ad-client=\"ca-pub-8787528412751566\" \ndata-ad-slot=\"\" \ndata-ad-format=\"auto\"><\/ins>\n<script> \n(adsbygoogle = window.adsbygoogle || []).push({}); \n<\/script>\n<\/div>\n<p><strong>\u2018<a href=\"https:\/\/cinepop.com.br\/tag\/wicked\/\">Wicked<\/a>: Parte 2\u2019<\/strong>\u00a0segue fazendo sucesso nas telonas, o que levanta entre os f\u00e3s a d\u00favida: ser\u00e1 que podemos ter um \u2018<strong><a href=\"https:\/\/cinepop.com.br\/tag\/wicked\/\">Wicked<\/a>\u00a03\u2032<\/strong>? Vale lembrar que o segundo filme conclui a adapta\u00e7\u00e3o do cl\u00e1ssico musical da\u00a0<a href=\"https:\/\/cinepop.com.br\/tag\/broadway\/\">Broadway<\/a>.<\/p>\n\n\n\n<p><strong>Dana Fox<\/strong>, roteirista de&nbsp;<strong>\u2018<a href=\"https:\/\/cinepop.com.br\/tag\/wicked\/\">Wicked<\/a>: Parte 2\u2019,<\/strong>&nbsp;abordou a possibilidade de uma sequ\u00eancia durante uma entrevista ao&nbsp;<a href=\"https:\/\/deadline.com\/2025\/11\/wicked-for-good-ending-explained-screenwriter-interview-1236625871\/\">Deadline<\/a>, expressando seu carinho pelos personagens e a vontade de retornar ao universo de Oz.<\/p>\n\n\n\n<p><strong>Fox<\/strong>\u00a0revelou que a cena final de<strong>\u00a0\u2018<a href=\"https:\/\/cinepop.com.br\/tag\/wicked\/\">Wicked<\/a>: Parte 2\u2019<\/strong>\u00a0j\u00e1 insinua uma poss\u00edvel continua\u00e7\u00e3o, ati\u00e7ando a curiosidade sobre o destino das protagonistas:<\/p>\n\n\n\n<p><em>\u201cEu ficaria honrada se algu\u00e9m me convidasse para fazer parte de\u00a0<a href=\"https:\/\/cinepop.com.br\/tag\/wicked\/\">Wicked<\/a>\u00a03. E acho que esses personagens s\u00e3o t\u00e3o queridos que ver o que eles estariam fazendo\u2026 Para mim, o momento em que Elphaba diz, em off: \u2018Eu sei que ela nunca pode saber que estamos vivas\u2019\u2026 Eu pensei: algu\u00e9m est\u00e1 pedindo para descobrir que elas est\u00e3o vivas em algum momento. Isso soa como um \u2018ol\u00e1\u2019. Isso \u00e9 picante para mim. Eu amo a ideia de poder reencontr\u00e1-las algum dia\u201d<\/em>, afirmou.<\/p>\n\n\n\n<p>A roteirista tamb\u00e9m mencionou outras possibilidades, incluindo um prel\u00fadio, e ponderou sobre o equil\u00edbrio entre expandir a hist\u00f3ria e preservar a obra original:<\/p>\n\n\n\n<p><em>\u201cMinha filha quer um prel\u00fadio, ent\u00e3o eu fa\u00e7o o que meus filhos pedem. Eu fico tipo \u2018claro, um prel\u00fadio parece \u00f3timo\u2019, mas, honestamente, seria uma honra estar envolvida em qualquer coisa, se acontecer\u201d<\/em>, destacou.<\/p>\n\n\n\n<p><em>\u201cMas \u00e0s vezes acho que as melhores coisas da vida s\u00e3o aquelas que precisamos cuidar como tesouros delicados. E isso, \u00e0s vezes, significa n\u00e3o mexer no que j\u00e1 \u00e9 muito, muito bom\u201d<\/em>, concluiu.<\/p>\n\n\n\n<p>Embora<strong>\u00a0\u2018<a href=\"https:\/\/cinepop.com.br\/tag\/wicked\/\">Wicked<\/a>\u00a03\u2019<\/strong>\u00a0n\u00e3o esteja confirmado, relat\u00f3rios anteriores j\u00e1 indicavam que a\u00a0<a href=\"https:\/\/cinepop.com.br\/tag\/universal-pictures\/\">Universal Pictures<\/a>\u00a0est\u00e1 ativamente estudando m\u00faltiplas ideias de prequels, sequ\u00eancias e spin-offs para o universo.<\/p>\n\n\n\n<p>Vale lembrar que \u2018<strong><a href=\"https:\/\/cinepop.com.br\/tag\/wicked\/\">Wicked<\/a>: Parte 2<\/strong>\u2018 alcan\u00e7ou\u00a0<strong>72% de aprova\u00e7\u00e3o dos cr\u00edticos no Rotten Tomatoes<\/strong>. De modo geral, os especialistas elogiaram os visuais do filme, chamando-o de\u00a0<em>\u201cespl\u00eandido\u201d.<\/em>\u00a0Apesar de considerarem a segunda parte t\u00e3o boa quanto o primeiro e uma adapta\u00e7\u00e3o incr\u00edvel, muitos ainda a veem como um pouco inferior ao longa original.<\/p>\n\n\n\n<p><em>\u201cOs efeitos visuais s\u00e3o de primeira linha. Assim como toda essa espl\u00eandida e cinematogr\u00e1fica adapta\u00e7\u00e3o musical que, se voc\u00ea somar os tempos de dura\u00e7\u00e3o dos dois filmes, fica apenas dois minutos abaixo de cinco(!) horas. Para ser honesto, eu queria mais\u201d<\/em>, afirmou&nbsp;<strong>Pete Hammond<\/strong>&nbsp;do&nbsp;<a href=\"https:\/\/deadline.com\/2025\/11\/wicked-for-good-review-1236620980\/\">Deadline<\/a>.<\/p>\n\n\n\n<p><em>\u201cO filme corrige uma queixa comum do espet\u00e1culo, dando \u00e0 dupla mais cenas (e m\u00fasicas) juntas nesse trecho final, que agora soa como uma hist\u00f3ria robusta por si s\u00f3\u201d<\/em>, disse<strong>&nbsp;Peter Debruge<\/strong>&nbsp;do&nbsp;<a href=\"https:\/\/variety.com\/2025\/film\/reviews\/wicked-for-good-review-1236581742\/\">Variety<\/a>.<\/p>\n\n\n\n<p><em>\u201cAriana Grande a preenche com tanta emo\u00e7\u00e3o que humaniza e enriquece a personagem e, por extens\u00e3o, o filme inteiro\u201d<\/em>, disse<strong>&nbsp;David Rooney<\/strong>&nbsp;do&nbsp;<a href=\"https:\/\/www.hollywoodreporter.com\/movies\/movie-reviews\/wicked-for-good-review-cynthia-erivo-ariana-grande-musical-1236426337\/\">The Hollywood Reporter.<\/a><\/p>\n\n\n\n<p><em>\u201cSe voc\u00ea gostou do que&nbsp;<a href=\"https:\/\/cinepop.com.br\/tag\/wicked\/\">Wicked<\/a>&nbsp;fez com o material,&nbsp;<a href=\"https:\/\/cinepop.com.br\/tag\/wicked\/\">Wicked<\/a>: Parte 2 \u00e9 exatamente o que voc\u00ea estava esperando. Toda a empolga\u00e7\u00e3o que ficou ali, no fundo da sua mente, volta com tudo no momento em que o primeiro n\u00famero musical come\u00e7a\u201d<\/em>, disse&nbsp;<strong>Alex Harrison<\/strong>&nbsp;do&nbsp;<a href=\"https:\/\/screenrant.com\/wicked-2-for-good-movie-review\/\">Screen Rant<\/a>.<\/p>\n\n\n\n<p><em>\u201cAs coisas que n\u00e3o funcionaram da primeira vez, bem, elas ainda n\u00e3o funcionam. As coisas que deram certo em&nbsp;<a href=\"https:\/\/cinepop.com.br\/tag\/wicked\/\">Wicked<\/a>? Elas ainda d\u00e3o, s\u00f3 que um tantinho melhor\u201d<\/em>, disse&nbsp;<strong>Kate Erbland<\/strong>&nbsp;do&nbsp;<a href=\"https:\/\/www.indiewire.com\/criticism\/movies\/wicked-for-good-review-part-2-1235160567\/\">IndieWire<\/a>.<\/p>\n\n\n\n<p><em>\u201c<a href=\"https:\/\/cinepop.com.br\/tag\/wicked\/\">Wicked<\/a>: Parte 2 n\u00e3o \u00e9 apenas uma adapta\u00e7\u00e3o fiel, mas tamb\u00e9m desenvolve o que funcionou no primeiro filme enquanto se apoia nas atua\u00e7\u00f5es principais. Os personagens s\u00e3o mais maduros e complexos, tornando-o um sucessor digno do primeiro filme\u201d<\/em>, disse&nbsp;<strong>Therese Lacson<\/strong>&nbsp;do&nbsp;<a href=\"https:\/\/collider.com\/wicked-for-good-review-ariana-grande-cynthia-erivo\/\">Collider<\/a>.<\/p>\n\n\n\n<p><em>\u201cUma Parte Dois bem mais sombria e emocional, que culmina em uma conclus\u00e3o incrivelmente cat\u00e1rtica, embora n\u00e3o seja t\u00e3o cativante quanto sua predecessora\u201d<\/em>, disse&nbsp;<strong>Molly Edwards<\/strong>&nbsp;do&nbsp;<a href=\"https:\/\/www.gamesradar.com\/entertainment\/musicals\/wicked-for-good-review\/\">GamesRadar+<\/a>.<\/p>\n\n\n\n<p><em>\u201cAinda assim, a sensa\u00e7\u00e3o de uma obra que, na tradu\u00e7\u00e3o de um meio para outro, deixa de desafiar a gravidade e meio que despenca de modo brusco de volta \u00e0 terra firme n\u00e3o \u00e9 algo f\u00e1cil de dissipar\u201d<\/em>, disse&nbsp;<strong>David Fear<\/strong>&nbsp;do&nbsp;<a href=\"https:\/\/www.rollingstone.com\/tv-movies\/tv-movie-reviews\/wicked-for-good-review-ariana-grande-cynthia-erivo-1235464329\/\">Rolling Stone<\/a>.<\/p>\n\n\n\n<p>A continua\u00e7\u00e3o chega aos cinemas tamb\u00e9m na vers\u00e3o dublada, com as vozes das atrizes&nbsp;<strong>Myra Ruiz<\/strong>&nbsp;(Elphaba) e&nbsp;<strong>Fabi Bang<\/strong>&nbsp;(Glinda).<\/p>\n\n\n\n<p>O longa \u00e9 dirigido pelo premiado cineasta&nbsp;<strong><a href=\"https:\/\/cinepop.com.br\/tag\/jon-m-chu\/\">Jon M. Chu<\/a><\/strong>&nbsp;e conta ainda com a participa\u00e7\u00e3o da vencedora do Oscar&nbsp;<strong><a href=\"https:\/\/cinepop.com.br\/tag\/michelle-yeoh\/\">Michelle Yeoh<\/a><\/strong>,&nbsp;<strong><a href=\"https:\/\/cinepop.com.br\/tag\/jonathan-bailey\/\">Jonathan Bailey<\/a>&nbsp;<\/strong>e<strong>&nbsp;<a href=\"https:\/\/cinepop.com.br\/tag\/jeff-goldblum\/\">Jeff Goldblum<\/a><\/strong>, entre outros no elenco.<\/p>\n\n\n\n<figure class=\"wp-block-image\"><img decoding=\"async\" src=\"https:\/\/cinepop.com.br\/wp-content\/uploads\/2025\/06\/wicked-2-poster.jpg\" alt=\"\"\/><\/figure>\n\n\n\n<p>Fonte CinePop<\/p>\n","protected":false},"excerpt":{"rendered":"<p>\u2018Wicked: Parte 2\u2019\u00a0segue fazendo sucesso nas telonas, o que levanta entre os f\u00e3s a d\u00favida: ser\u00e1 que podemos ter um \u2018Wicked\u00a03\u2032? Vale lembrar que o segundo filme conclui a adapta\u00e7\u00e3o do cl\u00e1ssico musical da\u00a0Broadway. Dana Fox, roteirista de&nbsp;\u2018Wicked: Parte 2\u2019,&nbsp;abordou a possibilidade de uma sequ\u00eancia durante uma entrevista ao&nbsp;Deadline, expressando seu carinho pelos personagens e [&hellip;]<\/p>\n","protected":false},"author":8,"featured_media":29745,"comment_status":"closed","ping_status":"open","sticky":false,"template":"","format":"standard","meta":{"rop_custom_images_group":[],"rop_custom_messages_group":[],"rop_publish_now":"initial","rop_publish_now_accounts":[],"rop_publish_now_history":[],"rop_publish_now_status":"pending","footnotes":""},"categories":[16],"tags":[],"class_list":["post-29744","post","type-post","status-publish","format-standard","has-post-thumbnail","hentry","category-entertainment"],"amp_enabled":true,"_links":{"self":[{"href":"https:\/\/imais.online\/portal\/wp-json\/wp\/v2\/posts\/29744","targetHints":{"allow":["GET"]}}],"collection":[{"href":"https:\/\/imais.online\/portal\/wp-json\/wp\/v2\/posts"}],"about":[{"href":"https:\/\/imais.online\/portal\/wp-json\/wp\/v2\/types\/post"}],"author":[{"embeddable":true,"href":"https:\/\/imais.online\/portal\/wp-json\/wp\/v2\/users\/8"}],"replies":[{"embeddable":true,"href":"https:\/\/imais.online\/portal\/wp-json\/wp\/v2\/comments?post=29744"}],"version-history":[{"count":1,"href":"https:\/\/imais.online\/portal\/wp-json\/wp\/v2\/posts\/29744\/revisions"}],"predecessor-version":[{"id":29746,"href":"https:\/\/imais.online\/portal\/wp-json\/wp\/v2\/posts\/29744\/revisions\/29746"}],"wp:featuredmedia":[{"embeddable":true,"href":"https:\/\/imais.online\/portal\/wp-json\/wp\/v2\/media\/29745"}],"wp:attachment":[{"href":"https:\/\/imais.online\/portal\/wp-json\/wp\/v2\/media?parent=29744"}],"wp:term":[{"taxonomy":"category","embeddable":true,"href":"https:\/\/imais.online\/portal\/wp-json\/wp\/v2\/categories?post=29744"},{"taxonomy":"post_tag","embeddable":true,"href":"https:\/\/imais.online\/portal\/wp-json\/wp\/v2\/tags?post=29744"}],"curies":[{"name":"wp","href":"https:\/\/api.w.org\/{rel}","templated":true}]}}