{"id":29754,"date":"2025-11-23T14:24:22","date_gmt":"2025-11-23T17:24:22","guid":{"rendered":"https:\/\/imais.online\/portal\/?p=29754"},"modified":"2025-11-23T14:24:22","modified_gmt":"2025-11-23T17:24:22","slug":"sp-pode-ter-chuva-intensa-de-ate-100-milimetros-e-ventos-de-50-a-100-km-h","status":"publish","type":"post","link":"https:\/\/imais.online\/portal\/sp-pode-ter-chuva-intensa-de-ate-100-milimetros-e-ventos-de-50-a-100-km-h\/","title":{"rendered":"SP pode ter chuva intensa de at\u00e9 100 mil\u00edmetros e ventos de 50 a 100 km\/h"},"content":{"rendered":"<div class=\"imais-before-content-placement\" id=\"imais-2618876445\"><script async src=\"\/\/pagead2.googlesyndication.com\/pagead\/js\/adsbygoogle.js?client=ca-pub-8787528412751566\" crossorigin=\"anonymous\"><\/script><ins class=\"adsbygoogle\" style=\"display:block;\" data-ad-client=\"ca-pub-8787528412751566\" \ndata-ad-slot=\"\" \ndata-ad-format=\"auto\"><\/ins>\n<script> \n(adsbygoogle = window.adsbygoogle || []).push({}); \n<\/script>\n<\/div>\n<h2 class=\"wp-block-heading\">Inmet e Defesa Civil alertam para tempestades entre hoje e a pr\u00f3xima ter\u00e7a-feira (25) no estado<\/h2>\n\n\n\n<p>A Defesa Civil do Estado de S\u00e3o Paulo informou que, entre hoje (23) e ter\u00e7a-feira (25), a passagem lenta de um sistema meteorol\u00f3gico pela costa do Sudeste deve provocar chuvas fortes, raios, rajadas de vento e possibilidade de granizo em diversas regi\u00f5es do estado.<\/p>\n\n\n\n<p>Os volumes de chuva previstos variam de acordo com a regi\u00e3o. As regi\u00f5es do Vale do Para\u00edba, Vale do Ribeira, Litoral Norte, Serra da Mantiqueira, Baixada Santista e a Regi\u00e3o Metropolitana da Capital t\u00eam previs\u00e3o de acumulados \u201cmuito altos\u201d, segundo a Defesa Civil.<\/p>\n\n\n\n<p>J\u00e1 Ribeir\u00e3o Preto, Franca, Barretos e Sorocaba devem registrar acumulados \u201caltos\u201d. Em Araraquara, Bauru, Presidente Prudente, Mar\u00edlia, Ara\u00e7atuba e S\u00e3o Jos\u00e9 do Rio Preto, a expectativa \u00e9 de acumulado \u201cm\u00e9dio\u201d.<\/p>\n\n\n\n<p>Segundo o Instituto Nacional de Meteorologia (Inmet), s\u00e3o esperadas chuvas de 50 a 100 mil\u00edmetros dia e ventos intensos que podem variar de 60 a 100 km\/h.<\/p>\n\n\n\n<p>Em comunicado, a Defesa Civil pediu aten\u00e7\u00e3o redobrada aos paulistas nos pr\u00f3ximos dias, devido ao risco de alagamentos, enchentes, enxurradas, deslizamentos e ocorr\u00eancias relacionadas a ventos fortes e descargas el\u00e9tricas.<\/p>\n\n\n\n<p>Na Grande S\u00e3o Paulo, o Centro de Gerenciamento de Emerg\u00eancias Clim\u00e1ticas (CGE) prev\u00ea que a passagem de uma frente fria pelo litoral deve mudar o tempo e derrubar as temperaturas, que devem oscilar de 17\u00b0C a 23\u00b0C. O \u00f3rg\u00e3o cita pancadas de chuva moderadas a fortes com trovoadas a partir do in\u00edcio desta tarde, al\u00e9m de risco de alagamentos e rajadas de vento. Tamb\u00e9m h\u00e1 previs\u00e3o de chuva significativa na Grande S\u00e3o Paulo para segunda-feira.<\/p>\n\n\n\n<h2 class=\"wp-block-heading\">Outros estados<\/h2>\n\n\n\n<p>Al\u00e9m de S\u00e3o Paulo, o alerta para tempestades vale para o norte de Santa Catarina, praticamente todo o Paran\u00e1, sul de Minas Gerais e quase todo o Rio de Janeiro, segundo o Inmet. Veja detalhes no mapa acima.<\/p>\n\n\n\n<p><em>(Com informa\u00e7\u00f5es do Estad\u00e3o Conte\u00fado)<\/em><\/p>\n","protected":false},"excerpt":{"rendered":"<p>Inmet e Defesa Civil alertam para tempestades entre hoje e a pr\u00f3xima ter\u00e7a-feira (25) no estado A Defesa Civil do Estado de S\u00e3o Paulo informou que, entre hoje (23) e ter\u00e7a-feira (25), a passagem lenta de um sistema meteorol\u00f3gico pela costa do Sudeste deve provocar chuvas fortes, raios, rajadas de vento e possibilidade de granizo [&hellip;]<\/p>\n","protected":false},"author":8,"featured_media":29755,"comment_status":"closed","ping_status":"open","sticky":false,"template":"","format":"standard","meta":{"rop_custom_images_group":[],"rop_custom_messages_group":[],"rop_publish_now":"initial","rop_publish_now_accounts":[],"rop_publish_now_history":[],"rop_publish_now_status":"pending","footnotes":""},"categories":[189],"tags":[73],"class_list":["post-29754","post","type-post","status-publish","format-standard","has-post-thumbnail","hentry","category-brasil","tag-featured"],"amp_enabled":true,"_links":{"self":[{"href":"https:\/\/imais.online\/portal\/wp-json\/wp\/v2\/posts\/29754","targetHints":{"allow":["GET"]}}],"collection":[{"href":"https:\/\/imais.online\/portal\/wp-json\/wp\/v2\/posts"}],"about":[{"href":"https:\/\/imais.online\/portal\/wp-json\/wp\/v2\/types\/post"}],"author":[{"embeddable":true,"href":"https:\/\/imais.online\/portal\/wp-json\/wp\/v2\/users\/8"}],"replies":[{"embeddable":true,"href":"https:\/\/imais.online\/portal\/wp-json\/wp\/v2\/comments?post=29754"}],"version-history":[{"count":1,"href":"https:\/\/imais.online\/portal\/wp-json\/wp\/v2\/posts\/29754\/revisions"}],"predecessor-version":[{"id":29756,"href":"https:\/\/imais.online\/portal\/wp-json\/wp\/v2\/posts\/29754\/revisions\/29756"}],"wp:featuredmedia":[{"embeddable":true,"href":"https:\/\/imais.online\/portal\/wp-json\/wp\/v2\/media\/29755"}],"wp:attachment":[{"href":"https:\/\/imais.online\/portal\/wp-json\/wp\/v2\/media?parent=29754"}],"wp:term":[{"taxonomy":"category","embeddable":true,"href":"https:\/\/imais.online\/portal\/wp-json\/wp\/v2\/categories?post=29754"},{"taxonomy":"post_tag","embeddable":true,"href":"https:\/\/imais.online\/portal\/wp-json\/wp\/v2\/tags?post=29754"}],"curies":[{"name":"wp","href":"https:\/\/api.w.org\/{rel}","templated":true}]}}