{"id":29757,"date":"2025-11-23T14:28:19","date_gmt":"2025-11-23T17:28:19","guid":{"rendered":"https:\/\/imais.online\/portal\/?p=29757"},"modified":"2025-11-23T14:28:19","modified_gmt":"2025-11-23T17:28:19","slug":"nasa-revela-novas-imagens-do-cometa-interestelar-3i-atlas-veja","status":"publish","type":"post","link":"https:\/\/imais.online\/portal\/nasa-revela-novas-imagens-do-cometa-interestelar-3i-atlas-veja\/","title":{"rendered":"NASA revela novas imagens do cometa interestelar 3I\/ATLAS; veja"},"content":{"rendered":"<div class=\"imais-before-content-placement\" id=\"imais-610019999\"><script async src=\"\/\/pagead2.googlesyndication.com\/pagead\/js\/adsbygoogle.js?client=ca-pub-8787528412751566\" crossorigin=\"anonymous\"><\/script><ins class=\"adsbygoogle\" style=\"display:block;\" data-ad-client=\"ca-pub-8787528412751566\" \ndata-ad-slot=\"\" \ndata-ad-format=\"auto\"><\/ins>\n<script> \n(adsbygoogle = window.adsbygoogle || []).push({}); \n<\/script>\n<\/div>\n<h2 class=\"wp-block-heading\">As novas observa\u00e7\u00f5es revelam detalhes in\u00e9ditos do raro visitante interestelar, que deve voltar a ficar vis\u00edvel para cientistas no in\u00edcio de dezembro e pode oferecer pistas sobre a forma\u00e7\u00e3o de sistemas planet\u00e1rios al\u00e9m do nosso.<\/h2>\n\n\n\n<p><strong>A<\/strong>NASA divulgou novas imagens do cometa interestelar 3I\/ATLAS, captado por diversas miss\u00f5es espaciais. Trata-se apenas do terceiro objeto vindo de fora do sistema solar j\u00e1 identificado cruzando a nossa vizinhan\u00e7a c\u00f3smica, o que torna o registro especialmente raro.<\/p>\n\n\n\n<p>As fotos foram obtidas por sondas e naves de diferentes frentes de pesquisa, como os sat\u00e9lites PUNCH, o Observat\u00f3rio Solar e Heliosf\u00e9rico SOHO, a miss\u00e3o MAVEN em Marte e at\u00e9 o rover Perseverance, que registrou o objeto a partir da superf\u00edcie marciana. Em muitos dos registros, o cometa aparece como um ponto luminoso, mas em alguns j\u00e1 \u00e9 poss\u00edvel ver uma cauda t\u00eanue.<\/p>\n\n\n\n<p>Segundo Amit Shethria, administrador associado da NASA, embora seja um cometa como tantos outros, sua origem interestelar o torna particularmente intrigante. Para Tom Statler, cientista-chefe de pequenos corpos do sistema solar, a dificuldade de observa\u00e7\u00e3o mostra a grandiosidade do feito. Ele lembrou que at\u00e9 as sondas mais pr\u00f3ximas ainda est\u00e3o a dezenas de milh\u00f5es de quil\u00f4metros do objeto.<\/p>\n\n\n\n<p>Os astr\u00f4nomos identificaram o 3I\/ATLAS pela primeira vez por meio do telesc\u00f3pio ATLAS, no Chile. As estimativas atuais apontam que ele tenha cerca de 20 quil\u00f4metros de largura e viaje a aproximadamente 60 quil\u00f4metros por segundo em rela\u00e7\u00e3o ao Sol.<\/p>\n\n\n\n<p>O cometa \u00e9 o terceiro visitante interestelar j\u00e1 registrado, depois de 1I\/Oumuamua, em 2017, e 2I\/Borisov, em 2019. Segundo a Ag\u00eancia Espacial Europeia, n\u00e3o h\u00e1 qualquer risco para a Terra: o ponto m\u00e1ximo de aproxima\u00e7\u00e3o ser\u00e1 de cerca de 240 milh\u00f5es de quil\u00f4metros, mais de uma vez e meia a dist\u00e2ncia entre o planeta e o Sol.<\/p>\n\n\n\n<p>A expectativa \u00e9 de que o 3I\/ATLAS reapare\u00e7a no in\u00edcio de dezembro, quando deixar\u00e1 de estar escondido atr\u00e1s do Sol e oferecer\u00e1 aos astr\u00f4nomos uma nova janela de observa\u00e7\u00e3o. Por ser um cometa ativo, ele pode sublimar conforme se aproxima do calor solar, liberando gases e poeira que formam uma coma brilhante e uma cauda mais evidente.<\/p>\n\n\n\n<p>Diferentemente dos corpos que se formaram junto com o nosso sistema solar, objetos interestelares como o 3I\/ATLAS s\u00e3o fragmentos remanescentes de outros sistemas planet\u00e1rios. Eles carregam pistas sobre a forma\u00e7\u00e3o de mundos muito al\u00e9m da Terra e ajudam a compreender como diferentes regi\u00f5es da gal\u00e1xia evoluem.<\/p>\n\n\n\n<p>Fonte Noticias ao Minuto <\/p>\n","protected":false},"excerpt":{"rendered":"<p>As novas observa\u00e7\u00f5es revelam detalhes in\u00e9ditos do raro visitante interestelar, que deve voltar a ficar vis\u00edvel para cientistas no in\u00edcio de dezembro e pode oferecer pistas sobre a forma\u00e7\u00e3o de sistemas planet\u00e1rios al\u00e9m do nosso. ANASA divulgou novas imagens do cometa interestelar 3I\/ATLAS, captado por diversas miss\u00f5es espaciais. Trata-se apenas do terceiro objeto vindo de [&hellip;]<\/p>\n","protected":false},"author":8,"featured_media":29758,"comment_status":"closed","ping_status":"open","sticky":false,"template":"","format":"standard","meta":{"rop_custom_images_group":[],"rop_custom_messages_group":[],"rop_publish_now":"initial","rop_publish_now_accounts":[],"rop_publish_now_history":[],"rop_publish_now_status":"pending","footnotes":""},"categories":[212],"tags":[],"class_list":["post-29757","post","type-post","status-publish","format-standard","has-post-thumbnail","hentry","category-internacional"],"amp_enabled":true,"_links":{"self":[{"href":"https:\/\/imais.online\/portal\/wp-json\/wp\/v2\/posts\/29757","targetHints":{"allow":["GET"]}}],"collection":[{"href":"https:\/\/imais.online\/portal\/wp-json\/wp\/v2\/posts"}],"about":[{"href":"https:\/\/imais.online\/portal\/wp-json\/wp\/v2\/types\/post"}],"author":[{"embeddable":true,"href":"https:\/\/imais.online\/portal\/wp-json\/wp\/v2\/users\/8"}],"replies":[{"embeddable":true,"href":"https:\/\/imais.online\/portal\/wp-json\/wp\/v2\/comments?post=29757"}],"version-history":[{"count":1,"href":"https:\/\/imais.online\/portal\/wp-json\/wp\/v2\/posts\/29757\/revisions"}],"predecessor-version":[{"id":29759,"href":"https:\/\/imais.online\/portal\/wp-json\/wp\/v2\/posts\/29757\/revisions\/29759"}],"wp:featuredmedia":[{"embeddable":true,"href":"https:\/\/imais.online\/portal\/wp-json\/wp\/v2\/media\/29758"}],"wp:attachment":[{"href":"https:\/\/imais.online\/portal\/wp-json\/wp\/v2\/media?parent=29757"}],"wp:term":[{"taxonomy":"category","embeddable":true,"href":"https:\/\/imais.online\/portal\/wp-json\/wp\/v2\/categories?post=29757"},{"taxonomy":"post_tag","embeddable":true,"href":"https:\/\/imais.online\/portal\/wp-json\/wp\/v2\/tags?post=29757"}],"curies":[{"name":"wp","href":"https:\/\/api.w.org\/{rel}","templated":true}]}}