{"id":29870,"date":"2025-12-03T16:13:07","date_gmt":"2025-12-03T19:13:07","guid":{"rendered":"https:\/\/imais.online\/portal\/?p=29870"},"modified":"2025-12-03T16:13:07","modified_gmt":"2025-12-03T19:13:07","slug":"corais-emocionam-o-publico-no-natal-do-presente-do-shopping-parque-das-bandeiras","status":"publish","type":"post","link":"https:\/\/imais.online\/portal\/corais-emocionam-o-publico-no-natal-do-presente-do-shopping-parque-das-bandeiras\/","title":{"rendered":"Corais emocionam o p\u00fablico no &#8220;Natal do Presente&#8221; do Shopping Parque das Bandeiras"},"content":{"rendered":"<div class=\"imais-before-content-placement\" id=\"imais-2070080493\"><script async src=\"\/\/pagead2.googlesyndication.com\/pagead\/js\/adsbygoogle.js?client=ca-pub-8787528412751566\" crossorigin=\"anonymous\"><\/script><ins class=\"adsbygoogle\" style=\"display:block;\" data-ad-client=\"ca-pub-8787528412751566\" \ndata-ad-slot=\"\" \ndata-ad-format=\"auto\"><\/ins>\n<script> \n(adsbygoogle = window.adsbygoogle || []).push({}); \n<\/script>\n<\/div>\n<p class=\"has-text-align-center\"><em>Programa\u00e7\u00e3o musical traz apresenta\u00e7\u00f5es gratuitas que celebram a presen\u00e7a e o afeto na decora\u00e7\u00e3o mais interativa de Campinas<\/em><\/p>\n\n\n\n<p>O <strong>Shopping Parque das Bandeiras<\/strong>, d\u00e1 continuidade \u00e0 celebra\u00e7\u00e3o do encantador \u201cNatal do Presente\u201d, que prop\u00f5e uma pausa na correria do dia a dia e convida o p\u00fablico a viver o agora com mais afeto, conex\u00e3o e presen\u00e7a. Como parte da programa\u00e7\u00e3o especial de fim de ano, o empreendimento promove duas apresenta\u00e7\u00f5es gratuitas de corais infantis, que prometem emocionar os visitantes com can\u00e7\u00f5es natalinas repletas de ternura e significado.<\/p>\n\n\n\n<p>O primeiro coral a se apresentar ser\u00e1 do Col\u00e9gio Jo\u00e3o &amp; Marcella, no dia 4 de dezembro, \u00e0s 19h, no Palco Bandeiras, na pra\u00e7a de alimenta\u00e7\u00e3o. J\u00e1 no dia 11 de dezembro, tamb\u00e9m \u00e0s 19h, \u00e9 a vez do Coral de Natal do Col\u00e9gio Elienai encantar o p\u00fablico. As apresenta\u00e7\u00f5es integram o calend\u00e1rio de a\u00e7\u00f5es que refor\u00e7am o esp\u00edrito de comunidade e a import\u00e2ncia de estar presente, f\u00edsica e emocionalmente, com quem se ama.<\/p>\n\n\n\n<p>Neste ano, o Shopping Parque das Bandeiras apresenta uma decora\u00e7\u00e3o in\u00e9dita e interativa, marcada pela grandiosa \u00e1rvore de Natal de 13 metros de altura com base espelhada, que permite ao visitante se ver refletido e refor\u00e7a o conceito de que cada pessoa \u00e9 o maior presente desta data. A cenografia tamb\u00e9m conta com atividades inclusivas e divertidas para todas as idades, como um painel montessoriano voltado ao p\u00fablico TEA, escorregadores em formato de botas natalinas, cama de gato, brinqued\u00e3o com escorregador, al\u00e9m de jogos interativos em dupla. O espa\u00e7o ainda traz \u00e1reas instagram\u00e1veis que convidam os visitantes a registrar e, sobretudo, viver o momento com emo\u00e7\u00e3o.<\/p>\n\n\n\n<p>\u201cAs apresenta\u00e7\u00f5es dos corais s\u00e3o um dos pontos altos do nosso Natal, pois unem emo\u00e7\u00e3o, m\u00fasica e o esp\u00edrito de comunidade que queremos incentivar. Neste ano, a decora\u00e7\u00e3o foi pensada para proporcionar uma experi\u00eancia de presen\u00e7a genu\u00edna. E nada representa mais isso do que a voz de crian\u00e7as celebrando essa \u00e9poca t\u00e3o especial\u201d, afirma Rodrigo Cenatti, gerente de marketing do Shopping Parque das Bandeiras.<\/p>\n\n\n\n<p>Com uma programa\u00e7\u00e3o gratuita, acess\u00edvel e pensada para toda a fam\u00edlia, o \u201cNatal do Presente\u201d refor\u00e7a o compromisso do Shopping Parque das Bandeiras em oferecer experi\u00eancias afetivas, que tocam o cora\u00e7\u00e3o e valorizam o que realmente importa: estar junto, de corpo e alma.<\/p>\n\n\n\n<p><strong>Um Natal mais solid\u00e1rio come\u00e7a com um gesto simples<\/strong><\/p>\n\n\n\n<p>Al\u00e9m de promover um Natal mais inclusivo, o Shopping Parque das Bandeiras tamb\u00e9m refor\u00e7a a import\u00e2ncia da solidariedade nesta \u00e9poca do ano, ao aderir \u00e0 campanha nacional Natal Sem Fome, da ONG A\u00e7\u00e3o da Cidadania.<\/p>\n\n\n\n<p>O empreendimento \u00e9 um dos pontos de arrecada\u00e7\u00e3o da iniciativa em Campinas e convida o p\u00fablico a doar alimentos n\u00e3o perec\u00edveis em uma caixa especial localizada no Piso L2, pr\u00f3xima \u00e0 decora\u00e7\u00e3o natalina. Todos os itens arrecadados ser\u00e3o destinados a fam\u00edlias em situa\u00e7\u00e3o de vulnerabilidade social.<\/p>\n\n\n\n<p>\u201cO esp\u00edrito do Natal vai al\u00e9m da decora\u00e7\u00e3o ou das celebra\u00e7\u00f5es. \u00c9 sobre estender a m\u00e3o, olhar para o outro, incluir, acolher e doar. Com a campanha Natal Sem Fome, refor\u00e7amos esse chamado \u00e0 solidariedade, que tamb\u00e9m \u00e9 parte da nossa miss\u00e3o como shopping. Acreditamos que um centro de compras tamb\u00e9m tem um papel social importante, e estamos muito felizes em ser um ponto de apoio para o Natal Sem Fome em Campinas\u201d, ressalta Rodrigo Cenatti.<\/p>\n\n\n\n<p><strong>Sobre o Shopping Parque das Bandeiras&nbsp;&nbsp;<\/strong><\/p>\n\n\n\n<p>O Shopping Parque das Bandeiras oferece uma experi\u00eancia \u00fanica aos seus clientes com o seu espa\u00e7o aconchegante e charmoso. Com mais de 200 op\u00e7\u00f5es de lojas e 30 de alimenta\u00e7\u00e3o, o Bandeiras re\u00fane o melhor do entretenimento e lazer, al\u00e9m de 06 salas de cinema com uma das maiores telas da cidade, que exibem a cada semana os melhores filmes em cartaz.&nbsp;&nbsp;<\/p>\n\n\n\n<p>Com 42 mil m\u00b2 de espa\u00e7os para lojas, distribu\u00eddos em um terreno de mais de 340 mil m\u00b2, e localizado em um ponto estrat\u00e9gico da cidade de Campinas, ele movimenta a regi\u00e3o por meio dos seus servi\u00e7os atrativos e variedades de eventos gratuitos. Em 2021, o empreendimento inaugurou o Quintal do Ban, \u00e1rea ao ar livre com gastronomia local, entretenimento, murais instagram\u00e1veis, Pet Park e Play Kids. Tudo para receber toda a fam\u00edlia com uma experi\u00eancia inesquec\u00edvel.&nbsp;&nbsp;<\/p>\n\n\n\n<p><strong>Sobre a Ancar Ivanhoe&nbsp;&nbsp;<\/strong><\/p>\n\n\n\n<p>A Ancar Ivanhoe, com 52 anos de atua\u00e7\u00e3o no mercado, \u00e9 uma das cinco maiores empresas de shopping center do pa\u00eds. Pioneira no setor, come\u00e7ou sua trajet\u00f3ria na d\u00e9cada de 70, quando ingressou na ind\u00fastria como uma das respons\u00e1veis pelo desenvolvimento do segundo shopping constru\u00eddo no Brasil: o Conjunto Nacional Bras\u00edlia. Em 2006, associou-se \u00e0 canadense Ivanhoe Cambridge, l\u00edder global de servi\u00e7os imobili\u00e1rios, e continua em constante expans\u00e3o. Ap\u00f3s 10 anos dessa parceria de sucesso, a Ancar Ivanhoe tornou-se uma das cinco maiores empreendedoras e administradoras de shopping center do Brasil, presente nas cinco regi\u00f5es do pa\u00eds, com 22 empreendimentos em seu portf\u00f3lio, entre shoppings em opera\u00e7\u00e3o e em desenvolvimento.&nbsp; Para mais informa\u00e7\u00f5es, acesse <a href=\"http:\/\/www.ancarivanhoe.com.br\">www.ancarivanhoe.com.br<\/a>.&nbsp;&nbsp;<\/p>\n","protected":false},"excerpt":{"rendered":"<p>Programa\u00e7\u00e3o musical traz apresenta\u00e7\u00f5es gratuitas que celebram a presen\u00e7a e o afeto na decora\u00e7\u00e3o mais interativa de Campinas O Shopping Parque das Bandeiras, d\u00e1 continuidade \u00e0 celebra\u00e7\u00e3o do encantador \u201cNatal do Presente\u201d, que prop\u00f5e uma pausa na correria do dia a dia e convida o p\u00fablico a viver o agora com mais afeto, conex\u00e3o e [&hellip;]<\/p>\n","protected":false},"author":7,"featured_media":29871,"comment_status":"closed","ping_status":"open","sticky":false,"template":"","format":"standard","meta":{"rop_custom_images_group":[],"rop_custom_messages_group":[],"rop_publish_now":"initial","rop_publish_now_accounts":[],"rop_publish_now_history":[],"rop_publish_now_status":"pending","footnotes":""},"categories":[272],"tags":[],"class_list":["post-29870","post","type-post","status-publish","format-standard","has-post-thumbnail","hentry","category-campinas"],"amp_enabled":true,"_links":{"self":[{"href":"https:\/\/imais.online\/portal\/wp-json\/wp\/v2\/posts\/29870","targetHints":{"allow":["GET"]}}],"collection":[{"href":"https:\/\/imais.online\/portal\/wp-json\/wp\/v2\/posts"}],"about":[{"href":"https:\/\/imais.online\/portal\/wp-json\/wp\/v2\/types\/post"}],"author":[{"embeddable":true,"href":"https:\/\/imais.online\/portal\/wp-json\/wp\/v2\/users\/7"}],"replies":[{"embeddable":true,"href":"https:\/\/imais.online\/portal\/wp-json\/wp\/v2\/comments?post=29870"}],"version-history":[{"count":1,"href":"https:\/\/imais.online\/portal\/wp-json\/wp\/v2\/posts\/29870\/revisions"}],"predecessor-version":[{"id":29872,"href":"https:\/\/imais.online\/portal\/wp-json\/wp\/v2\/posts\/29870\/revisions\/29872"}],"wp:featuredmedia":[{"embeddable":true,"href":"https:\/\/imais.online\/portal\/wp-json\/wp\/v2\/media\/29871"}],"wp:attachment":[{"href":"https:\/\/imais.online\/portal\/wp-json\/wp\/v2\/media?parent=29870"}],"wp:term":[{"taxonomy":"category","embeddable":true,"href":"https:\/\/imais.online\/portal\/wp-json\/wp\/v2\/categories?post=29870"},{"taxonomy":"post_tag","embeddable":true,"href":"https:\/\/imais.online\/portal\/wp-json\/wp\/v2\/tags?post=29870"}],"curies":[{"name":"wp","href":"https:\/\/api.w.org\/{rel}","templated":true}]}}